{"id":3978,"date":"2015-11-26T10:22:32","date_gmt":"2015-11-26T08:22:32","guid":{"rendered":"http:\/\/www.skimo.at\/sportler\/?p=3978"},"modified":"2021-01-05T22:56:59","modified_gmt":"2021-01-05T20:56:59","slug":"letzter-feinschliff-fuer-die-saison-trainingslager-kitzsteinhorn","status":"publish","type":"post","link":"https:\/\/www.skimo.at\/sportler\/3978\/letzter-feinschliff-fuer-die-saison-trainingslager-kitzsteinhorn\/","title":{"rendered":"Letzter Feinschliff f\u00fcr die Saison: Trainingslager Kitzsteinhorn"},"content":{"rendered":"<p>Die Elite der heimischen Skibergsteiger ist bestens unterwegs in der Saisonvorbereitung und stellt hohe Erwartungen an sich selbst.<\/p>\n<p><!--more--><\/p>\n<h2><strong>Top motiviert in die neue Wettkampfsaison 2015\/16<\/strong><\/h2>\n<p>F\u00fcr die Sportler gehen die Vorbereitungen langsam in die Endphase, denn ab Dezember startet die heurige Rennsaison wieder richtig durch.<\/p>\n<p>Der A-Kader der \u00d6SV Skibergsteiger mit Jakob Herrmann (Werfenweng), Martin Wei\u00dfkopf (Pr\u00e4graten) und Daniel Zugg (St. Gallenkirch) sowie der Jugendkader mit Ina Forchthammer (St. Johann\/Pg), Verena Streitberger (Maishofen) und Jakob Siedler (Alpbach) trainierten beim f\u00fcnft\u00e4tigen Trainingslager am Kitzsteinhorn mit bester Laune. Grundlagen- und Skitechniktrainings sind nun abgeschlossen,\u00a0ab sofort stehen f\u00fcr das \u00d6SV Nationalteam gezielte Trainingseinheiten, je nach Disziplin, am Plan.<\/p>\n<h2><strong>In dieser Saison ist viel m\u00f6glich<\/strong><\/h2>\n<figure id=\"attachment_720\" aria-describedby=\"caption-attachment-720\" style=\"width: 150px\" class=\"wp-caption alignleft\"><a href=\"http:\/\/www.skimo.at\/sportler\/files\/2013\/02\/Nationalmannschaft2013-_-Alexander-Lugger1-_-Bild-Karl-Posch-_-LR.jpg\"><img loading=\"lazy\" class=\"wp-image-720 size-thumbnail\" src=\"http:\/\/www.skimo.at\/sportler\/files\/2013\/02\/Nationalmannschaft2013-_-Alexander-Lugger1-_-Bild-Karl-Posch-_-LR-150x150.jpg\" alt=\"Trainer Alex Lugger treibt sein Team ordentlich an\" width=\"150\" height=\"150\" \/><\/a><figcaption id=\"caption-attachment-720\" class=\"wp-caption-text\">Trainer Alex Lugger treibt sein Team ordentlich an<\/figcaption><\/figure>\n<p>Das Betreuerteam rund um die Athleten zeigt sich \u00e4u\u00dferst zuversichtlich f\u00fcr die kommende Wintersaison. <strong>Alexander Lugger, <\/strong>Headcoach der 17-k\u00f6pfigen Nationalmannschaft, fasst die vergangenen Wochen und das Trainingslager zusammen:<\/p>\n<blockquote><p>\u201eNach den zahlreichen Trainingseinheiten bin ich sehr zufrieden mit den Leistungen der Athleten. Sie zeigen gro\u00dfe Fortschritte und sind enorm motiviert f\u00fcr die ersten Wettk\u00e4mpfe. Nach den erfolgreich absolvierten Grundlagenausdauertrainings folgen jetzt die schnellen Einheiten. Die Intensit\u00e4t der Trainings geht langsam zur\u00fcck, denn es gilt eine anstrengende Saison zu bestreiten.\u201c<\/p><\/blockquote>\n<figure id=\"attachment_4199\" aria-describedby=\"caption-attachment-4199\" style=\"width: 150px\" class=\"wp-caption alignright\"><a href=\"http:\/\/www.skimo.at\/sportler\/files\/2015\/11\/OESV-Nationalkader-2016-_-Matthias-Gumpenberger-1-_-Bild-Karl-Posch-Skimo-_-LR.jpg\" rel=\"attachment wp-att-4199\"><img loading=\"lazy\" class=\"wp-image-4199 size-thumbnail\" src=\"http:\/\/www.skimo.at\/sportler\/files\/2015\/11\/OESV-Nationalkader-2016-_-Matthias-Gumpenberger-1-_-Bild-Karl-Posch-Skimo-_-LR-150x150.jpg\" alt=\"\u00d6SV Skibergsteigen\" width=\"150\" height=\"150\" \/><\/a><figcaption id=\"caption-attachment-4199\" class=\"wp-caption-text\">Neu im Team: Matthias Gumpenberger als Kraft- und Koordinationstrainer<\/figcaption><\/figure>\n<p><em>\u00a0<\/em>Auch <strong>Matthias Gumpenberger<\/strong>, der seit heuer als Kraft- und Koordinationstrainer mit an Board ist, ist begeistert von der Motivation und dem Ehrgeiz der Athleten:<\/p>\n<blockquote><p><em>\u201e<\/em>Wir haben am Kitz viel trainiert. Vor allem die zus\u00e4tzlichen Krafttrainings auf \u00fcber 2.500 Metern Seeh\u00f6he sind eine perfekte Vorbereitung. Au\u00dferdem bin ich begeistert, dass die Sportler auch den Sommer so intensiv zum Vorbereiten genutzt haben. Dadurch k\u00f6nnen sie eine super Leistung im Grundlagentempo vorweisen und ich bin \u00fcberzeugt, dass in dieser Saison sehr viel m\u00f6glich sein wird! Mein Ziel ist es, dass wir den Abstand zu den anderen Nationen verringern!\u201c<\/p><\/blockquote>\n<h2><strong>Intensive Trainingseinheiten, auch im Sommer<\/strong><\/h2>\n<figure id=\"attachment_3990\" aria-describedby=\"caption-attachment-3990\" style=\"width: 150px\" class=\"wp-caption alignleft\"><a href=\"http:\/\/www.skimo.at\/sportler\/files\/2015\/11\/Kitzsteinhorn2015-_-Skimo-Verena-Streitberger-_-Bild-Alexander-Lugger-_-LR.jpg\"><img loading=\"lazy\" class=\"wp-image-3990 size-thumbnail\" src=\"http:\/\/www.skimo.at\/sportler\/files\/2015\/11\/Kitzsteinhorn2015-_-Skimo-Verena-Streitberger-_-Bild-Alexander-Lugger-_-LR-150x150.jpg\" alt=\"Verena Streitberger beim Techniktraining am Kitzsteinhorn\" width=\"150\" height=\"150\" \/><\/a><figcaption id=\"caption-attachment-3990\" class=\"wp-caption-text\">Verena Streitberger beim Techniktraining am Kitzsteinhorn<\/figcaption><\/figure>\n<p>Die Athleten sind mit dem aktuellen Trainingsverlauf ebenfalls sehr zufrieden:<\/p>\n<blockquote><p><em>\u201e<\/em>Wir hatten ein l\u00e4ssiges Wochenende mit unseren Trainern. Die Verh\u00e4ltnisse waren zwar ziemlich hart und eisig, aber das Pistenteam hat eine wahnsinnig gute Arbeit geleistet und jeden Tag super Pisten gezaubert. Und sogar der erhoffte Neuschnee ist noch gekommen!\u201c, freut sich Nachwuchsathletin<strong> Verena Streitberger <\/strong>(Maishofen), die sich bereits im letzten Jahr einen Weltcupsieg und eine WM-Bronzene sichern konnte.<\/p><\/blockquote>\n<p><strong>Jakob Herrmann<\/strong> (Werfenweng) arbeitet seit heuer mit einer Trainerin aus dem Olympiazentrum in Rif (Salzburg) zusammen und erwartet sich einen deutlichen Fortschritt:<\/p>\n<blockquote><p>\u201eIch habe heuer mehr Tage am Schnee verbracht und hoffe mit einem Vorsprung gegen\u00fcber den anderen Athleten in die Saison zu starten. Mein Ziel sind Platzierungen im Spitzenfeld bei den \u00d6sterreichischen Meisterschaften und das ein oder andere gute Weltcup Ergebnis.\u201c<\/p><\/blockquote>\n<figure id=\"attachment_3984\" aria-describedby=\"caption-attachment-3984\" style=\"width: 150px\" class=\"wp-caption alignright\"><a href=\"http:\/\/www.skimo.at\/sportler\/files\/2015\/11\/Kitzsteinhorn2015-_-Skimo-Bild-16-_-Bild-Alexander-Lugger-_-LR.jpg\"><img loading=\"lazy\" class=\"wp-image-3984 size-thumbnail\" src=\"http:\/\/www.skimo.at\/sportler\/files\/2015\/11\/Kitzsteinhorn2015-_-Skimo-Bild-16-_-Bild-Alexander-Lugger-_-LR-150x150.jpg\" alt=\"Daniel Zugg startet bestens vorbereitet in die Saison\" width=\"150\" height=\"150\" \/><\/a><figcaption id=\"caption-attachment-3984\" class=\"wp-caption-text\">Daniel Zugg startet bestens vorbereitet in die Saison<\/figcaption><\/figure>\n<p>Parallel hat sich <strong>Daniel Zugg<\/strong> (St. Gallenkirch) in den letzten Wochen mit vielen Grundlageneinheiten und kleineren, schnelleren Intervallen sowie spezifischen Gleichgewichts- und Krafttrainings auf die Saison vorbereitet. Top motiviert freut sich Daniel Zugg auf die kommenden Rennen:<\/p>\n<blockquote><p>\u201eIch habe heuer im Sommer an zehn Trainingswettk\u00e4mpfen teilgenommen. Das hilft mir im Winter enorm, weil ich mit einem Vorsprung gegen\u00fcber den anderen Athleten in die Saison starten kann. Mein Ziel sind Platzierungen im Spitzenfeld bei den \u00d6sterreichischen Meisterschaften und das ein oder andere gute Weltcup Ergebnis.\u201c<\/p><\/blockquote>\n<h2><strong>Ausblick auf die Rennsaison 2015\/16<\/strong><\/h2>\n<p>Den letzten Feinschliff bekommt das Team der \u00d6sterreichischen Nationalmannschaft am kommenden Wochenende im Zuge des gro\u00dfen Teammeetings im Tiroler K\u00fchtai, bevor es in K\u00fcrze mit den ersten Rennen los geht.<\/p>\n<p>Das heurige Wettkampf-Programm hat es wieder in sich und ist dicht geballt: Am 19.12.2015 startet die \u00d6sterreichische Meisterschaft mit einem Sprintrennen im Rahmen der Sch\u00f6nleiten-Trophy in Viehhofen (SBG). Mit dem ISMF Weltcup in Andorra und der Europameisterschaft in der Schweiz folgen zwei weitere spannende Saisonh\u00f6hepunkte. Aber nach den vielen erfolgreichen Vorbereitungen ist eines gewiss: die Wettkampfsaison 2015\/16 kann kommen!<\/p>\n<p>Alle Termine sind im <a href=\"http:\/\/www.skimo.at\/rennen\/rennen\/\">Rennkalender<\/a>\u00a0angef\u00fchrt.<\/p>\n","protected":false},"excerpt":{"rendered":"<p>Die Elite der heimischen Skibergsteiger ist bestens unterwegs in der Saisonvorbereitung und stellt hohe Erwartungen an sich selbst.<\/p>\n","protected":false},"author":35,"featured_media":3985,"comment_status":"closed","ping_status":"closed","sticky":false,"template":"","format":"standard","meta":[],"categories":[1,11,3],"tags":[51,133,36,50,132,131,130,100,32],"yoast_head":"<!-- This site is optimized with the Yoast SEO plugin v16.3 - https:\/\/yoast.com\/wordpress\/plugins\/seo\/ -->\n<title>Letzter Feinschliff f\u00fcr die Saison: Trainingslager Kitzsteinhorn - Sportler<\/title>\n<meta name=\"description\" content=\"Die \u00d6SV Skibergsteiger sind nach dem f\u00fcnft\u00e4gigen Trainingslager am Kitzsteinhorn perfekt f\u00fcr die kommende Wettkampfsaison vorbereitet.\" \/>\n<meta name=\"robots\" content=\"index, follow, max-snippet:-1, max-image-preview:large, max-video-preview:-1\" \/>\n<link rel=\"canonical\" href=\"https:\/\/www.skimo.at\/sportler\/3978\/letzter-feinschliff-fuer-die-saison-trainingslager-kitzsteinhorn\/\" \/>\n<meta property=\"og:locale\" content=\"de_DE\" \/>\n<meta property=\"og:type\" content=\"article\" \/>\n<meta property=\"og:title\" content=\"Letzter Feinschliff f\u00fcr die Saison: Trainingslager Kitzsteinhorn - Sportler\" \/>\n<meta property=\"og:description\" content=\"Die \u00d6SV Skibergsteiger sind nach dem f\u00fcnft\u00e4gigen Trainingslager am Kitzsteinhorn perfekt f\u00fcr die kommende Wettkampfsaison vorbereitet.\" \/>\n<meta property=\"og:url\" content=\"https:\/\/www.skimo.at\/sportler\/3978\/letzter-feinschliff-fuer-die-saison-trainingslager-kitzsteinhorn\/\" \/>\n<meta property=\"og:site_name\" content=\"Sportler\" \/>\n<meta property=\"article:published_time\" content=\"2015-11-26T08:22:32+00:00\" \/>\n<meta property=\"article:modified_time\" content=\"2021-01-05T20:56:59+00:00\" \/>\n<meta property=\"og:image\" content=\"https:\/\/skimo.73.jarolim.eu\/sportler\/files\/2015\/11\/Kitzsteinhorn2015-_-Skimo-Bild-17-_-Bild-Alexander-Lugger-_-LR.jpg\" \/>\n\t<meta property=\"og:image:width\" content=\"1918\" \/>\n\t<meta property=\"og:image:height\" content=\"1280\" \/>\n<meta name=\"twitter:card\" content=\"summary\" \/>\n<meta name=\"twitter:label1\" content=\"Gesch\u00e4tzte Lesezeit\">\n\t<meta name=\"twitter:data1\" content=\"3\u00a0Minuten\">\n<script type=\"application\/ld+json\" class=\"yoast-schema-graph\">{\"@context\":\"https:\/\/schema.org\",\"@graph\":[{\"@type\":\"WebSite\",\"@id\":\"https:\/\/skimo.73.jarolim.eu\/sportler\/#website\",\"url\":\"https:\/\/skimo.73.jarolim.eu\/sportler\/\",\"name\":\"Sportler\",\"description\":\"\",\"potentialAction\":[{\"@type\":\"SearchAction\",\"target\":\"https:\/\/skimo.73.jarolim.eu\/sportler\/?s={search_term_string}\",\"query-input\":\"required name=search_term_string\"}],\"inLanguage\":\"de\"},{\"@type\":\"ImageObject\",\"@id\":\"https:\/\/www.skimo.at\/sportler\/3978\/letzter-feinschliff-fuer-die-saison-trainingslager-kitzsteinhorn\/#primaryimage\",\"inLanguage\":\"de\",\"url\":\"https:\/\/www.skimo.at\/sportler\/files\/2015\/11\/Kitzsteinhorn2015-_-Skimo-Bild-17-_-Bild-Alexander-Lugger-_-LR.jpg\",\"contentUrl\":\"https:\/\/www.skimo.at\/sportler\/files\/2015\/11\/Kitzsteinhorn2015-_-Skimo-Bild-17-_-Bild-Alexander-Lugger-_-LR.jpg\",\"width\":1918,\"height\":1280},{\"@type\":\"WebPage\",\"@id\":\"https:\/\/www.skimo.at\/sportler\/3978\/letzter-feinschliff-fuer-die-saison-trainingslager-kitzsteinhorn\/#webpage\",\"url\":\"https:\/\/www.skimo.at\/sportler\/3978\/letzter-feinschliff-fuer-die-saison-trainingslager-kitzsteinhorn\/\",\"name\":\"Letzter Feinschliff f\\u00fcr die Saison: Trainingslager Kitzsteinhorn - Sportler\",\"isPartOf\":{\"@id\":\"https:\/\/skimo.73.jarolim.eu\/sportler\/#website\"},\"primaryImageOfPage\":{\"@id\":\"https:\/\/www.skimo.at\/sportler\/3978\/letzter-feinschliff-fuer-die-saison-trainingslager-kitzsteinhorn\/#primaryimage\"},\"datePublished\":\"2015-11-26T08:22:32+00:00\",\"dateModified\":\"2021-01-05T20:56:59+00:00\",\"author\":{\"@id\":\"https:\/\/skimo.73.jarolim.eu\/sportler\/#\/schema\/person\/98f79b69381628f9078a5fab8eac4811\"},\"description\":\"Die \\u00d6SV Skibergsteiger sind nach dem f\\u00fcnft\\u00e4gigen Trainingslager am Kitzsteinhorn perfekt f\\u00fcr die kommende Wettkampfsaison vorbereitet.\",\"breadcrumb\":{\"@id\":\"https:\/\/www.skimo.at\/sportler\/3978\/letzter-feinschliff-fuer-die-saison-trainingslager-kitzsteinhorn\/#breadcrumb\"},\"inLanguage\":\"de\",\"potentialAction\":[{\"@type\":\"ReadAction\",\"target\":[\"https:\/\/www.skimo.at\/sportler\/3978\/letzter-feinschliff-fuer-die-saison-trainingslager-kitzsteinhorn\/\"]}]},{\"@type\":\"BreadcrumbList\",\"@id\":\"https:\/\/www.skimo.at\/sportler\/3978\/letzter-feinschliff-fuer-die-saison-trainingslager-kitzsteinhorn\/#breadcrumb\",\"itemListElement\":[{\"@type\":\"ListItem\",\"position\":1,\"item\":{\"@type\":\"WebPage\",\"@id\":\"https:\/\/skimo.73.jarolim.eu\/sportler\/\",\"url\":\"https:\/\/skimo.73.jarolim.eu\/sportler\/\",\"name\":\"Home\"}},{\"@type\":\"ListItem\",\"position\":2,\"item\":{\"@id\":\"https:\/\/www.skimo.at\/sportler\/3978\/letzter-feinschliff-fuer-die-saison-trainingslager-kitzsteinhorn\/#webpage\"}}]},{\"@type\":\"Person\",\"@id\":\"https:\/\/skimo.73.jarolim.eu\/sportler\/#\/schema\/person\/98f79b69381628f9078a5fab8eac4811\",\"name\":\"sbinder\",\"image\":{\"@type\":\"ImageObject\",\"@id\":\"https:\/\/skimo.73.jarolim.eu\/sportler\/#personlogo\",\"inLanguage\":\"de\",\"url\":\"https:\/\/secure.gravatar.com\/avatar\/11f3623e7f24f658f1be6d4cb550331e?s=96&r=g\",\"contentUrl\":\"https:\/\/secure.gravatar.com\/avatar\/11f3623e7f24f658f1be6d4cb550331e?s=96&r=g\",\"caption\":\"sbinder\"},\"url\":\"https:\/\/www.skimo.at\/sportler\/author\/sbinder\/\"}]}<\/script>\n<!-- \/ Yoast SEO plugin. -->","_links":{"self":[{"href":"https:\/\/www.skimo.at\/sportler\/wp-json\/wp\/v2\/posts\/3978"}],"collection":[{"href":"https:\/\/www.skimo.at\/sportler\/wp-json\/wp\/v2\/posts"}],"about":[{"href":"https:\/\/www.skimo.at\/sportler\/wp-json\/wp\/v2\/types\/post"}],"author":[{"embeddable":true,"href":"https:\/\/www.skimo.at\/sportler\/wp-json\/wp\/v2\/users\/35"}],"replies":[{"embeddable":true,"href":"https:\/\/www.skimo.at\/sportler\/wp-json\/wp\/v2\/comments?post=3978"}],"version-history":[{"count":25,"href":"https:\/\/www.skimo.at\/sportler\/wp-json\/wp\/v2\/posts\/3978\/revisions"}],"predecessor-version":[{"id":15680,"href":"https:\/\/www.skimo.at\/sportler\/wp-json\/wp\/v2\/posts\/3978\/revisions\/15680"}],"wp:featuredmedia":[{"embeddable":true,"href":"https:\/\/www.skimo.at\/sportler\/wp-json\/wp\/v2\/media\/3985"}],"wp:attachment":[{"href":"https:\/\/www.skimo.at\/sportler\/wp-json\/wp\/v2\/media?parent=3978"}],"wp:term":[{"taxonomy":"category","embeddable":true,"href":"https:\/\/www.skimo.at\/sportler\/wp-json\/wp\/v2\/categories?post=3978"},{"taxonomy":"post_tag","embeddable":true,"href":"https:\/\/www.skimo.at\/sportler\/wp-json\/wp\/v2\/tags?post=3978"}],"curies":[{"name":"wp","href":"https:\/\/api.w.org\/{rel}","templated":true}]}}