{"id":3964,"date":"2015-11-19T22:58:30","date_gmt":"2015-11-19T20:58:30","guid":{"rendered":"http:\/\/www.skimo.at\/sportler\/?p=3964"},"modified":"2021-01-05T22:54:30","modified_gmt":"2021-01-05T20:54:30","slug":"besuch-bei-oesv-skibergsteigern-am-kitzsteinhorn","status":"publish","type":"post","link":"https:\/\/www.skimo.at\/sportler\/3964\/besuch-bei-oesv-skibergsteigern-am-kitzsteinhorn\/","title":{"rendered":"Besuch bei \u00d6SV Skibergsteigern am Kitzsteinhorn"},"content":{"rendered":"\n<p>Die \u00d6SV Skibergsteiger bereiten sich gerade am Kitzsteinhorn in einem der letzten Trainingslager auf die in wenigen Wochen beginnende Saison vor.<\/p>\n\n\n\n<!--more-->\n\n\n\n<h2>Wenig Schnee, viel Motivation<\/h2>\n\n\n\n<div class=\"wp-block-image\"><figure class=\"alignleft\"><img loading=\"lazy\" width=\"150\" height=\"150\" src=\"http:\/\/www.skimo.at\/sportler\/files\/2015\/11\/Kitzsteinhorn2015-_-Skimo-Bild-2-_-Bild-Karl-Posch-_-LR-150x150.jpg\" alt=\"Kitzsteinhorn2015 _ Skimo Bild 2 _ Bild Karl Posch _ LR\" class=\"wp-image-3967\" \/><\/figure><\/div>\n\n\n\n<p>Rund ums Kitzsteinhorn sind die Bedingungen nicht gerade optimal, auch auf knapp 3.000 Metern ist sehr wenig Schnee unter den Skibel\u00e4gen. Der A-Kader der \u00d6SV Skibergsteiger mit Jakob Herrmann (Werfenweng), Martin Weisskopf (Pr\u00e4graten) und Daniel Zugg (St. Gallenkirch) trainiert trotzdem mit bester Laune.\u00a0<\/p>\n\n\n\n<p><\/p>\n\n\n\n<p><\/p>\n\n\n\n<blockquote class=\"wp-block-quote\"><p>\u201eZum Gehen ist\u2018s optimal, und wir r\u00fccken das erste Mal gleich vor dem Fr\u00fchst\u00fcck aus, da ist die Piste leer und wir haben gleich noch einen klassen Sonnenaufgang.\u201c Als Betreuer sind derzeit Krafttrainer Matthias Gumpenberger und Physio Markus Hohenwarter mit am Berg, ab Freitag auch der Jugendkader des \u00d6SV mit Cheftrainer Alex Lugger.<\/p><cite>Athletensprecher Jakob Herrmann<\/cite><\/blockquote>\n\n\n\n<h2>Kitzsteinhorn optimale Location<\/h2>\n\n\n\n<p>In Kombination mit dem BSFZ (Bundes- Sport und Freizeitzentrum) auf 2.500 Metern Seeh\u00f6he ist das Kitzsteinhorn gerade die ideale Location f\u00fcr die letzten Vorbereitungen. Einer der wenigen Pl\u00e4tze mit ausreichend Schnee bringt noch anstrengende Tage mit langen Einheiten und Krafttraining f\u00fcr unsere Sportler. Ein intensives Wochenende steht den Athleten bevor, bevor es dann n\u00e4chste Woche zum allj\u00e4hrlichen Teammeeting ins K\u00fchtai geht.<\/p>\n\n\n\n<p>Danke an die Partner der Nationalmannschaft ADIDAS Outdoor, BUFF Headbands, CONTOUR Steigfelle, NIKWAX Impr\u00e4gnierungen, ORTHOMOL Nahrungserg\u00e4nzung, PIEPS LVS-Ger\u00e4te, SONNLEITNER Automobile, TENCEL Fasern.<\/p>\n\n\n\n<p>Ein gro\u00dfer Bericht vom Trainingslager am Kitzsteinhorn folgt Anfang n\u00e4chster Woche.<\/p>\n","protected":false},"excerpt":{"rendered":"<p>Die \u00d6SV Skibergsteiger bereiten sich gerade am Kitzsteinhorn in einem der letzten Trainingslager auf die in wenigen Wochen beginnende Saison vor.<\/p>\n","protected":false},"author":3,"featured_media":3966,"comment_status":"closed","ping_status":"closed","sticky":false,"template":"","format":"standard","meta":[],"categories":[1,11,3],"tags":[],"yoast_head":"<!-- This site is optimized with the Yoast SEO plugin v16.3 - https:\/\/yoast.com\/wordpress\/plugins\/seo\/ -->\n<title>Besuch bei \u00d6SV Skibergsteigern am Kitzsteinhorn<\/title>\n<meta name=\"description\" content=\"Die \u00d6SV Skibergsteiger bereiten sich gerade am Kitzsteinhorn in einem der letzten Trainingslager auf die in wenigen Wochen beginnende Saison vor.\" \/>\n<meta name=\"robots\" content=\"index, follow, max-snippet:-1, max-image-preview:large, max-video-preview:-1\" \/>\n<link rel=\"canonical\" href=\"https:\/\/www.skimo.at\/sportler\/3964\/besuch-bei-oesv-skibergsteigern-am-kitzsteinhorn\/\" \/>\n<meta property=\"og:locale\" content=\"de_DE\" \/>\n<meta property=\"og:type\" content=\"article\" \/>\n<meta property=\"og:title\" content=\"Besuch bei \u00d6SV Skibergsteigern am Kitzsteinhorn\" \/>\n<meta property=\"og:description\" content=\"Die \u00d6SV Skibergsteiger bereiten sich gerade am Kitzsteinhorn in einem der letzten Trainingslager auf die in wenigen Wochen beginnende Saison vor.\" \/>\n<meta property=\"og:url\" content=\"https:\/\/www.skimo.at\/sportler\/3964\/besuch-bei-oesv-skibergsteigern-am-kitzsteinhorn\/\" \/>\n<meta property=\"og:site_name\" content=\"Sportler\" \/>\n<meta property=\"article:published_time\" content=\"2015-11-19T20:58:30+00:00\" \/>\n<meta property=\"article:modified_time\" content=\"2021-01-05T20:54:30+00:00\" \/>\n<meta property=\"og:image\" content=\"https:\/\/skimo.73.jarolim.eu\/sportler\/files\/2015\/11\/Kitzsteinhorn2015-_-Skimo-Bild-1-_-Bild-Karl-Posch-_-LR.jpg\" \/>\n\t<meta property=\"og:image:width\" content=\"1707\" \/>\n\t<meta property=\"og:image:height\" content=\"1280\" \/>\n<meta name=\"twitter:card\" content=\"summary\" \/>\n<meta name=\"twitter:label1\" content=\"Gesch\u00e4tzte Lesezeit\">\n\t<meta name=\"twitter:data1\" content=\"1\u00a0Minute\">\n<script type=\"application\/ld+json\" class=\"yoast-schema-graph\">{\"@context\":\"https:\/\/schema.org\",\"@graph\":[{\"@type\":\"WebSite\",\"@id\":\"https:\/\/skimo.73.jarolim.eu\/sportler\/#website\",\"url\":\"https:\/\/skimo.73.jarolim.eu\/sportler\/\",\"name\":\"Sportler\",\"description\":\"\",\"potentialAction\":[{\"@type\":\"SearchAction\",\"target\":\"https:\/\/skimo.73.jarolim.eu\/sportler\/?s={search_term_string}\",\"query-input\":\"required name=search_term_string\"}],\"inLanguage\":\"de\"},{\"@type\":\"ImageObject\",\"@id\":\"https:\/\/www.skimo.at\/sportler\/3964\/besuch-bei-oesv-skibergsteigern-am-kitzsteinhorn\/#primaryimage\",\"inLanguage\":\"de\",\"url\":\"https:\/\/www.skimo.at\/sportler\/files\/2015\/11\/Kitzsteinhorn2015-_-Skimo-Bild-1-_-Bild-Karl-Posch-_-LR.jpg\",\"contentUrl\":\"https:\/\/www.skimo.at\/sportler\/files\/2015\/11\/Kitzsteinhorn2015-_-Skimo-Bild-1-_-Bild-Karl-Posch-_-LR.jpg\",\"width\":1707,\"height\":1280,\"caption\":\"Kitzsteinhorn Skimo\"},{\"@type\":\"WebPage\",\"@id\":\"https:\/\/www.skimo.at\/sportler\/3964\/besuch-bei-oesv-skibergsteigern-am-kitzsteinhorn\/#webpage\",\"url\":\"https:\/\/www.skimo.at\/sportler\/3964\/besuch-bei-oesv-skibergsteigern-am-kitzsteinhorn\/\",\"name\":\"Besuch bei \\u00d6SV Skibergsteigern am Kitzsteinhorn\",\"isPartOf\":{\"@id\":\"https:\/\/skimo.73.jarolim.eu\/sportler\/#website\"},\"primaryImageOfPage\":{\"@id\":\"https:\/\/www.skimo.at\/sportler\/3964\/besuch-bei-oesv-skibergsteigern-am-kitzsteinhorn\/#primaryimage\"},\"datePublished\":\"2015-11-19T20:58:30+00:00\",\"dateModified\":\"2021-01-05T20:54:30+00:00\",\"author\":{\"@id\":\"https:\/\/skimo.73.jarolim.eu\/sportler\/#\/schema\/person\/796ecbce6796efca58bf848ca63ec12c\"},\"description\":\"Die \\u00d6SV Skibergsteiger bereiten sich gerade am Kitzsteinhorn in einem der letzten Trainingslager auf die in wenigen Wochen beginnende Saison vor.\",\"breadcrumb\":{\"@id\":\"https:\/\/www.skimo.at\/sportler\/3964\/besuch-bei-oesv-skibergsteigern-am-kitzsteinhorn\/#breadcrumb\"},\"inLanguage\":\"de\",\"potentialAction\":[{\"@type\":\"ReadAction\",\"target\":[\"https:\/\/www.skimo.at\/sportler\/3964\/besuch-bei-oesv-skibergsteigern-am-kitzsteinhorn\/\"]}]},{\"@type\":\"BreadcrumbList\",\"@id\":\"https:\/\/www.skimo.at\/sportler\/3964\/besuch-bei-oesv-skibergsteigern-am-kitzsteinhorn\/#breadcrumb\",\"itemListElement\":[{\"@type\":\"ListItem\",\"position\":1,\"item\":{\"@type\":\"WebPage\",\"@id\":\"https:\/\/skimo.73.jarolim.eu\/sportler\/\",\"url\":\"https:\/\/skimo.73.jarolim.eu\/sportler\/\",\"name\":\"Home\"}},{\"@type\":\"ListItem\",\"position\":2,\"item\":{\"@id\":\"https:\/\/www.skimo.at\/sportler\/3964\/besuch-bei-oesv-skibergsteigern-am-kitzsteinhorn\/#webpage\"}}]},{\"@type\":\"Person\",\"@id\":\"https:\/\/skimo.73.jarolim.eu\/sportler\/#\/schema\/person\/796ecbce6796efca58bf848ca63ec12c\",\"name\":\"kposch\",\"image\":{\"@type\":\"ImageObject\",\"@id\":\"https:\/\/skimo.73.jarolim.eu\/sportler\/#personlogo\",\"inLanguage\":\"de\",\"url\":\"https:\/\/secure.gravatar.com\/avatar\/e9f5f28da60e5e563d3f4d3cc0b9b425?s=96&r=g\",\"contentUrl\":\"https:\/\/secure.gravatar.com\/avatar\/e9f5f28da60e5e563d3f4d3cc0b9b425?s=96&r=g\",\"caption\":\"kposch\"},\"url\":\"https:\/\/www.skimo.at\/sportler\/author\/kposch\/\"}]}<\/script>\n<!-- \/ Yoast SEO plugin. -->","_links":{"self":[{"href":"https:\/\/www.skimo.at\/sportler\/wp-json\/wp\/v2\/posts\/3964"}],"collection":[{"href":"https:\/\/www.skimo.at\/sportler\/wp-json\/wp\/v2\/posts"}],"about":[{"href":"https:\/\/www.skimo.at\/sportler\/wp-json\/wp\/v2\/types\/post"}],"author":[{"embeddable":true,"href":"https:\/\/www.skimo.at\/sportler\/wp-json\/wp\/v2\/users\/3"}],"replies":[{"embeddable":true,"href":"https:\/\/www.skimo.at\/sportler\/wp-json\/wp\/v2\/comments?post=3964"}],"version-history":[{"count":6,"href":"https:\/\/www.skimo.at\/sportler\/wp-json\/wp\/v2\/posts\/3964\/revisions"}],"predecessor-version":[{"id":15678,"href":"https:\/\/www.skimo.at\/sportler\/wp-json\/wp\/v2\/posts\/3964\/revisions\/15678"}],"wp:featuredmedia":[{"embeddable":true,"href":"https:\/\/www.skimo.at\/sportler\/wp-json\/wp\/v2\/media\/3966"}],"wp:attachment":[{"href":"https:\/\/www.skimo.at\/sportler\/wp-json\/wp\/v2\/media?parent=3964"}],"wp:term":[{"taxonomy":"category","embeddable":true,"href":"https:\/\/www.skimo.at\/sportler\/wp-json\/wp\/v2\/categories?post=3964"},{"taxonomy":"post_tag","embeddable":true,"href":"https:\/\/www.skimo.at\/sportler\/wp-json\/wp\/v2\/tags?post=3964"}],"curies":[{"name":"wp","href":"https:\/\/api.w.org\/{rel}","templated":true}]}}