{"id":3958,"date":"2015-11-17T01:00:44","date_gmt":"2015-11-16T23:00:44","guid":{"rendered":"http:\/\/www.skimo.at\/sportler\/?p=3958"},"modified":"2015-11-16T21:56:08","modified_gmt":"2015-11-16T19:56:08","slug":"erster-martini-sportswear-athletentag-wurde-ein-voller-erfolg","status":"publish","type":"post","link":"https:\/\/www.skimo.at\/sportler\/3958\/erster-martini-sportswear-athletentag-wurde-ein-voller-erfolg\/","title":{"rendered":"Erster MARTINI Sportswear &#8211; Athletentag wurde ein voller Erfolg"},"content":{"rendered":"<p>Die Athleten des MARTINI SPEED TEAM trafen sich am Wochenende zur Einkleidung und Einstimmung auf die Saison.<\/p>\n<p><!--more--><\/p>\n<p>MARTINI SPORTSWEAR \u2013 der Annaberger Produzent von hochwertiger Skitouren- und Bergsportausr\u00fcstung &#8211; hatte gerufen und die Athleten kamen. Erstmalig kam es am Samstag, den 14. November 2015 zu einem Athletentag zu dem 20 Skitourengeher aus \u00d6sterreich, Deutschland, S\u00fcdtirol und der Schweiz der Einladung folgten. Die Sportler konnten sich nach einem kurzen \u201eCome together\u201c mit Snacks \u00fcber neue Rennanz\u00fcge, Primaloftjacken, Tourenhosen, Race-Jacken, \u00dcberhosen, Accessoires und mehr freuen, die\u00a0in der Zentrale und im MARTINI-Shop ausgegeben wurden. Betreut wurden die Athleten dabei von den MARTINI-Mitarbeitern und Chef Martin Hornegger h\u00f6chstpers\u00f6nlich.<\/p>\n<p>Nach einem kleinen Fotoshooting und Interviews, die bis zum neuen Jahr in einen Kurzfilm verarbeitet werden, ging es zum Gasthof Post. Dort pr\u00e4sentierten Ernst Sieberer, Johann Lainer von Martini Sportswear und Peter Gruber, Organisator der Pinzgau Trophy und im Salzburger Landesverband der Skibergsteiger t\u00e4tig, die Neuigkeiten der Saison. Die Kohlehydratspeicher wurden dann mit verschiedensten Nudelvariationen und Kaiserschmarren wieder aufgef\u00fcllt. Damit auch das Sportliche nicht zu kurz kam, stand am Sonntag noch eine Tour auf das Kitzsteinhorn am Programm, die aufgrund des starken Windes in einen 1600 hm Trailrun zum Alpincenter auf 2450 m umfunktioniert wurde.<\/p>\n<p><a href=\"http:\/\/www.martini-sportswear.com\/de\">Hier geht&#8217;s zur Webseite von MARTINI Sportswear in Annaberg\/Salzburg.<\/a><\/p>\n<p>Text: Mag. Johann Lainer<\/p>\n","protected":false},"excerpt":{"rendered":"<p>Die Athleten des MARTINI SPEED TEAM trafen sich am Wochenende zur Einkleidung und Einstimmung auf die Saison.<\/p>\n","protected":false},"author":2,"featured_media":3959,"comment_status":"closed","ping_status":"closed","sticky":false,"template":"","format":"standard","meta":[],"categories":[1,11,3,7],"tags":[129,90,127,126,128],"yoast_head":"<!-- This site is optimized with the Yoast SEO plugin v16.3 - https:\/\/yoast.com\/wordpress\/plugins\/seo\/ -->\n<title>MARTINI Sportswear - Athletentag wurde ein voller Erfolg<\/title>\n<meta name=\"description\" content=\"Die Athleten des MARTINI Sportswear SPEED TEAM trafen sich am Wochenende zur Einkleidung und Einstimmung auf die Saison in Annaberg.\" \/>\n<meta name=\"robots\" content=\"index, follow, max-snippet:-1, max-image-preview:large, max-video-preview:-1\" \/>\n<link rel=\"canonical\" href=\"https:\/\/www.skimo.at\/sportler\/3958\/erster-martini-sportswear-athletentag-wurde-ein-voller-erfolg\/\" \/>\n<meta property=\"og:locale\" content=\"de_DE\" \/>\n<meta property=\"og:type\" content=\"article\" \/>\n<meta property=\"og:title\" content=\"MARTINI Sportswear - Athletentag wurde ein voller Erfolg\" \/>\n<meta property=\"og:description\" content=\"Die Athleten des MARTINI Sportswear SPEED TEAM trafen sich am Wochenende zur Einkleidung und Einstimmung auf die Saison in Annaberg.\" \/>\n<meta property=\"og:url\" content=\"https:\/\/www.skimo.at\/sportler\/3958\/erster-martini-sportswear-athletentag-wurde-ein-voller-erfolg\/\" \/>\n<meta property=\"og:site_name\" content=\"Sportler\" \/>\n<meta property=\"article:published_time\" content=\"2015-11-16T23:00:44+00:00\" \/>\n<meta property=\"article:modified_time\" content=\"2015-11-16T19:56:08+00:00\" \/>\n<meta property=\"og:image\" content=\"https:\/\/skimo.73.jarolim.eu\/sportler\/files\/2015\/11\/Martini-Athletentag-_-skimo.at-_-Bild-Johann-Lainer.jpg\" \/>\n\t<meta property=\"og:image:width\" content=\"1772\" \/>\n\t<meta property=\"og:image:height\" content=\"1181\" \/>\n<meta name=\"twitter:card\" content=\"summary\" \/>\n<meta name=\"twitter:label1\" content=\"Gesch\u00e4tzte Lesezeit\">\n\t<meta name=\"twitter:data1\" content=\"1\u00a0Minute\">\n<script type=\"application\/ld+json\" class=\"yoast-schema-graph\">{\"@context\":\"https:\/\/schema.org\",\"@graph\":[{\"@type\":\"WebSite\",\"@id\":\"https:\/\/skimo.73.jarolim.eu\/sportler\/#website\",\"url\":\"https:\/\/skimo.73.jarolim.eu\/sportler\/\",\"name\":\"Sportler\",\"description\":\"\",\"potentialAction\":[{\"@type\":\"SearchAction\",\"target\":\"https:\/\/skimo.73.jarolim.eu\/sportler\/?s={search_term_string}\",\"query-input\":\"required name=search_term_string\"}],\"inLanguage\":\"de\"},{\"@type\":\"ImageObject\",\"@id\":\"https:\/\/www.skimo.at\/sportler\/3958\/erster-martini-sportswear-athletentag-wurde-ein-voller-erfolg\/#primaryimage\",\"inLanguage\":\"de\",\"url\":\"https:\/\/www.skimo.at\/sportler\/files\/2015\/11\/Martini-Athletentag-_-skimo.at-_-Bild-Johann-Lainer.jpg\",\"contentUrl\":\"https:\/\/www.skimo.at\/sportler\/files\/2015\/11\/Martini-Athletentag-_-skimo.at-_-Bild-Johann-Lainer.jpg\",\"width\":1772,\"height\":1181,\"caption\":\"Martini Sportswear\"},{\"@type\":\"WebPage\",\"@id\":\"https:\/\/www.skimo.at\/sportler\/3958\/erster-martini-sportswear-athletentag-wurde-ein-voller-erfolg\/#webpage\",\"url\":\"https:\/\/www.skimo.at\/sportler\/3958\/erster-martini-sportswear-athletentag-wurde-ein-voller-erfolg\/\",\"name\":\"MARTINI Sportswear - Athletentag wurde ein voller Erfolg\",\"isPartOf\":{\"@id\":\"https:\/\/skimo.73.jarolim.eu\/sportler\/#website\"},\"primaryImageOfPage\":{\"@id\":\"https:\/\/www.skimo.at\/sportler\/3958\/erster-martini-sportswear-athletentag-wurde-ein-voller-erfolg\/#primaryimage\"},\"datePublished\":\"2015-11-16T23:00:44+00:00\",\"dateModified\":\"2015-11-16T19:56:08+00:00\",\"author\":{\"@id\":\"https:\/\/skimo.73.jarolim.eu\/sportler\/#\/schema\/person\/fa5f5b4a9d8774ba9e02b5755d6afe98\"},\"description\":\"Die Athleten des MARTINI Sportswear SPEED TEAM trafen sich am Wochenende zur Einkleidung und Einstimmung auf die Saison in Annaberg.\",\"breadcrumb\":{\"@id\":\"https:\/\/www.skimo.at\/sportler\/3958\/erster-martini-sportswear-athletentag-wurde-ein-voller-erfolg\/#breadcrumb\"},\"inLanguage\":\"de\",\"potentialAction\":[{\"@type\":\"ReadAction\",\"target\":[\"https:\/\/www.skimo.at\/sportler\/3958\/erster-martini-sportswear-athletentag-wurde-ein-voller-erfolg\/\"]}]},{\"@type\":\"BreadcrumbList\",\"@id\":\"https:\/\/www.skimo.at\/sportler\/3958\/erster-martini-sportswear-athletentag-wurde-ein-voller-erfolg\/#breadcrumb\",\"itemListElement\":[{\"@type\":\"ListItem\",\"position\":1,\"item\":{\"@type\":\"WebPage\",\"@id\":\"https:\/\/skimo.73.jarolim.eu\/sportler\/\",\"url\":\"https:\/\/skimo.73.jarolim.eu\/sportler\/\",\"name\":\"Home\"}},{\"@type\":\"ListItem\",\"position\":2,\"item\":{\"@id\":\"https:\/\/www.skimo.at\/sportler\/3958\/erster-martini-sportswear-athletentag-wurde-ein-voller-erfolg\/#webpage\"}}]},{\"@type\":\"Person\",\"@id\":\"https:\/\/skimo.73.jarolim.eu\/sportler\/#\/schema\/person\/fa5f5b4a9d8774ba9e02b5755d6afe98\",\"name\":\"redakteur\",\"image\":{\"@type\":\"ImageObject\",\"@id\":\"https:\/\/skimo.73.jarolim.eu\/sportler\/#personlogo\",\"inLanguage\":\"de\",\"url\":\"https:\/\/secure.gravatar.com\/avatar\/3300eedab6a4487ced1bc49e10e618f4?s=96&r=g\",\"contentUrl\":\"https:\/\/secure.gravatar.com\/avatar\/3300eedab6a4487ced1bc49e10e618f4?s=96&r=g\",\"caption\":\"redakteur\"},\"url\":\"https:\/\/www.skimo.at\/sportler\/author\/redakteur\/\"}]}<\/script>\n<!-- \/ Yoast SEO plugin. -->","_links":{"self":[{"href":"https:\/\/www.skimo.at\/sportler\/wp-json\/wp\/v2\/posts\/3958"}],"collection":[{"href":"https:\/\/www.skimo.at\/sportler\/wp-json\/wp\/v2\/posts"}],"about":[{"href":"https:\/\/www.skimo.at\/sportler\/wp-json\/wp\/v2\/types\/post"}],"author":[{"embeddable":true,"href":"https:\/\/www.skimo.at\/sportler\/wp-json\/wp\/v2\/users\/2"}],"replies":[{"embeddable":true,"href":"https:\/\/www.skimo.at\/sportler\/wp-json\/wp\/v2\/comments?post=3958"}],"version-history":[{"count":2,"href":"https:\/\/www.skimo.at\/sportler\/wp-json\/wp\/v2\/posts\/3958\/revisions"}],"predecessor-version":[{"id":3962,"href":"https:\/\/www.skimo.at\/sportler\/wp-json\/wp\/v2\/posts\/3958\/revisions\/3962"}],"wp:featuredmedia":[{"embeddable":true,"href":"https:\/\/www.skimo.at\/sportler\/wp-json\/wp\/v2\/media\/3959"}],"wp:attachment":[{"href":"https:\/\/www.skimo.at\/sportler\/wp-json\/wp\/v2\/media?parent=3958"}],"wp:term":[{"taxonomy":"category","embeddable":true,"href":"https:\/\/www.skimo.at\/sportler\/wp-json\/wp\/v2\/categories?post=3958"},{"taxonomy":"post_tag","embeddable":true,"href":"https:\/\/www.skimo.at\/sportler\/wp-json\/wp\/v2\/tags?post=3958"}],"curies":[{"name":"wp","href":"https:\/\/api.w.org\/{rel}","templated":true}]}}