{"id":3932,"date":"2015-11-12T13:49:10","date_gmt":"2015-11-12T11:49:10","guid":{"rendered":"http:\/\/www.skimo.at\/sportler\/?p=3932"},"modified":"2021-01-05T19:42:58","modified_gmt":"2021-01-05T17:42:58","slug":"oesv-skibergsteiger-alexander-fasser-tritt-zurueck","status":"publish","type":"post","link":"https:\/\/www.skimo.at\/sportler\/3932\/oesv-skibergsteiger-alexander-fasser-tritt-zurueck\/","title":{"rendered":"\u00d6SV Skibergsteiger Alexander Fasser tritt zur\u00fcck"},"content":{"rendered":"\n<p>\u00d6sterreichs langj\u00e4hriges Aush\u00e4ngeschild im Skibergsteigen und Ausnahmeathlet Alexander Fasser tritt aus der Nationalmannschaft zur\u00fcck.<\/p>\n\n\n\n<h2><strong>Fasser war Skibergsteiger der ersten Stunde<\/strong><\/h2>\n\n\n\n<p>Der Tiroler Alexander Fasser geh\u00f6rte zu den ersten Wettkampf-Skibergsteigern \u00d6sterreichs. Er hat als Athlet die Entwicklung dieser Sportart in ihren Anfangsjahren miterlebt, und das alles bis hin zur aktuellen Eingliederung in den \u00d6sterreichischen Skiverband als Mitglied der Nationalmannschaft Skibergsteigen durchgemacht. Dem klassischen Bild eines Alpinisten entsprach der Lermooser dabei aber nie, er war einer der wenigen, die sich von Beginn weg konsequent mit dem Thema Training und Ern\u00e4hrung auseinandergesetzt haben und nicht einfach wild drauf los trainierte.<\/p>\n\n\n\n<div class=\"wp-block-image\"><figure class=\"alignleft\"><a href=\"http:\/\/www.skimo.at\/sportler\/files\/2015\/11\/Nationalmannschaft-Skibergsteigen-.jpg\"><img loading=\"lazy\" width=\"150\" height=\"150\" src=\"http:\/\/www.skimo.at\/sportler\/files\/2015\/11\/Nationalmannschaft-Skibergsteigen--150x150.jpg\" alt=\"Nationalmannschaft Skibergsteigen\" class=\"wp-image-3948\" \/><\/a><figcaption>Alexander Fasser hat die Anf\u00e4nge der Nationalmannschaft bis zu ihrer aktuellen Entwicklung miterlebt<\/figcaption><\/figure><\/div>\n\n\n\n<p>Alexander Fassers sportliche Karriere hat eigentlich in der Mountainbike Szene begonnen. Ein 4. Platz bei der \u00d6M Hill Climb in Kitzb\u00fchel\/Hahnenkamm war das beste Ergebnis neben einigen Tiroler Meistertiteln. Zu diesem Zeitpunkt war f\u00fcr ihn das Skibergsteigen eher noch als Trainingsform im Winter gedacht, um sich das langweilige Sitzen am Ergometer zu ersparen. Aber durch Talent und Freude an der Sportart stieg die Leistung auch in der \u201eTrainingssportart\u201c immer weiter an, bis zu einem Tiroler Meistertitel im Bike und im Skibergsteigen 2006 im selben Jahr. In der Saison darauf folgte die Aufnahme in die neu gegr\u00fcndete Nationalmannschaft, 2010 der erste \u00d6sterreichische Meistertitel auf den noch 6 weitere folgten, sowie 8 TopTen Platzierungen im Weltcup, 5 TopTen Platzierungen bei Gro\u00dfereignissen wie Welt- oder Europameisterschaft (davon ein 7. Rang bei der EM im Vertical Race), sowie ein 10.Platz in der Weltcup Gesamtwertung. Mit einem 10. Endrang unter rund 200 Teams bei der Pierra Menta, einem Long Distanz Klassiker in Frankreich mit vier Tages-Etappen \u00fcber insgesamt 10.000 HM, gelang Alexander Fasser 2014 gemeinsam mit Teampartner Martin Wei\u00dfkopf auch ein gro\u00dfer Erfolg in der K\u00f6nigsdisziplin des Skibergsteigens.<\/p>\n\n\n\n<div class=\"wp-block-image\"><figure class=\"alignleft\"><a href=\"http:\/\/www.skimo.at\/sportler\/files\/2015\/11\/ASTC-Powerteam-Athelt-Alexander-Fasser_LR.jpg\"><img loading=\"lazy\" width=\"150\" height=\"150\" src=\"http:\/\/www.skimo.at\/sportler\/files\/2015\/11\/ASTC-Powerteam-Athelt-Alexander-Fasser_LR-150x150.jpg\" alt=\"ASTC Powerteam Athelt Alexander Fasser_LR\" class=\"wp-image-3942\" \/><\/a><figcaption>Bereits im ASTC Powerteam &#8211; dem Vorg\u00e4nger der Nationalmannschaft &#8211; war Alexander Fasser als Athlet dabei.<\/figcaption><\/figure><\/div>\n\n\n\n<h2><strong>Wichtigste Motivation: Spa\u00df am Sport Skibergsteigen<\/strong><\/h2>\n\n\n\n<p>Ein Grund f\u00fcr den jahrelangen Erfolg ist mit Sicherheit die ruhige, konsequente und zielbewusste Art, mit der Fasser seine Trainingspl\u00e4ne abgearbeitet hat. Seine Ziele hat er nie wegen kurzfristiger \u00c4nderungen aus den Augen verloren. Aber alles nach dem Motto: Versuche das zu machen, was dir Spa\u00df macht und lebe deine Tr\u00e4ume! Wie sieht so ein Traumtag aus? Gem\u00fctliches Fr\u00fchst\u00fcck, sch\u00f6ne Trainingstour, relaxen, ausgiebiges Abendessen mit Freunden.<\/p>\n\n\n\n<p>Aufgrund gesundheitlicher Probleme ist der Spa\u00df am Skibergsteigen und an den Wettk\u00e4mpfen jedoch zuletzt immer mehr in den Hintergrund getreten. Und dies ist auch der Grund, weshalb sich Alexander Fasser nun daf\u00fcr entschlossen hat, dem Wettkampfsport vor\u00fcbergehend den R\u00fccken zu kehren:<\/p>\n\n\n\n<blockquote class=\"wp-block-quote\"><p>\u201eAufgrund hartn\u00e4ckiger gesundheitlicher Probleme haben mir mehrere \u00c4rzte dringend zu einer l\u00e4ngeren Pause geraten. Obwohl diesen Sommer kein planm\u00e4\u00dfiges Training m\u00f6glich war und ich mich k\u00f6rperlich nicht in der Lage sehe, Wettk\u00e4mpfe zu bestreiten, ist es mir nicht gerade leicht gefallen meine Karriere zu beenden. So eine Entscheidung trifft man nicht von heute auf morgen. Ich hab mir im Vorfeld viele Gedanken dar\u00fcber gemacht, mit meinen Vertrauten gesprochen und lange \u00fcberlegt. Auch wenn es f\u00fcr mich alles andere als eine leichte Entscheidung war, meine Gesundheit hat jetzt oberste Priorit\u00e4t.\u201c<\/p><\/blockquote>\n\n\n\n<div class=\"wp-block-image\"><figure class=\"alignleft\"><a href=\"http:\/\/www.skimo.at\/sportler\/files\/2015\/11\/Arctic-Race-Bl\u00e5tind-Individual-Alex-Fasser-2-Bild-Stephan-Mantler-LR.jpg\"><img loading=\"lazy\" width=\"150\" height=\"150\" src=\"http:\/\/www.skimo.at\/sportler\/files\/2015\/11\/Arctic-Race-Bl\u00e5tind-Individual-Alex-Fasser-2-Bild-Stephan-Mantler-LR-150x150.jpg\" alt=\"Arctic Race Bl\u00e5tind Individual # Alex Fasser 2 # Bild Stephan Mantler # LR\" class=\"wp-image-3940\" \/><\/a><\/figure><\/div>\n\n\n\n<p>Wie schaut die Zukunft f\u00fcr Alexander Fasser nach so vielen Jahren Leistungssport aus. Voraussichtlich wird er dem Skitourensport erhalten bleiben und als Instruktor und zuk\u00fcnftiger Trainer seinen Nachfolgern wertvolle Tipps geben:<\/p>\n\n\n\n<blockquote class=\"wp-block-quote\"><p>\u201eAb Dezember werde ich die Instruktoren Ausbildung f\u00fcr Skitouren beginnen und hoffentlich positiv beenden, vorausgesetzt meine Gesundheit spielt mit. Ein weiter Schritt wird dann die Trainerausbildung sein. F\u00fcr weiter berufliche Zukunftspl\u00e4ne m\u00f6chte ich nichts \u00fcberst\u00fcrzen und mir die Zeit nehmen, alles in Ruhe zu \u00fcberdenken. Mein Dank gilt auf jeden Fall all meinen Sponsoren, meiner Trainerin Andrea Hofmann, dem Verband, meiner Familie und allen voran meiner Freundin Angelika, die mich all die Jahre unterst\u00fctzt hat.\u201c<\/p><\/blockquote>\n\n\n\n<p>Karl Posch, sportlicher Leiter der Skibergsteiger beim \u00d6SV und langj\u00e4hriger Manager der Nationalmannschaft Skibergsteigen zollt Fasser Tribut f\u00fcr die vergangenen Jahre:<\/p>\n\n\n\n<blockquote class=\"wp-block-quote\"><p>\u201eAlex ist seit 2007 im Team, und nach so vielen Jahren hat sich nat\u00fcrlich eine besondere Beziehung entwickelt. Er war in der langen Zeit nicht nur Augenzeuge des Skibergsteiger-Aufschwungs in \u00d6sterreich, sondern hat diesen durch seine Erfolge ma\u00dfgeblich befeuert. Pr\u00e4gend war vor allem die Professionalit\u00e4t und Ernsthaftigkeit, mit der Alex seine Grenzen gepusht hat und sich seinen Eintrag in der Bestenliste der \u00d6sterreichischen Skibergsteiger gesichert hat. Seine Entscheidung, nun zugunsten der Gesundheit den Hochleistungssport zur\u00fcckzuschrauben ist definitiv richtig. Ich freu mich aber sehr, dass er uns mit seinen Qualit\u00e4ten im Verband erhalten bleibt und weiter an der Entwicklung des Skibergsteigens arbeiten wird. Ich w\u00fcnsche jedenfalls erst einmal gute Besserung und nat\u00fcrlich alles Gute f\u00fcr die Zukunft!<\/p><\/blockquote>\n\n\n\n<div class=\"wp-block-image\"><figure class=\"alignleft\"><a href=\"http:\/\/www.skimo.at\/sportler\/files\/2015\/11\/FontBlanca_Individual_Alex-Fasser-1_Bild-Alex-Lugger_LR.jpg\"><img loading=\"lazy\" width=\"150\" height=\"150\" src=\"http:\/\/www.skimo.at\/sportler\/files\/2015\/11\/FontBlanca_Individual_Alex-Fasser-1_Bild-Alex-Lugger_LR-150x150.jpg\" alt=\"FontBlanca_Individual_Alex Fasser 1_Bild Alex Lugger_LR\" class=\"wp-image-3944\" \/><\/a><figcaption>In der Nationalmannschaft war Alexander Fasser f\u00fcr viele Erfolge verantwortlich<\/figcaption><\/figure><\/div>\n\n\n\n<p>\u00c4hnliche Worte findet auch \u00d6SV Headcoach Alexander Lugger&nbsp;nach Bekanntgabe des R\u00fccktrittes von seinem langj\u00e4hrigen Teammitglied:<\/p>\n\n\n\n<blockquote class=\"wp-block-quote\"><p>\u201eMit Alex beendet ein Skibergsteiger der ersten Stunde seine Karriere. Er hat sich schon sehr fr\u00fch voll und ganz dem Skibergsteigen verschrieben, war jahrelang \u201aMa\u00df aller Dinge\u2018 in der \u00d6sterreichischen Skitourenszene und ein gro\u00dfes Vorbild f\u00fcr viele junge aufstrebende Skibergsteiger. Alex hat es wie kaum ein anderer verstanden, sich akribisch auf Gro\u00dfereignisse vorzubereiten und vor allem dort sehr oft Weltklasseleistungen zeigen k\u00f6nnen.\u201c<\/p><\/blockquote>\n\n\n\n<p>Die \u00d6SV Sparte Skibergsteigen w\u00fcnscht Alexander Fasser alles Gute f\u00fcr sein Zukunft und bedankt sich f\u00fcr die erfolgreichen Jahre und die gute Zusammenarbeit in der \u00d6sterreichischen Nationalmannschaft Skibergsteigen.<\/p>\n","protected":false},"excerpt":{"rendered":"<p>\u00d6sterreichs langj\u00e4hriges Aush\u00e4ngeschild im Skibergsteigen und Ausnahmeathlet Alexander Fasser tritt aus der Nationalmannschaft zur\u00fcck. Fasser war Skibergsteiger der ersten Stunde Der Tiroler Alexander Fasser geh\u00f6rte zu den ersten Wettkampf-Skibergsteigern \u00d6sterreichs. Er hat als Athlet die Entwicklung dieser Sportart in ihren Anfangsjahren miterlebt, und das alles bis hin zur aktuellen Eingliederung in den \u00d6sterreichischen Skiverband als [&hellip;]<\/p>\n","protected":false},"author":4,"featured_media":3941,"comment_status":"closed","ping_status":"closed","sticky":false,"template":"","format":"standard","meta":[],"categories":[1,11,3,7],"tags":[122,51,35,123,124,125],"yoast_head":"<!-- This site is optimized with the Yoast SEO plugin v16.3 - https:\/\/yoast.com\/wordpress\/plugins\/seo\/ -->\n<title>\u00d6SV Skibergsteiger Alexander Fasser tritt zur\u00fcck<\/title>\n<meta name=\"description\" content=\"\u00d6sterreichs langj\u00e4hriges Aush\u00e4ngeschild im Wettkampf Skibergsteigen, der Tiroler Alexander Fasser, tritt aus der \u00d6SV Nationalmannschaft Skibergsteigen zur\u00fcck.\" \/>\n<meta name=\"robots\" content=\"index, follow, max-snippet:-1, max-image-preview:large, max-video-preview:-1\" \/>\n<link rel=\"canonical\" href=\"https:\/\/www.skimo.at\/sportler\/3932\/oesv-skibergsteiger-alexander-fasser-tritt-zurueck\/\" \/>\n<meta property=\"og:locale\" content=\"de_DE\" \/>\n<meta property=\"og:type\" content=\"article\" \/>\n<meta property=\"og:title\" content=\"\u00d6SV Skibergsteiger Alexander Fasser tritt zur\u00fcck\" \/>\n<meta property=\"og:description\" content=\"\u00d6sterreichs langj\u00e4hriges Aush\u00e4ngeschild im Wettkampf Skibergsteigen, der Tiroler Alexander Fasser, tritt aus der \u00d6SV Nationalmannschaft Skibergsteigen zur\u00fcck.\" \/>\n<meta property=\"og:url\" content=\"https:\/\/www.skimo.at\/sportler\/3932\/oesv-skibergsteiger-alexander-fasser-tritt-zurueck\/\" \/>\n<meta property=\"og:site_name\" content=\"Sportler\" \/>\n<meta property=\"article:published_time\" content=\"2015-11-12T11:49:10+00:00\" \/>\n<meta property=\"article:modified_time\" content=\"2021-01-05T17:42:58+00:00\" \/>\n<meta property=\"og:image\" content=\"https:\/\/skimo.73.jarolim.eu\/sportler\/files\/2015\/11\/Arctic-Race-Bl\u00e5tind-Individual-Alex-Fasser-4-Bild-Stephan-Mantler-LR.jpg\" \/>\n\t<meta property=\"og:image:width\" content=\"2000\" \/>\n\t<meta property=\"og:image:height\" content=\"1331\" \/>\n<meta name=\"twitter:card\" content=\"summary\" \/>\n<meta name=\"twitter:label1\" content=\"Gesch\u00e4tzte Lesezeit\">\n\t<meta name=\"twitter:data1\" content=\"5\u00a0Minuten\">\n<script type=\"application\/ld+json\" class=\"yoast-schema-graph\">{\"@context\":\"https:\/\/schema.org\",\"@graph\":[{\"@type\":\"WebSite\",\"@id\":\"https:\/\/skimo.73.jarolim.eu\/sportler\/#website\",\"url\":\"https:\/\/skimo.73.jarolim.eu\/sportler\/\",\"name\":\"Sportler\",\"description\":\"\",\"potentialAction\":[{\"@type\":\"SearchAction\",\"target\":\"https:\/\/skimo.73.jarolim.eu\/sportler\/?s={search_term_string}\",\"query-input\":\"required name=search_term_string\"}],\"inLanguage\":\"de\"},{\"@type\":\"ImageObject\",\"@id\":\"https:\/\/www.skimo.at\/sportler\/3932\/oesv-skibergsteiger-alexander-fasser-tritt-zurueck\/#primaryimage\",\"inLanguage\":\"de\",\"url\":\"https:\/\/www.skimo.at\/sportler\/files\/2015\/11\/Arctic-Race-Bl\\u00e5tind-Individual-Alex-Fasser-4-Bild-Stephan-Mantler-LR.jpg\",\"contentUrl\":\"https:\/\/www.skimo.at\/sportler\/files\/2015\/11\/Arctic-Race-Bl\\u00e5tind-Individual-Alex-Fasser-4-Bild-Stephan-Mantler-LR.jpg\",\"width\":2000,\"height\":1331},{\"@type\":\"WebPage\",\"@id\":\"https:\/\/www.skimo.at\/sportler\/3932\/oesv-skibergsteiger-alexander-fasser-tritt-zurueck\/#webpage\",\"url\":\"https:\/\/www.skimo.at\/sportler\/3932\/oesv-skibergsteiger-alexander-fasser-tritt-zurueck\/\",\"name\":\"\\u00d6SV Skibergsteiger Alexander Fasser tritt zur\\u00fcck\",\"isPartOf\":{\"@id\":\"https:\/\/skimo.73.jarolim.eu\/sportler\/#website\"},\"primaryImageOfPage\":{\"@id\":\"https:\/\/www.skimo.at\/sportler\/3932\/oesv-skibergsteiger-alexander-fasser-tritt-zurueck\/#primaryimage\"},\"datePublished\":\"2015-11-12T11:49:10+00:00\",\"dateModified\":\"2021-01-05T17:42:58+00:00\",\"author\":{\"@id\":\"https:\/\/skimo.73.jarolim.eu\/sportler\/#\/schema\/person\/89e18f4c3d09b5434dbc2dc0cefbcd30\"},\"description\":\"\\u00d6sterreichs langj\\u00e4hriges Aush\\u00e4ngeschild im Wettkampf Skibergsteigen, der Tiroler Alexander Fasser, tritt aus der \\u00d6SV Nationalmannschaft Skibergsteigen zur\\u00fcck.\",\"breadcrumb\":{\"@id\":\"https:\/\/www.skimo.at\/sportler\/3932\/oesv-skibergsteiger-alexander-fasser-tritt-zurueck\/#breadcrumb\"},\"inLanguage\":\"de\",\"potentialAction\":[{\"@type\":\"ReadAction\",\"target\":[\"https:\/\/www.skimo.at\/sportler\/3932\/oesv-skibergsteiger-alexander-fasser-tritt-zurueck\/\"]}]},{\"@type\":\"BreadcrumbList\",\"@id\":\"https:\/\/www.skimo.at\/sportler\/3932\/oesv-skibergsteiger-alexander-fasser-tritt-zurueck\/#breadcrumb\",\"itemListElement\":[{\"@type\":\"ListItem\",\"position\":1,\"item\":{\"@type\":\"WebPage\",\"@id\":\"https:\/\/skimo.73.jarolim.eu\/sportler\/\",\"url\":\"https:\/\/skimo.73.jarolim.eu\/sportler\/\",\"name\":\"Home\"}},{\"@type\":\"ListItem\",\"position\":2,\"item\":{\"@id\":\"https:\/\/www.skimo.at\/sportler\/3932\/oesv-skibergsteiger-alexander-fasser-tritt-zurueck\/#webpage\"}}]},{\"@type\":\"Person\",\"@id\":\"https:\/\/skimo.73.jarolim.eu\/sportler\/#\/schema\/person\/89e18f4c3d09b5434dbc2dc0cefbcd30\",\"name\":\"aspielbuechler\",\"image\":{\"@type\":\"ImageObject\",\"@id\":\"https:\/\/skimo.73.jarolim.eu\/sportler\/#personlogo\",\"inLanguage\":\"de\",\"url\":\"https:\/\/secure.gravatar.com\/avatar\/1220d25619b41a33e4710c8b968dc56e?s=96&r=g\",\"contentUrl\":\"https:\/\/secure.gravatar.com\/avatar\/1220d25619b41a33e4710c8b968dc56e?s=96&r=g\",\"caption\":\"aspielbuechler\"},\"url\":\"https:\/\/www.skimo.at\/sportler\/author\/aspielbuechler\/\"}]}<\/script>\n<!-- \/ Yoast SEO plugin. -->","_links":{"self":[{"href":"https:\/\/www.skimo.at\/sportler\/wp-json\/wp\/v2\/posts\/3932"}],"collection":[{"href":"https:\/\/www.skimo.at\/sportler\/wp-json\/wp\/v2\/posts"}],"about":[{"href":"https:\/\/www.skimo.at\/sportler\/wp-json\/wp\/v2\/types\/post"}],"author":[{"embeddable":true,"href":"https:\/\/www.skimo.at\/sportler\/wp-json\/wp\/v2\/users\/4"}],"replies":[{"embeddable":true,"href":"https:\/\/www.skimo.at\/sportler\/wp-json\/wp\/v2\/comments?post=3932"}],"version-history":[{"count":10,"href":"https:\/\/www.skimo.at\/sportler\/wp-json\/wp\/v2\/posts\/3932\/revisions"}],"predecessor-version":[{"id":15677,"href":"https:\/\/www.skimo.at\/sportler\/wp-json\/wp\/v2\/posts\/3932\/revisions\/15677"}],"wp:featuredmedia":[{"embeddable":true,"href":"https:\/\/www.skimo.at\/sportler\/wp-json\/wp\/v2\/media\/3941"}],"wp:attachment":[{"href":"https:\/\/www.skimo.at\/sportler\/wp-json\/wp\/v2\/media?parent=3932"}],"wp:term":[{"taxonomy":"category","embeddable":true,"href":"https:\/\/www.skimo.at\/sportler\/wp-json\/wp\/v2\/categories?post=3932"},{"taxonomy":"post_tag","embeddable":true,"href":"https:\/\/www.skimo.at\/sportler\/wp-json\/wp\/v2\/tags?post=3932"}],"curies":[{"name":"wp","href":"https:\/\/api.w.org\/{rel}","templated":true}]}}