{"id":3907,"date":"2015-11-04T08:06:39","date_gmt":"2015-11-04T06:06:39","guid":{"rendered":"http:\/\/www.skimo.at\/sportler\/?p=3907"},"modified":"2021-01-05T19:42:16","modified_gmt":"2021-01-05T17:42:16","slug":"toni-lautenbacher-verletzt-8-wochen-ausfall","status":"publish","type":"post","link":"https:\/\/www.skimo.at\/sportler\/3907\/toni-lautenbacher-verletzt-8-wochen-ausfall\/","title":{"rendered":"Toni Lautenbacher verletzt, 8 Wochen Ausfall"},"content":{"rendered":"<p>Eine schlechte Nachricht haben wir heute vom deutschen Nationalteam Skibergsteigen bekommen: Toni Lautenbacher f\u00e4llt nach einer schweren Trainingsverletzung f\u00fcr 8 Wochen aus.<\/p>\n<p><!--more--><\/p>\n<h2>Sturz am Pitztaler Gletscher<\/h2>\n<p>Im Rahmen des Trainingslagers der deutschen Nationalmannschaft des DAV war der 24j\u00e4hrige am vergangenen Montag bei einer Abfahrt im Tiefschnee relativ leicht gest\u00fcrzt. Er zog sich dabei leider neben einem Einriss des Seitenbandes am Knie einen Riss des Syndesmosebandes (dieses Band h\u00e4lt Schien- und Wadenbein in Position) am Fu\u00df zu.<\/p>\n<h2>Sofortige Operation in M\u00fcnchen<\/h2>\n<p>Teamcoach Bernhard Bliemsrieder hat nach einer Fahrt mit dem Skidoo zur Talstation seinen Sch\u00fctzling ins Auto gepackt und sofort in die Klinik nach M\u00fcnchen gefahren. Dort wurde Toni gleich operiert und ist mittlerweile schon wieder zu Hause in Benediktbeuren.<\/p>\n<h2>Positive Einstellung von Toni Lautenbacher<\/h2>\n<p>Im Telefonat von heute Nachmittag war Toni schon wieder recht optimistisch, wenngleich auch die zeitliche Prognose nicht gut klingt:<\/p>\n<blockquote><p>&#8222;Die \u00c4rzte in M\u00fcnchen waren super, haben extrem schnell und kompetent gehandelt. Das Knie w\u00e4r nicht das Problem, das ginge in 3, 4 Wochen schon wieder. Das Syndesmoseband ist aber leider was langwieriges, ich wurde auch geschraubt. Jetzt darf ich 6 Wochen mal garnichts tun, mindestens 8 Wochen wird\u2019s dauern bis ich wieder auf Skiern stehen kann. Es h\u00e4tte aber schlimmer kommen k\u00f6nnen, und lieber lass ich die Gschicht gut ausheilen, bevor ich langfristig Probleme hab. Wegen der Weltcupsaison mach ich mir derzeit wenig Gedanken, lass das mal auf mich zukommen. Wichtig ist, dass alles wieder gut heilt.&#8220;<\/p><\/blockquote>\n<p>Die Frage nach der n\u00e4chsten Zukunft beantwortet Toni schon wieder mit einem Lachen:<\/p>\n<blockquote><p>&#8222;Da k\u00f6nnten jetzt ruhig a paar weibliche Fans zum Kaffeetrinken vorbeikommen!&#8220;<\/p><\/blockquote>\n<p>Wir w\u00fcnschen jedenfalls gute Besserung und hoffen, Toni Lautenbacher trotz der Verletzung in der kommenden Saison auf den Skimo-Rennstrecken zu sehen. Alles Gute!<\/p>\n","protected":false},"excerpt":{"rendered":"<p>Eine schlechte Nachricht haben wir heute vom deutschen Nationalteam Skibergsteigen bekommen: Toni Lautenbacher f\u00e4llt nach einer schweren Trainingsverletzung f\u00fcr 8 Wochen aus.<\/p>\n","protected":false},"author":3,"featured_media":3913,"comment_status":"closed","ping_status":"closed","sticky":false,"template":"","format":"standard","meta":[],"categories":[1,11,3],"tags":[113,114,115,116,72,16,41,117],"yoast_head":"<!-- This site is optimized with the Yoast SEO plugin v16.3 - https:\/\/yoast.com\/wordpress\/plugins\/seo\/ -->\n<title>Skibergsteiger Toni Lautenbacher verletzt, 8 Wochen Ausfall<\/title>\n<meta name=\"description\" content=\"Im Rahmen des Trainingslagers der deutschen Nationalmannschaft des DAV war der 24j\u00e4hrige Toni Lautenbacher am vergangenen Montag bei einer Abfahrt im Tiefschnee relativ leicht gest\u00fcrzt. Er zog sich dabei leider neben einem Einriss des Seitenbandes am Knie einen Riss des Syndesmosebandes am Fu\u00df zu.\" \/>\n<meta name=\"robots\" content=\"index, follow, max-snippet:-1, max-image-preview:large, max-video-preview:-1\" \/>\n<link rel=\"canonical\" href=\"https:\/\/www.skimo.at\/sportler\/3907\/toni-lautenbacher-verletzt-8-wochen-ausfall\/\" \/>\n<meta property=\"og:locale\" content=\"de_DE\" \/>\n<meta property=\"og:type\" content=\"article\" \/>\n<meta property=\"og:title\" content=\"Skibergsteiger Toni Lautenbacher verletzt, 8 Wochen Ausfall\" \/>\n<meta property=\"og:description\" content=\"Im Rahmen des Trainingslagers der deutschen Nationalmannschaft des DAV war der 24j\u00e4hrige Toni Lautenbacher am vergangenen Montag bei einer Abfahrt im Tiefschnee relativ leicht gest\u00fcrzt. Er zog sich dabei leider neben einem Einriss des Seitenbandes am Knie einen Riss des Syndesmosebandes am Fu\u00df zu.\" \/>\n<meta property=\"og:url\" content=\"https:\/\/www.skimo.at\/sportler\/3907\/toni-lautenbacher-verletzt-8-wochen-ausfall\/\" \/>\n<meta property=\"og:site_name\" content=\"Sportler\" \/>\n<meta property=\"article:published_time\" content=\"2015-11-04T06:06:39+00:00\" \/>\n<meta property=\"article:modified_time\" content=\"2021-01-05T17:42:16+00:00\" \/>\n<meta property=\"og:image\" content=\"https:\/\/skimo.73.jarolim.eu\/sportler\/files\/2015\/11\/Marmotta-Trophy-2015_Toni-Lautenbacher_Willi-Seebacher-LR1.jpg1.jpg\" \/>\n\t<meta property=\"og:image:width\" content=\"1772\" \/>\n\t<meta property=\"og:image:height\" content=\"1182\" \/>\n<meta name=\"twitter:card\" content=\"summary\" \/>\n<meta name=\"twitter:label1\" content=\"Gesch\u00e4tzte Lesezeit\">\n\t<meta name=\"twitter:data1\" content=\"1\u00a0Minute\">\n<script type=\"application\/ld+json\" class=\"yoast-schema-graph\">{\"@context\":\"https:\/\/schema.org\",\"@graph\":[{\"@type\":\"WebSite\",\"@id\":\"https:\/\/skimo.73.jarolim.eu\/sportler\/#website\",\"url\":\"https:\/\/skimo.73.jarolim.eu\/sportler\/\",\"name\":\"Sportler\",\"description\":\"\",\"potentialAction\":[{\"@type\":\"SearchAction\",\"target\":\"https:\/\/skimo.73.jarolim.eu\/sportler\/?s={search_term_string}\",\"query-input\":\"required name=search_term_string\"}],\"inLanguage\":\"de\"},{\"@type\":\"ImageObject\",\"@id\":\"https:\/\/www.skimo.at\/sportler\/3907\/toni-lautenbacher-verletzt-8-wochen-ausfall\/#primaryimage\",\"inLanguage\":\"de\",\"url\":\"https:\/\/www.skimo.at\/sportler\/files\/2015\/11\/Marmotta-Trophy-2015_Toni-Lautenbacher_Willi-Seebacher-LR1.jpg1.jpg\",\"contentUrl\":\"https:\/\/www.skimo.at\/sportler\/files\/2015\/11\/Marmotta-Trophy-2015_Toni-Lautenbacher_Willi-Seebacher-LR1.jpg1.jpg\",\"width\":1772,\"height\":1182,\"caption\":\"Toni Lautenbacher\"},{\"@type\":\"WebPage\",\"@id\":\"https:\/\/www.skimo.at\/sportler\/3907\/toni-lautenbacher-verletzt-8-wochen-ausfall\/#webpage\",\"url\":\"https:\/\/www.skimo.at\/sportler\/3907\/toni-lautenbacher-verletzt-8-wochen-ausfall\/\",\"name\":\"Skibergsteiger Toni Lautenbacher verletzt, 8 Wochen Ausfall\",\"isPartOf\":{\"@id\":\"https:\/\/skimo.73.jarolim.eu\/sportler\/#website\"},\"primaryImageOfPage\":{\"@id\":\"https:\/\/www.skimo.at\/sportler\/3907\/toni-lautenbacher-verletzt-8-wochen-ausfall\/#primaryimage\"},\"datePublished\":\"2015-11-04T06:06:39+00:00\",\"dateModified\":\"2021-01-05T17:42:16+00:00\",\"author\":{\"@id\":\"https:\/\/skimo.73.jarolim.eu\/sportler\/#\/schema\/person\/796ecbce6796efca58bf848ca63ec12c\"},\"description\":\"Im Rahmen des Trainingslagers der deutschen Nationalmannschaft des DAV war der 24j\\u00e4hrige Toni Lautenbacher am vergangenen Montag bei einer Abfahrt im Tiefschnee relativ leicht gest\\u00fcrzt. Er zog sich dabei leider neben einem Einriss des Seitenbandes am Knie einen Riss des Syndesmosebandes am Fu\\u00df zu.\",\"breadcrumb\":{\"@id\":\"https:\/\/www.skimo.at\/sportler\/3907\/toni-lautenbacher-verletzt-8-wochen-ausfall\/#breadcrumb\"},\"inLanguage\":\"de\",\"potentialAction\":[{\"@type\":\"ReadAction\",\"target\":[\"https:\/\/www.skimo.at\/sportler\/3907\/toni-lautenbacher-verletzt-8-wochen-ausfall\/\"]}]},{\"@type\":\"BreadcrumbList\",\"@id\":\"https:\/\/www.skimo.at\/sportler\/3907\/toni-lautenbacher-verletzt-8-wochen-ausfall\/#breadcrumb\",\"itemListElement\":[{\"@type\":\"ListItem\",\"position\":1,\"item\":{\"@type\":\"WebPage\",\"@id\":\"https:\/\/skimo.73.jarolim.eu\/sportler\/\",\"url\":\"https:\/\/skimo.73.jarolim.eu\/sportler\/\",\"name\":\"Home\"}},{\"@type\":\"ListItem\",\"position\":2,\"item\":{\"@id\":\"https:\/\/www.skimo.at\/sportler\/3907\/toni-lautenbacher-verletzt-8-wochen-ausfall\/#webpage\"}}]},{\"@type\":\"Person\",\"@id\":\"https:\/\/skimo.73.jarolim.eu\/sportler\/#\/schema\/person\/796ecbce6796efca58bf848ca63ec12c\",\"name\":\"kposch\",\"image\":{\"@type\":\"ImageObject\",\"@id\":\"https:\/\/skimo.73.jarolim.eu\/sportler\/#personlogo\",\"inLanguage\":\"de\",\"url\":\"https:\/\/secure.gravatar.com\/avatar\/e9f5f28da60e5e563d3f4d3cc0b9b425?s=96&r=g\",\"contentUrl\":\"https:\/\/secure.gravatar.com\/avatar\/e9f5f28da60e5e563d3f4d3cc0b9b425?s=96&r=g\",\"caption\":\"kposch\"},\"url\":\"https:\/\/www.skimo.at\/sportler\/author\/kposch\/\"}]}<\/script>\n<!-- \/ Yoast SEO plugin. -->","_links":{"self":[{"href":"https:\/\/www.skimo.at\/sportler\/wp-json\/wp\/v2\/posts\/3907"}],"collection":[{"href":"https:\/\/www.skimo.at\/sportler\/wp-json\/wp\/v2\/posts"}],"about":[{"href":"https:\/\/www.skimo.at\/sportler\/wp-json\/wp\/v2\/types\/post"}],"author":[{"embeddable":true,"href":"https:\/\/www.skimo.at\/sportler\/wp-json\/wp\/v2\/users\/3"}],"replies":[{"embeddable":true,"href":"https:\/\/www.skimo.at\/sportler\/wp-json\/wp\/v2\/comments?post=3907"}],"version-history":[{"count":6,"href":"https:\/\/www.skimo.at\/sportler\/wp-json\/wp\/v2\/posts\/3907\/revisions"}],"predecessor-version":[{"id":15676,"href":"https:\/\/www.skimo.at\/sportler\/wp-json\/wp\/v2\/posts\/3907\/revisions\/15676"}],"wp:featuredmedia":[{"embeddable":true,"href":"https:\/\/www.skimo.at\/sportler\/wp-json\/wp\/v2\/media\/3913"}],"wp:attachment":[{"href":"https:\/\/www.skimo.at\/sportler\/wp-json\/wp\/v2\/media?parent=3907"}],"wp:term":[{"taxonomy":"category","embeddable":true,"href":"https:\/\/www.skimo.at\/sportler\/wp-json\/wp\/v2\/categories?post=3907"},{"taxonomy":"post_tag","embeddable":true,"href":"https:\/\/www.skimo.at\/sportler\/wp-json\/wp\/v2\/tags?post=3907"}],"curies":[{"name":"wp","href":"https:\/\/api.w.org\/{rel}","templated":true}]}}