{"id":3900,"date":"2015-11-02T13:38:39","date_gmt":"2015-11-02T11:38:39","guid":{"rendered":"http:\/\/www.skimo.at\/sportler\/?p=3900"},"modified":"2015-11-02T14:34:01","modified_gmt":"2015-11-02T12:34:01","slug":"matthias-gumpenberger-neuer-kraft-und-koordinationstrainer-bei-der-oesv-sparte-skibergsteigen","status":"publish","type":"post","link":"https:\/\/www.skimo.at\/sportler\/3900\/matthias-gumpenberger-neuer-kraft-und-koordinationstrainer-bei-der-oesv-sparte-skibergsteigen\/","title":{"rendered":"Matthias Gumpenberger neuer Kraft- und Koordinationstrainer bei der \u00d6SV Sparte Skibergsteigen"},"content":{"rendered":"<p>Der Aufschwung bei den \u00d6SV Skibergsteigern geht weiter: ab sofort wird der 30-j\u00e4hrige Tiroler Matthias Gumpenberger sein Fachwissen f\u00fcr die Athleten der Nationalkader zur Verf\u00fcgung stellen. Bereits am A-Kader-Trainingslager in Ramsau war der Bachelor der Sportwissenschaften und ausgebildete Radsporttrainer Gumpenberger erstmals dabei. Nun wurde er von der der Sparte Skibergsteigen als Trainer f\u00fcr Koordination und Kraft f\u00fcr den kommenden Winter vorerst in geringem Umfang engagiert.<\/p>\n<p>Wir freuen uns \u00fcber den Neuzugang und auf eine gute Zusammenarbeit!<\/p>\n","protected":false},"excerpt":{"rendered":"<p>Der Aufschwung bei den \u00d6SV Skibergsteigern geht weiter: ab sofort wird der 30-j\u00e4hrige Tiroler Matthias Gumpenberger sein Fachwissen f\u00fcr die Athleten der Nationalkader zur Verf\u00fcgung stellen. Bereits am A-Kader-Trainingslager in Ramsau war der Bachelor der Sportwissenschaften und ausgebildete Radsporttrainer Gumpenberger erstmals dabei. Nun wurde er von der der Sparte Skibergsteigen als Trainer f\u00fcr Koordination und [&hellip;]<\/p>\n","protected":false},"author":3,"featured_media":0,"comment_status":"closed","ping_status":"closed","sticky":false,"template":"","format":"standard","meta":[],"categories":[1,3],"tags":[],"yoast_head":"<!-- This site is optimized with the Yoast SEO plugin v16.3 - https:\/\/yoast.com\/wordpress\/plugins\/seo\/ -->\n<title>Trainer Skibergsteigen<\/title>\n<meta name=\"description\" content=\"Matthias Gumpenberger neuer Kraft- und Koordinationstrainer bei der \u00d6SV Sparte Skibergsteigen\" \/>\n<meta name=\"robots\" content=\"index, follow, max-snippet:-1, max-image-preview:large, max-video-preview:-1\" \/>\n<link rel=\"canonical\" href=\"https:\/\/www.skimo.at\/sportler\/3900\/matthias-gumpenberger-neuer-kraft-und-koordinationstrainer-bei-der-oesv-sparte-skibergsteigen\/\" \/>\n<meta property=\"og:locale\" content=\"de_DE\" \/>\n<meta property=\"og:type\" content=\"article\" \/>\n<meta property=\"og:title\" content=\"Trainer Skibergsteigen\" \/>\n<meta property=\"og:description\" content=\"Matthias Gumpenberger neuer Kraft- und Koordinationstrainer bei der \u00d6SV Sparte Skibergsteigen\" \/>\n<meta property=\"og:url\" content=\"https:\/\/www.skimo.at\/sportler\/3900\/matthias-gumpenberger-neuer-kraft-und-koordinationstrainer-bei-der-oesv-sparte-skibergsteigen\/\" \/>\n<meta property=\"og:site_name\" content=\"Sportler\" \/>\n<meta property=\"article:published_time\" content=\"2015-11-02T11:38:39+00:00\" \/>\n<meta property=\"article:modified_time\" content=\"2015-11-02T12:34:01+00:00\" \/>\n<meta name=\"twitter:card\" content=\"summary\" \/>\n<script type=\"application\/ld+json\" class=\"yoast-schema-graph\">{\"@context\":\"https:\/\/schema.org\",\"@graph\":[{\"@type\":\"WebSite\",\"@id\":\"https:\/\/skimo.73.jarolim.eu\/sportler\/#website\",\"url\":\"https:\/\/skimo.73.jarolim.eu\/sportler\/\",\"name\":\"Sportler\",\"description\":\"\",\"potentialAction\":[{\"@type\":\"SearchAction\",\"target\":\"https:\/\/skimo.73.jarolim.eu\/sportler\/?s={search_term_string}\",\"query-input\":\"required name=search_term_string\"}],\"inLanguage\":\"de\"},{\"@type\":\"WebPage\",\"@id\":\"https:\/\/www.skimo.at\/sportler\/3900\/matthias-gumpenberger-neuer-kraft-und-koordinationstrainer-bei-der-oesv-sparte-skibergsteigen\/#webpage\",\"url\":\"https:\/\/www.skimo.at\/sportler\/3900\/matthias-gumpenberger-neuer-kraft-und-koordinationstrainer-bei-der-oesv-sparte-skibergsteigen\/\",\"name\":\"Trainer Skibergsteigen\",\"isPartOf\":{\"@id\":\"https:\/\/skimo.73.jarolim.eu\/sportler\/#website\"},\"datePublished\":\"2015-11-02T11:38:39+00:00\",\"dateModified\":\"2015-11-02T12:34:01+00:00\",\"author\":{\"@id\":\"https:\/\/skimo.73.jarolim.eu\/sportler\/#\/schema\/person\/796ecbce6796efca58bf848ca63ec12c\"},\"description\":\"Matthias Gumpenberger neuer Kraft- und Koordinationstrainer bei der \\u00d6SV Sparte Skibergsteigen\",\"breadcrumb\":{\"@id\":\"https:\/\/www.skimo.at\/sportler\/3900\/matthias-gumpenberger-neuer-kraft-und-koordinationstrainer-bei-der-oesv-sparte-skibergsteigen\/#breadcrumb\"},\"inLanguage\":\"de\",\"potentialAction\":[{\"@type\":\"ReadAction\",\"target\":[\"https:\/\/www.skimo.at\/sportler\/3900\/matthias-gumpenberger-neuer-kraft-und-koordinationstrainer-bei-der-oesv-sparte-skibergsteigen\/\"]}]},{\"@type\":\"BreadcrumbList\",\"@id\":\"https:\/\/www.skimo.at\/sportler\/3900\/matthias-gumpenberger-neuer-kraft-und-koordinationstrainer-bei-der-oesv-sparte-skibergsteigen\/#breadcrumb\",\"itemListElement\":[{\"@type\":\"ListItem\",\"position\":1,\"item\":{\"@type\":\"WebPage\",\"@id\":\"https:\/\/skimo.73.jarolim.eu\/sportler\/\",\"url\":\"https:\/\/skimo.73.jarolim.eu\/sportler\/\",\"name\":\"Home\"}},{\"@type\":\"ListItem\",\"position\":2,\"item\":{\"@id\":\"https:\/\/www.skimo.at\/sportler\/3900\/matthias-gumpenberger-neuer-kraft-und-koordinationstrainer-bei-der-oesv-sparte-skibergsteigen\/#webpage\"}}]},{\"@type\":\"Person\",\"@id\":\"https:\/\/skimo.73.jarolim.eu\/sportler\/#\/schema\/person\/796ecbce6796efca58bf848ca63ec12c\",\"name\":\"kposch\",\"image\":{\"@type\":\"ImageObject\",\"@id\":\"https:\/\/skimo.73.jarolim.eu\/sportler\/#personlogo\",\"inLanguage\":\"de\",\"url\":\"https:\/\/secure.gravatar.com\/avatar\/e9f5f28da60e5e563d3f4d3cc0b9b425?s=96&r=g\",\"contentUrl\":\"https:\/\/secure.gravatar.com\/avatar\/e9f5f28da60e5e563d3f4d3cc0b9b425?s=96&r=g\",\"caption\":\"kposch\"},\"url\":\"https:\/\/www.skimo.at\/sportler\/author\/kposch\/\"}]}<\/script>\n<!-- \/ Yoast SEO plugin. -->","_links":{"self":[{"href":"https:\/\/www.skimo.at\/sportler\/wp-json\/wp\/v2\/posts\/3900"}],"collection":[{"href":"https:\/\/www.skimo.at\/sportler\/wp-json\/wp\/v2\/posts"}],"about":[{"href":"https:\/\/www.skimo.at\/sportler\/wp-json\/wp\/v2\/types\/post"}],"author":[{"embeddable":true,"href":"https:\/\/www.skimo.at\/sportler\/wp-json\/wp\/v2\/users\/3"}],"replies":[{"embeddable":true,"href":"https:\/\/www.skimo.at\/sportler\/wp-json\/wp\/v2\/comments?post=3900"}],"version-history":[{"count":1,"href":"https:\/\/www.skimo.at\/sportler\/wp-json\/wp\/v2\/posts\/3900\/revisions"}],"predecessor-version":[{"id":3903,"href":"https:\/\/www.skimo.at\/sportler\/wp-json\/wp\/v2\/posts\/3900\/revisions\/3903"}],"wp:attachment":[{"href":"https:\/\/www.skimo.at\/sportler\/wp-json\/wp\/v2\/media?parent=3900"}],"wp:term":[{"taxonomy":"category","embeddable":true,"href":"https:\/\/www.skimo.at\/sportler\/wp-json\/wp\/v2\/categories?post=3900"},{"taxonomy":"post_tag","embeddable":true,"href":"https:\/\/www.skimo.at\/sportler\/wp-json\/wp\/v2\/tags?post=3900"}],"curies":[{"name":"wp","href":"https:\/\/api.w.org\/{rel}","templated":true}]}}