{"id":3878,"date":"2015-10-28T10:49:14","date_gmt":"2015-10-28T08:49:14","guid":{"rendered":"http:\/\/www.skimo.at\/sportler\/?p=3878"},"modified":"2016-12-05T20:19:59","modified_gmt":"2016-12-05T18:19:59","slug":"erhart-johanna","status":"publish","type":"post","link":"https:\/\/www.skimo.at\/sportler\/3878\/erhart-johanna\/","title":{"rendered":"Erhart Johanna"},"content":{"rendered":"<h2>ERHART\u00a0Johanna<\/h2>\n<table style=\"height: 143px\" width=\"400\">\n<tbody>\n<tr>\n<td><strong>Ort:<\/strong><\/td>\n<td>Schladming\/Steiermark<\/td>\n<\/tr>\n<tr>\n<td><strong>Jahrgang:<\/strong><\/td>\n<td>1995<\/td>\n<\/tr>\n<tr>\n<td><strong>Klasse:<\/strong><\/td>\n<td>Espoir<\/td>\n<\/tr>\n<tr>\n<td><strong>Kader:<\/strong><\/td>\n<td>B-Kader<\/td>\n<\/tr>\n<tr>\n<td><strong>Team:<\/strong><\/td>\n<td>Dynafit Austria<\/td>\n<\/tr>\n<tr>\n<td><strong>Ski:<\/strong><\/td>\n<td>Dynafit<\/td>\n<\/tr>\n<tr>\n<td><strong>Schuh:<\/strong><\/td>\n<td>Pierre Gignoux\/Dynafit<\/td>\n<\/tr>\n<tr>\n<td><strong>Im Nationalteam seit:<\/strong><\/td>\n<td>2015<\/td>\n<\/tr>\n<\/tbody>\n<\/table>\n<p>&nbsp;<\/p>\n<h2>Erfolge:<\/h2>\n<div><strong>2016<\/strong><\/div>\n<div>Internationale Erfolge:<br \/>\n2. Rang Weltcup Vertical Font Blanca (AND), Klasse Espoir (15. Rang Gesamtwertung)<br \/>\n3. Rang EM\u00a0Individual Salvan-Les Marecottes (SUI), Klasse Espoir (18. Rang Gesamtwertung)<br \/>\n3. Rang EM Sprint Salvan-Les Marecottes (SUI), Klasse Espoir (10. Rang Gesamtwertung)<br \/>\n5. Rang Weltcup Individual Font Blanca (AND), Klasse Espoir (21. Rang Gesamtwertung)<br \/>\n5. Rang Weltcup Individual Albosaggia (ITA), Klasse Espoir (21. Rang Gesamtwertung)<br \/>\n6. Rang Weltcup Sprint Albosaggia (ITA), Klasse Espoir (18. Rang Gesamtwertung)<br \/>\n6. Rang Weltcup Vertical Gesamtwertung, Klasse Espoir<br \/>\n7. Rang Weltcup Individual Gesamtwertung, Klasse Espoir<br \/>\n7. Rang Weltcup Gesamtwertung, Klasse Espoir<\/div>\n<div>9. Rang Weltcup Sprint Gesamtwertung, Klasse Espoir<br \/>\n12. Rang Weltcup Vertical Salvan-Les Marecottes (SUI)<\/p>\n<div>\n<p>Bestes Mixed-Team Sellaronda Skimarathon (gemeinsam mit Ren\u00e9 Fischer)<\/p>\n<div><\/div>\n<div>Nationale Erfolge:<br \/>\n2. Rang STM Sprint Sch\u00f6nleiten Trophy, Vizestaatsmeisterin (women over all)<br \/>\n3. Rang STM Vertical Speckjagern (women over all)<\/div>\n<div><\/div>\n<p>&nbsp;<\/p>\n<div><strong>2015<\/strong><\/div>\n<div>Nationale Erfolge:<\/div>\n<div>2. Rang\u00a0\u00d6M Vertical 2015<br \/>\n5. Rang Mixed Team Sella Ronda<\/div>\n<div>\n<p>&nbsp;<\/p>\n<h2>\u00dcber mich:<\/h2>\n<p>Sport war in meiner Familie schon immer ein gro\u00dfes Thema und meine Eltern unternahmen mit mir schon von klein auf viele sportliche Aktivit\u00e4ten. Ich bewegte mich schon als Kind sehr vielseitig. Mit 13 lief ich meinen ersten Halbmarathon und bestritt auch sonst meine ersten Wettk\u00e4mpfe. Ein gutes Jahr sp\u00e4ter stieg ich in den nordischen Bereich um und wechselte in das Skigymnasium Saalfelden als Langl\u00e4uferin f\u00fcr 5 Jahre. 2013 entschied ich mich zum Saisonende\u00a0bei meinem Heimrennen auf die Hochwurzen zum ersten Mal ein Skitourenrennen zu bestreiten. Danach wusste ich, dass mir Skitourengehen eindeutig mehr Spa\u00df macht als Langlaufen. In der Saison 2014\/2015 konnte ich ein paar gute nationale Ergebnisse erzielen und somit schaffte ich es\u00a0auch in\u00a0den Anschlusskader.<br \/>\nSkitourengehen ist neben dem Triathlon zu einer gro\u00dfen Leidenschaft von mir geworden<\/p>\n<h2>Kontakt:<\/h2>\n<p>Mail: <a href=\"mailto:johanna.erhart@gmx.at\">johanna.erhart@gmx.at<\/a><\/p>\n<\/div>\n<\/div>\n<\/div>\n","protected":false},"excerpt":{"rendered":"<p>ERHART\u00a0Johanna Ort: Schladming\/Steiermark Jahrgang: 1995 Klasse: Espoir Kader: B-Kader Team: Dynafit Austria Ski: Dynafit Schuh: Pierre Gignoux\/Dynafit Im Nationalteam seit: 2015 &nbsp; Erfolge: 2016 Internationale Erfolge: 2. Rang Weltcup Vertical Font Blanca (AND), Klasse Espoir (15. Rang Gesamtwertung) 3. Rang EM\u00a0Individual Salvan-Les Marecottes (SUI), Klasse Espoir (18. Rang Gesamtwertung) 3. Rang EM Sprint Salvan-Les Marecottes [&hellip;]<\/p>\n","protected":false},"author":35,"featured_media":6182,"comment_status":"closed","ping_status":"closed","sticky":false,"template":"","format":"standard","meta":[],"categories":[4],"tags":[150,123,16],"yoast_head":"<!-- This site is optimized with the Yoast SEO plugin v16.3 - https:\/\/yoast.com\/wordpress\/plugins\/seo\/ -->\n<title>Erhart Johanna - Sportler<\/title>\n<meta name=\"description\" content=\"Johanna Erhart ist Athletin im Jugendkader des \u00d6SV Nationalkader Skibergsteigen.\" \/>\n<meta name=\"robots\" content=\"index, follow, max-snippet:-1, max-image-preview:large, max-video-preview:-1\" \/>\n<link rel=\"canonical\" href=\"https:\/\/www.skimo.at\/sportler\/3878\/erhart-johanna\/\" \/>\n<meta property=\"og:locale\" content=\"de_DE\" \/>\n<meta property=\"og:type\" content=\"article\" \/>\n<meta property=\"og:title\" content=\"Erhart Johanna - Sportler\" \/>\n<meta property=\"og:description\" content=\"Johanna Erhart ist Athletin im Jugendkader des \u00d6SV Nationalkader Skibergsteigen.\" \/>\n<meta property=\"og:url\" content=\"https:\/\/www.skimo.at\/sportler\/3878\/erhart-johanna\/\" \/>\n<meta property=\"og:site_name\" content=\"Sportler\" \/>\n<meta property=\"article:published_time\" content=\"2015-10-28T08:49:14+00:00\" \/>\n<meta property=\"article:modified_time\" content=\"2016-12-05T18:19:59+00:00\" \/>\n<meta property=\"og:image\" content=\"https:\/\/skimo.73.jarolim.eu\/sportler\/files\/2015\/10\/\u00d6SV-Nationalkader-2017-_-Johanna-Erhart-5-_-Bild-Karl-Posch-_-LR.jpg\" \/>\n\t<meta property=\"og:image:width\" content=\"2016\" \/>\n\t<meta property=\"og:image:height\" content=\"1800\" \/>\n<meta name=\"twitter:card\" content=\"summary\" \/>\n<meta name=\"twitter:label1\" content=\"Gesch\u00e4tzte Lesezeit\">\n\t<meta name=\"twitter:data1\" content=\"1\u00a0Minute\">\n<script type=\"application\/ld+json\" class=\"yoast-schema-graph\">{\"@context\":\"https:\/\/schema.org\",\"@graph\":[{\"@type\":\"WebSite\",\"@id\":\"https:\/\/skimo.73.jarolim.eu\/sportler\/#website\",\"url\":\"https:\/\/skimo.73.jarolim.eu\/sportler\/\",\"name\":\"Sportler\",\"description\":\"\",\"potentialAction\":[{\"@type\":\"SearchAction\",\"target\":\"https:\/\/skimo.73.jarolim.eu\/sportler\/?s={search_term_string}\",\"query-input\":\"required name=search_term_string\"}],\"inLanguage\":\"de\"},{\"@type\":\"ImageObject\",\"@id\":\"https:\/\/www.skimo.at\/sportler\/3878\/erhart-johanna\/#primaryimage\",\"inLanguage\":\"de\",\"url\":\"https:\/\/www.skimo.at\/sportler\/files\/2015\/10\/\\u00d6SV-Nationalkader-2017-_-Johanna-Erhart-5-_-Bild-Karl-Posch-_-LR.jpg\",\"contentUrl\":\"https:\/\/www.skimo.at\/sportler\/files\/2015\/10\/\\u00d6SV-Nationalkader-2017-_-Johanna-Erhart-5-_-Bild-Karl-Posch-_-LR.jpg\",\"width\":2016,\"height\":1800},{\"@type\":\"WebPage\",\"@id\":\"https:\/\/www.skimo.at\/sportler\/3878\/erhart-johanna\/#webpage\",\"url\":\"https:\/\/www.skimo.at\/sportler\/3878\/erhart-johanna\/\",\"name\":\"Erhart Johanna - Sportler\",\"isPartOf\":{\"@id\":\"https:\/\/skimo.73.jarolim.eu\/sportler\/#website\"},\"primaryImageOfPage\":{\"@id\":\"https:\/\/www.skimo.at\/sportler\/3878\/erhart-johanna\/#primaryimage\"},\"datePublished\":\"2015-10-28T08:49:14+00:00\",\"dateModified\":\"2016-12-05T18:19:59+00:00\",\"author\":{\"@id\":\"https:\/\/skimo.73.jarolim.eu\/sportler\/#\/schema\/person\/98f79b69381628f9078a5fab8eac4811\"},\"description\":\"Johanna Erhart ist Athletin im Jugendkader des \\u00d6SV Nationalkader Skibergsteigen.\",\"breadcrumb\":{\"@id\":\"https:\/\/www.skimo.at\/sportler\/3878\/erhart-johanna\/#breadcrumb\"},\"inLanguage\":\"de\",\"potentialAction\":[{\"@type\":\"ReadAction\",\"target\":[\"https:\/\/www.skimo.at\/sportler\/3878\/erhart-johanna\/\"]}]},{\"@type\":\"BreadcrumbList\",\"@id\":\"https:\/\/www.skimo.at\/sportler\/3878\/erhart-johanna\/#breadcrumb\",\"itemListElement\":[{\"@type\":\"ListItem\",\"position\":1,\"item\":{\"@type\":\"WebPage\",\"@id\":\"https:\/\/skimo.73.jarolim.eu\/sportler\/\",\"url\":\"https:\/\/skimo.73.jarolim.eu\/sportler\/\",\"name\":\"Home\"}},{\"@type\":\"ListItem\",\"position\":2,\"item\":{\"@id\":\"https:\/\/www.skimo.at\/sportler\/3878\/erhart-johanna\/#webpage\"}}]},{\"@type\":\"Person\",\"@id\":\"https:\/\/skimo.73.jarolim.eu\/sportler\/#\/schema\/person\/98f79b69381628f9078a5fab8eac4811\",\"name\":\"sbinder\",\"image\":{\"@type\":\"ImageObject\",\"@id\":\"https:\/\/skimo.73.jarolim.eu\/sportler\/#personlogo\",\"inLanguage\":\"de\",\"url\":\"https:\/\/secure.gravatar.com\/avatar\/11f3623e7f24f658f1be6d4cb550331e?s=96&r=g\",\"contentUrl\":\"https:\/\/secure.gravatar.com\/avatar\/11f3623e7f24f658f1be6d4cb550331e?s=96&r=g\",\"caption\":\"sbinder\"},\"url\":\"https:\/\/www.skimo.at\/sportler\/author\/sbinder\/\"}]}<\/script>\n<!-- \/ Yoast SEO plugin. -->","_links":{"self":[{"href":"https:\/\/www.skimo.at\/sportler\/wp-json\/wp\/v2\/posts\/3878"}],"collection":[{"href":"https:\/\/www.skimo.at\/sportler\/wp-json\/wp\/v2\/posts"}],"about":[{"href":"https:\/\/www.skimo.at\/sportler\/wp-json\/wp\/v2\/types\/post"}],"author":[{"embeddable":true,"href":"https:\/\/www.skimo.at\/sportler\/wp-json\/wp\/v2\/users\/35"}],"replies":[{"embeddable":true,"href":"https:\/\/www.skimo.at\/sportler\/wp-json\/wp\/v2\/comments?post=3878"}],"version-history":[{"count":21,"href":"https:\/\/www.skimo.at\/sportler\/wp-json\/wp\/v2\/posts\/3878\/revisions"}],"predecessor-version":[{"id":6184,"href":"https:\/\/www.skimo.at\/sportler\/wp-json\/wp\/v2\/posts\/3878\/revisions\/6184"}],"wp:featuredmedia":[{"embeddable":true,"href":"https:\/\/www.skimo.at\/sportler\/wp-json\/wp\/v2\/media\/6182"}],"wp:attachment":[{"href":"https:\/\/www.skimo.at\/sportler\/wp-json\/wp\/v2\/media?parent=3878"}],"wp:term":[{"taxonomy":"category","embeddable":true,"href":"https:\/\/www.skimo.at\/sportler\/wp-json\/wp\/v2\/categories?post=3878"},{"taxonomy":"post_tag","embeddable":true,"href":"https:\/\/www.skimo.at\/sportler\/wp-json\/wp\/v2\/tags?post=3878"}],"curies":[{"name":"wp","href":"https:\/\/api.w.org\/{rel}","templated":true}]}}