{"id":3872,"date":"2015-10-28T10:41:12","date_gmt":"2015-10-28T08:41:12","guid":{"rendered":"http:\/\/www.skimo.at\/sportler\/?p=3872"},"modified":"2016-12-05T20:29:54","modified_gmt":"2016-12-05T18:29:54","slug":"hoefl-armin","status":"publish","type":"post","link":"https:\/\/www.skimo.at\/sportler\/3872\/hoefl-armin\/","title":{"rendered":"H\u00f6fl Armin"},"content":{"rendered":"<h2>H\u00d6FL ARMIN<\/h2>\n<table style=\"height: 143px\" width=\"356\">\n<tbody>\n<tr>\n<td><strong>Ort:<\/strong><\/td>\n<td>Krakau\/Steiermark<\/td>\n<\/tr>\n<tr>\n<td><strong>Jahrgang:<\/strong><\/td>\n<td>1989<\/td>\n<\/tr>\n<tr>\n<td><strong>Klasse:<\/strong><\/td>\n<td>Senior<\/td>\n<\/tr>\n<tr>\n<td><strong>Kader:<\/strong><\/td>\n<td>Nationalmannschaft<\/td>\n<\/tr>\n<tr>\n<td><strong>Team:<\/strong><\/td>\n<td>Martini Speed Team<\/td>\n<\/tr>\n<tr>\n<td><strong>Ski:<\/strong><\/td>\n<td>Fischer<\/td>\n<\/tr>\n<tr>\n<td><strong>Im Nationalteam seit:<\/strong><\/td>\n<td>2015<\/td>\n<\/tr>\n<\/tbody>\n<\/table>\n<p>&nbsp;<\/p>\n<h2>Erfolge:<\/h2>\n<div>\n<p><strong>2016<\/strong><br \/>\nInternationale Erfolge:<br \/>\n20. Rang Weltcup Sprint Mondol\u00e8 (ITA)<br \/>\n21. Rang Weltcup Vertical Mondol\u00e8 (ITA)<br \/>\n23. Rang Weltcup Individual Mondol\u00e8 (ITA)<br \/>\n26. Rang Weltcup Vertical Salvan-Les Marecottes (SUI)<br \/>\n26. Rang Weltcup Individual Tambre\/Transcavallo (ITA)<br \/>\n28. Rang Weltcup Vertical Font Blanca (AND)<br \/>\n29. Rang Weltcup Sprint Tambre\/Transcavallo (ITA)<br \/>\n35. Rang Weltcup Individual Font Blanca (AND)<br \/>\n35. Rang EM Sprint Salvan-Les Marecottes (SUI)<br \/>\n36. Rang EM Individual Salvan-Les Marecottes (SUI)<\/p>\n<p>Nationale Erfolge:<br \/>\n2. Rang STM Individual Erztrophy, Vizestaatsmeister<br \/>\n4. Rang STM Sprint Sch\u00f6nleiten Trophy<br \/>\n5. Rang STM Vertical Speckjagern<\/p>\n<p><strong>2015<\/strong><br \/>\nInternationale Erfolge<br \/>\n28. Rang Weltcup Mondole Sprint Race<br \/>\n30. Rang Weltcup Mondole Vertical Race<br \/>\n33. Rang Weltcup Mondole Individual\u00a0Race<\/p>\n<h2>\u00dcber mich:<\/h2>\n<div>\n<p>Meine eigentliche sportliche Karriere hat erst mit 21 Jahren begonnen. In\u00a0meinen jungen Jahren bin ich sehr viel auf den Alpinski gestanden und habe auch an diversen Rennen teilgenommen. Ich bin gelernter Zimmerer habe aber 2011 einen Firmenwechsel in eine Fertigteilfirma\u00a0gemacht wo Schichtbetrieb ist. Somit hatte ich vormittags bzw. nachmittags immer ein paar Stunden f\u00fcr mich und um diese sinnvoll zu nutzen habe ich mit dem Skibergsteigen bzw. im Sommer mit dem Laufen\u00a0begonnen. Da ich immer alleine unterwegs war\/bin, entwickelte sich ziemlich bald der Ehrgeiz:\u00a0&#8222;das muss schneller gehen&#8220;!!!<\/p>\n<p>Heute bin ich in der\u00a0\u00d6sterreichischen Nationalmannschaft und ich werde alles geben!!!<\/p>\n<h2>Kontakt:<\/h2>\n<p>Mail: <a href=\"mailto:a.hoefl44@gmail.com\">a.hoefl44@gmail.com<\/a><\/p>\n<\/div>\n<\/div>\n","protected":false},"excerpt":{"rendered":"<p>H\u00d6FL ARMIN Ort: Krakau\/Steiermark Jahrgang: 1989 Klasse: Senior Kader: Nationalmannschaft Team: Martini Speed Team Ski: Fischer Im Nationalteam seit: 2015 &nbsp; Erfolge: 2016 Internationale Erfolge: 20. Rang Weltcup Sprint Mondol\u00e8 (ITA) 21. Rang Weltcup Vertical Mondol\u00e8 (ITA) 23. Rang Weltcup Individual Mondol\u00e8 (ITA) 26. Rang Weltcup Vertical Salvan-Les Marecottes (SUI) 26. Rang Weltcup Individual Tambre\/Transcavallo [&hellip;]<\/p>\n","protected":false},"author":35,"featured_media":6197,"comment_status":"closed","ping_status":"closed","sticky":false,"template":"","format":"standard","meta":[],"categories":[4],"tags":[90,123,16],"yoast_head":"<!-- This site is optimized with the Yoast SEO plugin v16.3 - https:\/\/yoast.com\/wordpress\/plugins\/seo\/ -->\n<title>H\u00f6fl Armin - Sportler<\/title>\n<meta name=\"description\" content=\"Armin H\u00f6fl ist Athlet im Anschlusskader des \u00d6SV Nationalkader Skibergsteigen.\" \/>\n<meta name=\"robots\" content=\"index, follow, max-snippet:-1, max-image-preview:large, max-video-preview:-1\" \/>\n<link rel=\"canonical\" href=\"https:\/\/www.skimo.at\/sportler\/3872\/hoefl-armin\/\" \/>\n<meta property=\"og:locale\" content=\"de_DE\" \/>\n<meta property=\"og:type\" content=\"article\" \/>\n<meta property=\"og:title\" content=\"H\u00f6fl Armin - Sportler\" \/>\n<meta property=\"og:description\" content=\"Armin H\u00f6fl ist Athlet im Anschlusskader des \u00d6SV Nationalkader Skibergsteigen.\" \/>\n<meta property=\"og:url\" content=\"https:\/\/www.skimo.at\/sportler\/3872\/hoefl-armin\/\" \/>\n<meta property=\"og:site_name\" content=\"Sportler\" \/>\n<meta property=\"article:published_time\" content=\"2015-10-28T08:41:12+00:00\" \/>\n<meta property=\"article:modified_time\" content=\"2016-12-05T18:29:54+00:00\" \/>\n<meta property=\"og:image\" content=\"https:\/\/skimo.73.jarolim.eu\/sportler\/files\/2015\/10\/\u00d6SV-Nationalkader-2017-_-Armin-H\u00f6fl-6-_-Bild-Karl-Posch-_-LR-scaled.jpg\" \/>\n\t<meta property=\"og:image:width\" content=\"2560\" \/>\n\t<meta property=\"og:image:height\" content=\"1707\" \/>\n<meta name=\"twitter:card\" content=\"summary\" \/>\n<meta name=\"twitter:label1\" content=\"Gesch\u00e4tzte Lesezeit\">\n\t<meta name=\"twitter:data1\" content=\"1\u00a0Minute\">\n<script type=\"application\/ld+json\" class=\"yoast-schema-graph\">{\"@context\":\"https:\/\/schema.org\",\"@graph\":[{\"@type\":\"WebSite\",\"@id\":\"https:\/\/skimo.73.jarolim.eu\/sportler\/#website\",\"url\":\"https:\/\/skimo.73.jarolim.eu\/sportler\/\",\"name\":\"Sportler\",\"description\":\"\",\"potentialAction\":[{\"@type\":\"SearchAction\",\"target\":\"https:\/\/skimo.73.jarolim.eu\/sportler\/?s={search_term_string}\",\"query-input\":\"required name=search_term_string\"}],\"inLanguage\":\"de\"},{\"@type\":\"ImageObject\",\"@id\":\"https:\/\/www.skimo.at\/sportler\/3872\/hoefl-armin\/#primaryimage\",\"inLanguage\":\"de\",\"url\":\"https:\/\/www.skimo.at\/sportler\/files\/2015\/10\/\\u00d6SV-Nationalkader-2017-_-Armin-H\\u00f6fl-6-_-Bild-Karl-Posch-_-LR-scaled.jpg\",\"contentUrl\":\"https:\/\/www.skimo.at\/sportler\/files\/2015\/10\/\\u00d6SV-Nationalkader-2017-_-Armin-H\\u00f6fl-6-_-Bild-Karl-Posch-_-LR-scaled.jpg\",\"width\":2560,\"height\":1707},{\"@type\":\"WebPage\",\"@id\":\"https:\/\/www.skimo.at\/sportler\/3872\/hoefl-armin\/#webpage\",\"url\":\"https:\/\/www.skimo.at\/sportler\/3872\/hoefl-armin\/\",\"name\":\"H\\u00f6fl Armin - Sportler\",\"isPartOf\":{\"@id\":\"https:\/\/skimo.73.jarolim.eu\/sportler\/#website\"},\"primaryImageOfPage\":{\"@id\":\"https:\/\/www.skimo.at\/sportler\/3872\/hoefl-armin\/#primaryimage\"},\"datePublished\":\"2015-10-28T08:41:12+00:00\",\"dateModified\":\"2016-12-05T18:29:54+00:00\",\"author\":{\"@id\":\"https:\/\/skimo.73.jarolim.eu\/sportler\/#\/schema\/person\/98f79b69381628f9078a5fab8eac4811\"},\"description\":\"Armin H\\u00f6fl ist Athlet im Anschlusskader des \\u00d6SV Nationalkader Skibergsteigen.\",\"breadcrumb\":{\"@id\":\"https:\/\/www.skimo.at\/sportler\/3872\/hoefl-armin\/#breadcrumb\"},\"inLanguage\":\"de\",\"potentialAction\":[{\"@type\":\"ReadAction\",\"target\":[\"https:\/\/www.skimo.at\/sportler\/3872\/hoefl-armin\/\"]}]},{\"@type\":\"BreadcrumbList\",\"@id\":\"https:\/\/www.skimo.at\/sportler\/3872\/hoefl-armin\/#breadcrumb\",\"itemListElement\":[{\"@type\":\"ListItem\",\"position\":1,\"item\":{\"@type\":\"WebPage\",\"@id\":\"https:\/\/skimo.73.jarolim.eu\/sportler\/\",\"url\":\"https:\/\/skimo.73.jarolim.eu\/sportler\/\",\"name\":\"Home\"}},{\"@type\":\"ListItem\",\"position\":2,\"item\":{\"@id\":\"https:\/\/www.skimo.at\/sportler\/3872\/hoefl-armin\/#webpage\"}}]},{\"@type\":\"Person\",\"@id\":\"https:\/\/skimo.73.jarolim.eu\/sportler\/#\/schema\/person\/98f79b69381628f9078a5fab8eac4811\",\"name\":\"sbinder\",\"image\":{\"@type\":\"ImageObject\",\"@id\":\"https:\/\/skimo.73.jarolim.eu\/sportler\/#personlogo\",\"inLanguage\":\"de\",\"url\":\"https:\/\/secure.gravatar.com\/avatar\/11f3623e7f24f658f1be6d4cb550331e?s=96&r=g\",\"contentUrl\":\"https:\/\/secure.gravatar.com\/avatar\/11f3623e7f24f658f1be6d4cb550331e?s=96&r=g\",\"caption\":\"sbinder\"},\"url\":\"https:\/\/www.skimo.at\/sportler\/author\/sbinder\/\"}]}<\/script>\n<!-- \/ Yoast SEO plugin. -->","_links":{"self":[{"href":"https:\/\/www.skimo.at\/sportler\/wp-json\/wp\/v2\/posts\/3872"}],"collection":[{"href":"https:\/\/www.skimo.at\/sportler\/wp-json\/wp\/v2\/posts"}],"about":[{"href":"https:\/\/www.skimo.at\/sportler\/wp-json\/wp\/v2\/types\/post"}],"author":[{"embeddable":true,"href":"https:\/\/www.skimo.at\/sportler\/wp-json\/wp\/v2\/users\/35"}],"replies":[{"embeddable":true,"href":"https:\/\/www.skimo.at\/sportler\/wp-json\/wp\/v2\/comments?post=3872"}],"version-history":[{"count":9,"href":"https:\/\/www.skimo.at\/sportler\/wp-json\/wp\/v2\/posts\/3872\/revisions"}],"predecessor-version":[{"id":5898,"href":"https:\/\/www.skimo.at\/sportler\/wp-json\/wp\/v2\/posts\/3872\/revisions\/5898"}],"wp:featuredmedia":[{"embeddable":true,"href":"https:\/\/www.skimo.at\/sportler\/wp-json\/wp\/v2\/media\/6197"}],"wp:attachment":[{"href":"https:\/\/www.skimo.at\/sportler\/wp-json\/wp\/v2\/media?parent=3872"}],"wp:term":[{"taxonomy":"category","embeddable":true,"href":"https:\/\/www.skimo.at\/sportler\/wp-json\/wp\/v2\/categories?post=3872"},{"taxonomy":"post_tag","embeddable":true,"href":"https:\/\/www.skimo.at\/sportler\/wp-json\/wp\/v2\/tags?post=3872"}],"curies":[{"name":"wp","href":"https:\/\/api.w.org\/{rel}","templated":true}]}}