{"id":3853,"date":"2015-10-28T10:12:19","date_gmt":"2015-10-28T08:12:19","guid":{"rendered":"http:\/\/www.skimo.at\/sportler\/?p=3853"},"modified":"2016-12-05T20:14:59","modified_gmt":"2016-12-05T18:14:59","slug":"bernsteiner-heidi","status":"publish","type":"post","link":"https:\/\/www.skimo.at\/sportler\/3853\/bernsteiner-heidi\/","title":{"rendered":"Bernsteiner Heidi"},"content":{"rendered":"<h2>BERNSTEINER\u00a0Heidi<\/h2>\n<table style=\"height: 143px\" width=\"356\">\n<tbody>\n<tr>\n<td><strong>Ort:<\/strong><\/td>\n<td>Piesendorf\/Salzburg<\/td>\n<\/tr>\n<tr>\n<td><strong>Jahrgang:<\/strong><\/td>\n<td>1984<\/td>\n<\/tr>\n<tr>\n<td><strong>Klasse:<\/strong><\/td>\n<td>Senior<\/td>\n<\/tr>\n<tr>\n<td><strong>Kader:<\/strong><\/td>\n<td>Trainingsgruppe Senior<\/td>\n<\/tr>\n<tr>\n<td><strong>Ski:<\/strong><\/td>\n<td>Ski Trab<\/td>\n<\/tr>\n<tr>\n<td><strong>Bekleidung:<\/strong><\/td>\n<td>Adidas Outdoor<\/td>\n<\/tr>\n<tr>\n<td><strong>Im Nationalteam seit:<\/strong><\/td>\n<td>2015<\/td>\n<\/tr>\n<\/tbody>\n<\/table>\n<p>&nbsp;<\/p>\n<h2>Erfolge:<\/h2>\n<div><strong>2016<br \/>\n<\/strong>Nationale Erfolge:<\/div>\n<div>2. Rang STM Individual Erztrophy, Vizestaatsmeisterin<br \/>\n3. Rang STM Sprint Sch\u00f6nleiten Trophy<\/div>\n<div>6. Rang STM Vertical Speckjagern<\/div>\n<div><\/div>\n<div><\/div>\n<p>&nbsp;<\/p>\n<div>Internationale Erfolge:<br \/>\n11. Rang Weltcup Vertical Mondol\u00e8 (ITA)<br \/>\n12. Rang Weltcup Individual Mondol\u00e8 (ITA)<br \/>\n13. Rang\u00a0Weltcup Individual Tambre\/Transcavallo (ITA)<br \/>\n15. Rang Weltcup Sprint Mondol\u00e8 (ITA)<br \/>\n17. Rang Long Distance Weltcup Tour du Rutor (ITA)<br \/>\n22. Rang Weltcup Sprint Tambre\/Transcavallo (ITA)<\/div>\n<p>&nbsp;<\/p>\n<div><strong>2015<\/strong><\/div>\n<div><\/div>\n<div><\/div>\n<div>Nationale Erfolge:<\/div>\n<div>\n<p>2. Rang Erztrophy Bischofshofen<\/p>\n<\/div>\n<div>Internationale Erfolge:<br \/>\n9. Rang Adamello Ski Raid<\/div>\n<div>19. Rang WM Verbier im Vertical<br \/>\n21. Rang WM Verbier im Individual<\/p>\n<div><strong>2014<\/strong><\/div>\n<div><\/div>\n<div><\/div>\n<div>Nationale Erfolge:<\/div>\n<div>2. Rang Erztrophy Bischofshofen<\/div>\n<div>\n<div>2. Rang \u00d6M Individual<\/div>\n<p>&nbsp;<\/p>\n<div>Internationale Erfolge:<br \/>\n9. Rang Tour du Rutor<\/div>\n<div>\n<div>\n<p>&nbsp;<\/p>\n<h2>\u00dcber mich:<\/h2>\n<p>&#8222;Pinzga Bluat is koa Nudlsuppn&#8220;, sagte mein Vater immer dann, wenns mal &#8222;a bissl zum Bei\u00dfen&#8220; wurde. Dieser Spruch hat mir schon bei so manchem Rennen geholfen! Obwohl ich gestehen muss, dass mir das &#8222;Schinden&#8220; immer noch schwer f\u00e4llt &#8211; betreibe ich doch erst die letzten zwei Saisonen Rennsport. Ich bin also ein Sp\u00e4tz\u00fcnder. Viel und leidenschaftlich gerne in den Bergen war ich aber schon immer &#8211; eigentlich seit ich denken kann. Wir haben eine H\u00fctte in Kaprun und bereits mit drei Jahren bin ich selber auf den Kitz-Gipfel gekraxelt &#8211; nat\u00fcrlich an Papas Seil! Irgendwie konnte ich wohl noch nie so richtig gut sitzen.<\/p>\n<\/div>\n<p><b>Warum gerade das Skibergsteigen so faszinierend ist?<br \/>\n<\/b>Wer die Berge liebt, so wie ich, m\u00f6chte am Liebsten das ganze Jahr oben sein. Im Winter kommt man mit Ski in Gegenden, wo man zu Fu\u00df nie hink\u00e4me, drum sind es f\u00fcr mich &#8222;die zwei Brettln, die die Welt bedeuten&#8220;. So formulierte es Karl Koller, \u00f6sterreichische Skilegende, meiner Meinung nach sehr treffend:<\/p>\n<blockquote><p>&#8222;Skifahren ist eine eigene Welt. Und allem voran steht die Freiheit. Freiheit geht \u00fcber alles. Du bist nicht eingesperrt, du bist frei in der Natur. Du kannst die Natur genie\u00dfen auf zwei Bretter, die die Welt bedeuten.&#8220;<\/p><\/blockquote>\n<p><strong>Rennsport mit &#8222;bergnarrisch&#8220; zu verbinden, ist mein Projekt f\u00fcr die n\u00e4chsten Jahre.\u00a0<\/strong>Die meiste Zeit l\u00e4sst es sich wunderbar verbinden, obwohl nat\u00fcrlich die eine oder andere Tour dem konsequenten Training zum Opfer f\u00e4llt. Damit ich motiviert bleibe, muss ich eine Gratwanderung wagen: Ich lasse mir so wenig wie nur irgend m\u00f6glich von meiner Freiheit nehmen und versuche dennoch alles, um mich fitter zu kriegen. Bis jetzt bin ich damit recht erfolgreich, finde ich!<\/p>\n<h2>Kontakt:<\/h2>\n<p>Mail:\u00a0<a href=\"mailto:heidi.bernsteiner@stud.sbg.ac.at\">heidi.bernsteiner@stud.sbg.ac.at<\/a><\/p>\n<\/div>\n<\/div>\n<\/div>\n","protected":false},"excerpt":{"rendered":"<p>BERNSTEINER\u00a0Heidi Ort: Piesendorf\/Salzburg Jahrgang: 1984 Klasse: Senior Kader: Trainingsgruppe Senior Ski: Ski Trab Bekleidung: Adidas Outdoor Im Nationalteam seit: 2015 &nbsp; Erfolge: 2016 Nationale Erfolge: 2. Rang STM Individual Erztrophy, Vizestaatsmeisterin 3. Rang STM Sprint Sch\u00f6nleiten Trophy 6. Rang STM Vertical Speckjagern &nbsp; Internationale Erfolge: 11. Rang Weltcup Vertical Mondol\u00e8 (ITA) 12. Rang Weltcup Individual [&hellip;]<\/p>\n","protected":false},"author":35,"featured_media":6178,"comment_status":"closed","ping_status":"closed","sticky":false,"template":"","format":"standard","meta":[],"categories":[4],"tags":[63,123],"yoast_head":"<!-- This site is optimized with the Yoast SEO plugin v16.3 - https:\/\/yoast.com\/wordpress\/plugins\/seo\/ -->\n<title>Bernsteiner Heidi - Sportler<\/title>\n<meta name=\"description\" content=\"Heidi Bernsteiner ist Athletin im Anschlusskader des \u00d6SV Nationalkader Skibergsteigen.\" \/>\n<meta name=\"robots\" content=\"index, follow, max-snippet:-1, max-image-preview:large, max-video-preview:-1\" \/>\n<link rel=\"canonical\" href=\"https:\/\/www.skimo.at\/sportler\/3853\/bernsteiner-heidi\/\" \/>\n<meta property=\"og:locale\" content=\"de_DE\" \/>\n<meta property=\"og:type\" content=\"article\" \/>\n<meta property=\"og:title\" content=\"Bernsteiner Heidi - Sportler\" \/>\n<meta property=\"og:description\" content=\"Heidi Bernsteiner ist Athletin im Anschlusskader des \u00d6SV Nationalkader Skibergsteigen.\" \/>\n<meta property=\"og:url\" content=\"https:\/\/www.skimo.at\/sportler\/3853\/bernsteiner-heidi\/\" \/>\n<meta property=\"og:site_name\" content=\"Sportler\" \/>\n<meta property=\"article:published_time\" content=\"2015-10-28T08:12:19+00:00\" \/>\n<meta property=\"article:modified_time\" content=\"2016-12-05T18:14:59+00:00\" \/>\n<meta property=\"og:image\" content=\"https:\/\/skimo.73.jarolim.eu\/sportler\/files\/2015\/10\/\u00d6SV-Nationalkader-2017-_-Heidi-Bernsteiner-4-_-Bild-Karl-Posch-_-LR.jpg\" \/>\n\t<meta property=\"og:image:width\" content=\"1800\" \/>\n\t<meta property=\"og:image:height\" content=\"1800\" \/>\n<meta name=\"twitter:card\" content=\"summary\" \/>\n<meta name=\"twitter:label1\" content=\"Gesch\u00e4tzte Lesezeit\">\n\t<meta name=\"twitter:data1\" content=\"2\u00a0Minuten\">\n<script type=\"application\/ld+json\" class=\"yoast-schema-graph\">{\"@context\":\"https:\/\/schema.org\",\"@graph\":[{\"@type\":\"WebSite\",\"@id\":\"https:\/\/skimo.73.jarolim.eu\/sportler\/#website\",\"url\":\"https:\/\/skimo.73.jarolim.eu\/sportler\/\",\"name\":\"Sportler\",\"description\":\"\",\"potentialAction\":[{\"@type\":\"SearchAction\",\"target\":\"https:\/\/skimo.73.jarolim.eu\/sportler\/?s={search_term_string}\",\"query-input\":\"required name=search_term_string\"}],\"inLanguage\":\"de\"},{\"@type\":\"ImageObject\",\"@id\":\"https:\/\/www.skimo.at\/sportler\/3853\/bernsteiner-heidi\/#primaryimage\",\"inLanguage\":\"de\",\"url\":\"https:\/\/www.skimo.at\/sportler\/files\/2015\/10\/\\u00d6SV-Nationalkader-2017-_-Heidi-Bernsteiner-4-_-Bild-Karl-Posch-_-LR.jpg\",\"contentUrl\":\"https:\/\/www.skimo.at\/sportler\/files\/2015\/10\/\\u00d6SV-Nationalkader-2017-_-Heidi-Bernsteiner-4-_-Bild-Karl-Posch-_-LR.jpg\",\"width\":1800,\"height\":1800},{\"@type\":\"WebPage\",\"@id\":\"https:\/\/www.skimo.at\/sportler\/3853\/bernsteiner-heidi\/#webpage\",\"url\":\"https:\/\/www.skimo.at\/sportler\/3853\/bernsteiner-heidi\/\",\"name\":\"Bernsteiner Heidi - Sportler\",\"isPartOf\":{\"@id\":\"https:\/\/skimo.73.jarolim.eu\/sportler\/#website\"},\"primaryImageOfPage\":{\"@id\":\"https:\/\/www.skimo.at\/sportler\/3853\/bernsteiner-heidi\/#primaryimage\"},\"datePublished\":\"2015-10-28T08:12:19+00:00\",\"dateModified\":\"2016-12-05T18:14:59+00:00\",\"author\":{\"@id\":\"https:\/\/skimo.73.jarolim.eu\/sportler\/#\/schema\/person\/98f79b69381628f9078a5fab8eac4811\"},\"description\":\"Heidi Bernsteiner ist Athletin im Anschlusskader des \\u00d6SV Nationalkader Skibergsteigen.\",\"breadcrumb\":{\"@id\":\"https:\/\/www.skimo.at\/sportler\/3853\/bernsteiner-heidi\/#breadcrumb\"},\"inLanguage\":\"de\",\"potentialAction\":[{\"@type\":\"ReadAction\",\"target\":[\"https:\/\/www.skimo.at\/sportler\/3853\/bernsteiner-heidi\/\"]}]},{\"@type\":\"BreadcrumbList\",\"@id\":\"https:\/\/www.skimo.at\/sportler\/3853\/bernsteiner-heidi\/#breadcrumb\",\"itemListElement\":[{\"@type\":\"ListItem\",\"position\":1,\"item\":{\"@type\":\"WebPage\",\"@id\":\"https:\/\/skimo.73.jarolim.eu\/sportler\/\",\"url\":\"https:\/\/skimo.73.jarolim.eu\/sportler\/\",\"name\":\"Home\"}},{\"@type\":\"ListItem\",\"position\":2,\"item\":{\"@id\":\"https:\/\/www.skimo.at\/sportler\/3853\/bernsteiner-heidi\/#webpage\"}}]},{\"@type\":\"Person\",\"@id\":\"https:\/\/skimo.73.jarolim.eu\/sportler\/#\/schema\/person\/98f79b69381628f9078a5fab8eac4811\",\"name\":\"sbinder\",\"image\":{\"@type\":\"ImageObject\",\"@id\":\"https:\/\/skimo.73.jarolim.eu\/sportler\/#personlogo\",\"inLanguage\":\"de\",\"url\":\"https:\/\/secure.gravatar.com\/avatar\/11f3623e7f24f658f1be6d4cb550331e?s=96&r=g\",\"contentUrl\":\"https:\/\/secure.gravatar.com\/avatar\/11f3623e7f24f658f1be6d4cb550331e?s=96&r=g\",\"caption\":\"sbinder\"},\"url\":\"https:\/\/www.skimo.at\/sportler\/author\/sbinder\/\"}]}<\/script>\n<!-- \/ Yoast SEO plugin. -->","_links":{"self":[{"href":"https:\/\/www.skimo.at\/sportler\/wp-json\/wp\/v2\/posts\/3853"}],"collection":[{"href":"https:\/\/www.skimo.at\/sportler\/wp-json\/wp\/v2\/posts"}],"about":[{"href":"https:\/\/www.skimo.at\/sportler\/wp-json\/wp\/v2\/types\/post"}],"author":[{"embeddable":true,"href":"https:\/\/www.skimo.at\/sportler\/wp-json\/wp\/v2\/users\/35"}],"replies":[{"embeddable":true,"href":"https:\/\/www.skimo.at\/sportler\/wp-json\/wp\/v2\/comments?post=3853"}],"version-history":[{"count":25,"href":"https:\/\/www.skimo.at\/sportler\/wp-json\/wp\/v2\/posts\/3853\/revisions"}],"predecessor-version":[{"id":5851,"href":"https:\/\/www.skimo.at\/sportler\/wp-json\/wp\/v2\/posts\/3853\/revisions\/5851"}],"wp:featuredmedia":[{"embeddable":true,"href":"https:\/\/www.skimo.at\/sportler\/wp-json\/wp\/v2\/media\/6178"}],"wp:attachment":[{"href":"https:\/\/www.skimo.at\/sportler\/wp-json\/wp\/v2\/media?parent=3853"}],"wp:term":[{"taxonomy":"category","embeddable":true,"href":"https:\/\/www.skimo.at\/sportler\/wp-json\/wp\/v2\/categories?post=3853"},{"taxonomy":"post_tag","embeddable":true,"href":"https:\/\/www.skimo.at\/sportler\/wp-json\/wp\/v2\/tags?post=3853"}],"curies":[{"name":"wp","href":"https:\/\/api.w.org\/{rel}","templated":true}]}}