{"id":3772,"date":"2015-10-22T21:57:46","date_gmt":"2015-10-22T19:57:46","guid":{"rendered":"http:\/\/www.skimo.at\/sportler\/?p=3772"},"modified":"2021-01-05T19:41:24","modified_gmt":"2021-01-05T17:41:24","slug":"bildbericht-vom-3-trainingslager-der-oesv-skibergsteiger-am-stilfser-joch-ita","status":"publish","type":"post","link":"https:\/\/www.skimo.at\/sportler\/3772\/bildbericht-vom-3-trainingslager-der-oesv-skibergsteiger-am-stilfser-joch-ita\/","title":{"rendered":"Bildbericht vom 3. Trainingslager der \u00d6SV Skibergsteiger am Stilfser Joch (ITA)"},"content":{"rendered":"<p>Am Dreil\u00e4nder-Eck zwischen Schweiz, Italien und S\u00fcdtirol haben die Mitglieder des A-Kaders der \u00d6SV Skbergsteiger soeben eine Grundlagen-Woche auf Schnee verbracht. Mit einem Ausgangspunkt auf 2.757 Meter Seeh\u00f6he und besten Schneebedingungen war dieses Trainingslager auch eines mit gro\u00dfem Neidfaktor f\u00fcr alle, die nicht dabei sein konnten.<\/p>\n<h3>Grundlage und Umf\u00e4nge f\u00fcr die Bergsteiger<\/h3>\n<p><a href=\"http:\/\/www.askimo.at\/nationalmannschaft\/files\/2015\/10\/TL-Ramsau-2015-_-Motiv-04-_-Bild-Alex-Lugger-_-LR.jpg\"><img loading=\"lazy\" class=\"alignleft wp-image-3771 size-thumbnail\" src=\"http:\/\/www.askimo.at\/nationalmannschaft\/files\/2015\/10\/TL-Ramsau-2015-_-Motiv-04-_-Bild-Alex-Lugger-_-LR-150x150.jpg\" alt=\"TL Ramsau 2015 _ Motiv 04 _ Bild Alex Lugger _ LR\" width=\"150\" height=\"150\" \/><\/a>Die Bergsteiger unter den \u00d6SV Sportlern haben am Stilfser Joch sch\u00f6ne aber anstrengende Fr\u00fchwinter-Tage verbracht. Mindestens 2 lange Einheiten pro Tag mit den Langlaufskiern standen dabei am Programm, und vor allem alpine Skitouren. Moderat im Tempo, daf\u00fcr \u00fcber viele Stunden und H\u00f6henmeter. Trainer Alex Lugger konnte speziell beim Langlaufen aus seinem Repertoire \u00a0sch\u00f6pfen, er war vor seiner Karriere als Skibergsteiger selber im Zollkader Langlauf.<\/p>\n<h3>Pulverschnee als Belohnung<\/h3>\n<p>F\u00fcr die vielen Stunden im Aufstieg wurden Jakob Herrmann, Martin Weisskopf und Daniel Zugg mit Physio Martin Schneider belohnt, wie es sich f\u00fcr Skibergsteiger geh\u00f6rt: mit 40 cm bestem Pulverschnee! Wie die mitgebrachten Bilder zeigen, ist am Stilfser Joch schon der Winter eingekehrt und die Sportler konnten davon gleich die besten Momente mitnehmen.<\/p>\n<h3>Vorbereitungen n\u00e4hern sich dem H\u00f6hepunkt<\/h3>\n<p><a href=\"http:\/\/www.askimo.at\/nationalmannschaft\/files\/2015\/10\/TL-Ramsau-2015-_-Motiv-23-_-Bild-Alex-Lugger-_-LR.jpg\"><img loading=\"lazy\" class=\"alignleft wp-image-3790 size-thumbnail\" src=\"http:\/\/www.askimo.at\/nationalmannschaft\/files\/2015\/10\/TL-Ramsau-2015-_-Motiv-23-_-Bild-Alex-Lugger-_-LR-150x150.jpg\" alt=\"TL Ramsau 2015 _ Motiv 23 _ Bild Alex Lugger _ LR\" width=\"150\" height=\"150\" \/><\/a>F\u00fcr die Sportler geht\u2019s nun in kleinen Schritten in Richtung Endphase der Vorbereitungen. Ende November stehen zwar die ersten kleineren Wettk\u00e4mpfe an, Anfang J\u00e4nner startet dann aber erst der ISMF Weltcup. Headcoach Alex Lugger sagte uns zum Trainingsverlauf heute am Telefon:<\/p>\n<blockquote><p>\u201eDie Vorbereitungen laufen gut, dass wir so fr\u00fch qualitativ hochwertig auf Schnee sein k\u00f6nnen, ist super. Hohes Tempo wird trotzdem noch keins gegangen, daf\u00fcr ist noch Zeit genug. Unsere Athleten sind allesamt noch in den langen Einheiten, denn es gilt eine lange Saison zu bestreiten, die letzten Rennen des ISMF Rennzirkus sind erst Ende April.\u201c<\/p><\/blockquote>\n<p>Wir w\u00fcnschen den Sportlern noch eine gute Zeit am Stilfser Joch und eine gute weitere Vorbereitung auf die Saison!<\/p>\n<p><strong>Wir danken den Sponsoren des \u00d6SV Nationalkaders:<\/strong><br \/>\nADIDAS Outdoorbekleidung, BUFF Headwear, CONTOUR Steigfelle, NIKWAX Impr\u00e4gnierungen, ORTHOMOL Nahrungserg\u00e4nzungsmittel, PIEPS Versch\u00fctteten-Suchger\u00e4te, TENCEL<\/p>\n","protected":false},"excerpt":{"rendered":"<p>Am Dreil\u00e4nder-Eck zwischen Schweiz, Italien und S\u00fcdtirol haben die Mitglieder des A-Kaders der \u00d6SV Skbergsteiger soeben eine Grundlagen-Woche auf Schnee verbracht. Mit einem Ausgangspunkt auf 2.757 Meter Seeh\u00f6he und besten Schneebedingungen war dieses Trainingslager auch eines mit gro\u00dfem Neidfaktor f\u00fcr alle, die nicht dabei sein konnten. Grundlage und Umf\u00e4nge f\u00fcr die Bergsteiger Die Bergsteiger unter [&hellip;]<\/p>\n","protected":false},"author":3,"featured_media":3801,"comment_status":"closed","ping_status":"closed","sticky":false,"template":"","format":"standard","meta":[],"categories":[1,3],"tags":[102,103,104,13,105,106,107,108,37,109,110,16,111,112,41],"yoast_head":"<!-- This site is optimized with the Yoast SEO plugin v16.3 - https:\/\/yoast.com\/wordpress\/plugins\/seo\/ -->\n<title>Bildbericht vom 3. Trainingslager der \u00d6SV Skibergsteiger am Stilfser Joch (ITA) - Sportler<\/title>\n<meta name=\"robots\" content=\"index, follow, max-snippet:-1, max-image-preview:large, max-video-preview:-1\" \/>\n<link rel=\"canonical\" href=\"https:\/\/www.skimo.at\/sportler\/3772\/bildbericht-vom-3-trainingslager-der-oesv-skibergsteiger-am-stilfser-joch-ita\/\" \/>\n<meta property=\"og:locale\" content=\"de_DE\" \/>\n<meta property=\"og:type\" content=\"article\" \/>\n<meta property=\"og:title\" content=\"Bildbericht vom 3. Trainingslager der \u00d6SV Skibergsteiger am Stilfser Joch (ITA) - Sportler\" \/>\n<meta property=\"og:description\" content=\"Am Dreil\u00e4nder-Eck zwischen Schweiz, Italien und S\u00fcdtirol haben die Mitglieder des A-Kaders der \u00d6SV Skbergsteiger soeben eine Grundlagen-Woche auf Schnee verbracht. Mit einem Ausgangspunkt auf 2.757 Meter Seeh\u00f6he und besten Schneebedingungen war dieses Trainingslager auch eines mit gro\u00dfem Neidfaktor f\u00fcr alle, die nicht dabei sein konnten. Grundlage und Umf\u00e4nge f\u00fcr die Bergsteiger Die Bergsteiger unter [&hellip;]\" \/>\n<meta property=\"og:url\" content=\"https:\/\/www.skimo.at\/sportler\/3772\/bildbericht-vom-3-trainingslager-der-oesv-skibergsteiger-am-stilfser-joch-ita\/\" \/>\n<meta property=\"og:site_name\" content=\"Sportler\" \/>\n<meta property=\"article:published_time\" content=\"2015-10-22T19:57:46+00:00\" \/>\n<meta property=\"article:modified_time\" content=\"2021-01-05T17:41:24+00:00\" \/>\n<meta property=\"og:image\" content=\"https:\/\/skimo.73.jarolim.eu\/sportler\/files\/2015\/10\/TL-Ramsau-2015-_-Motiv-25-_-Bild-Alex-Lugger-_-LR.jpg\" \/>\n\t<meta property=\"og:image:width\" content=\"1916\" \/>\n\t<meta property=\"og:image:height\" content=\"1280\" \/>\n<meta name=\"twitter:card\" content=\"summary\" \/>\n<meta name=\"twitter:label1\" content=\"Gesch\u00e4tzte Lesezeit\">\n\t<meta name=\"twitter:data1\" content=\"2\u00a0Minuten\">\n<script type=\"application\/ld+json\" class=\"yoast-schema-graph\">{\"@context\":\"https:\/\/schema.org\",\"@graph\":[{\"@type\":\"WebSite\",\"@id\":\"https:\/\/skimo.73.jarolim.eu\/sportler\/#website\",\"url\":\"https:\/\/skimo.73.jarolim.eu\/sportler\/\",\"name\":\"Sportler\",\"description\":\"\",\"potentialAction\":[{\"@type\":\"SearchAction\",\"target\":\"https:\/\/skimo.73.jarolim.eu\/sportler\/?s={search_term_string}\",\"query-input\":\"required name=search_term_string\"}],\"inLanguage\":\"de\"},{\"@type\":\"ImageObject\",\"@id\":\"https:\/\/www.skimo.at\/sportler\/3772\/bildbericht-vom-3-trainingslager-der-oesv-skibergsteiger-am-stilfser-joch-ita\/#primaryimage\",\"inLanguage\":\"de\",\"url\":\"https:\/\/www.skimo.at\/sportler\/files\/2015\/10\/TL-Ramsau-2015-_-Motiv-25-_-Bild-Alex-Lugger-_-LR.jpg\",\"contentUrl\":\"https:\/\/www.skimo.at\/sportler\/files\/2015\/10\/TL-Ramsau-2015-_-Motiv-25-_-Bild-Alex-Lugger-_-LR.jpg\",\"width\":1916,\"height\":1280},{\"@type\":\"WebPage\",\"@id\":\"https:\/\/www.skimo.at\/sportler\/3772\/bildbericht-vom-3-trainingslager-der-oesv-skibergsteiger-am-stilfser-joch-ita\/#webpage\",\"url\":\"https:\/\/www.skimo.at\/sportler\/3772\/bildbericht-vom-3-trainingslager-der-oesv-skibergsteiger-am-stilfser-joch-ita\/\",\"name\":\"Bildbericht vom 3. Trainingslager der \\u00d6SV Skibergsteiger am Stilfser Joch (ITA) - Sportler\",\"isPartOf\":{\"@id\":\"https:\/\/skimo.73.jarolim.eu\/sportler\/#website\"},\"primaryImageOfPage\":{\"@id\":\"https:\/\/www.skimo.at\/sportler\/3772\/bildbericht-vom-3-trainingslager-der-oesv-skibergsteiger-am-stilfser-joch-ita\/#primaryimage\"},\"datePublished\":\"2015-10-22T19:57:46+00:00\",\"dateModified\":\"2021-01-05T17:41:24+00:00\",\"author\":{\"@id\":\"https:\/\/skimo.73.jarolim.eu\/sportler\/#\/schema\/person\/796ecbce6796efca58bf848ca63ec12c\"},\"breadcrumb\":{\"@id\":\"https:\/\/www.skimo.at\/sportler\/3772\/bildbericht-vom-3-trainingslager-der-oesv-skibergsteiger-am-stilfser-joch-ita\/#breadcrumb\"},\"inLanguage\":\"de\",\"potentialAction\":[{\"@type\":\"ReadAction\",\"target\":[\"https:\/\/www.skimo.at\/sportler\/3772\/bildbericht-vom-3-trainingslager-der-oesv-skibergsteiger-am-stilfser-joch-ita\/\"]}]},{\"@type\":\"BreadcrumbList\",\"@id\":\"https:\/\/www.skimo.at\/sportler\/3772\/bildbericht-vom-3-trainingslager-der-oesv-skibergsteiger-am-stilfser-joch-ita\/#breadcrumb\",\"itemListElement\":[{\"@type\":\"ListItem\",\"position\":1,\"item\":{\"@type\":\"WebPage\",\"@id\":\"https:\/\/skimo.73.jarolim.eu\/sportler\/\",\"url\":\"https:\/\/skimo.73.jarolim.eu\/sportler\/\",\"name\":\"Home\"}},{\"@type\":\"ListItem\",\"position\":2,\"item\":{\"@id\":\"https:\/\/www.skimo.at\/sportler\/3772\/bildbericht-vom-3-trainingslager-der-oesv-skibergsteiger-am-stilfser-joch-ita\/#webpage\"}}]},{\"@type\":\"Person\",\"@id\":\"https:\/\/skimo.73.jarolim.eu\/sportler\/#\/schema\/person\/796ecbce6796efca58bf848ca63ec12c\",\"name\":\"kposch\",\"image\":{\"@type\":\"ImageObject\",\"@id\":\"https:\/\/skimo.73.jarolim.eu\/sportler\/#personlogo\",\"inLanguage\":\"de\",\"url\":\"https:\/\/secure.gravatar.com\/avatar\/e9f5f28da60e5e563d3f4d3cc0b9b425?s=96&r=g\",\"contentUrl\":\"https:\/\/secure.gravatar.com\/avatar\/e9f5f28da60e5e563d3f4d3cc0b9b425?s=96&r=g\",\"caption\":\"kposch\"},\"url\":\"https:\/\/www.skimo.at\/sportler\/author\/kposch\/\"}]}<\/script>\n<!-- \/ Yoast SEO plugin. -->","_links":{"self":[{"href":"https:\/\/www.skimo.at\/sportler\/wp-json\/wp\/v2\/posts\/3772"}],"collection":[{"href":"https:\/\/www.skimo.at\/sportler\/wp-json\/wp\/v2\/posts"}],"about":[{"href":"https:\/\/www.skimo.at\/sportler\/wp-json\/wp\/v2\/types\/post"}],"author":[{"embeddable":true,"href":"https:\/\/www.skimo.at\/sportler\/wp-json\/wp\/v2\/users\/3"}],"replies":[{"embeddable":true,"href":"https:\/\/www.skimo.at\/sportler\/wp-json\/wp\/v2\/comments?post=3772"}],"version-history":[{"count":3,"href":"https:\/\/www.skimo.at\/sportler\/wp-json\/wp\/v2\/posts\/3772\/revisions"}],"predecessor-version":[{"id":15675,"href":"https:\/\/www.skimo.at\/sportler\/wp-json\/wp\/v2\/posts\/3772\/revisions\/15675"}],"wp:featuredmedia":[{"embeddable":true,"href":"https:\/\/www.skimo.at\/sportler\/wp-json\/wp\/v2\/media\/3801"}],"wp:attachment":[{"href":"https:\/\/www.skimo.at\/sportler\/wp-json\/wp\/v2\/media?parent=3772"}],"wp:term":[{"taxonomy":"category","embeddable":true,"href":"https:\/\/www.skimo.at\/sportler\/wp-json\/wp\/v2\/categories?post=3772"},{"taxonomy":"post_tag","embeddable":true,"href":"https:\/\/www.skimo.at\/sportler\/wp-json\/wp\/v2\/tags?post=3772"}],"curies":[{"name":"wp","href":"https:\/\/api.w.org\/{rel}","templated":true}]}}