{"id":3695,"date":"2015-09-23T10:58:31","date_gmt":"2015-09-23T08:58:31","guid":{"rendered":"http:\/\/www.skimo.at\/sportler\/?p=3695"},"modified":"2015-09-23T11:24:50","modified_gmt":"2015-09-23T09:24:50","slug":"erste-news-vom-a-kader-trainingslager-in-ramsau-am-dachstein","status":"publish","type":"post","link":"https:\/\/www.skimo.at\/sportler\/3695\/erste-news-vom-a-kader-trainingslager-in-ramsau-am-dachstein\/","title":{"rendered":"Erste News vom A-Kader Trainingslager in Ramsau am Dachstein"},"content":{"rendered":"<p><img loading=\"lazy\" class=\"alignleft wp-image-3698 size-thumbnail\" src=\"http:\/\/www.skimo.at\/sportler\/files\/2015\/09\/TL-Ramsau-2015-_-Daniel-Zugg-Markus-Hohenwarter-und-Martin-Weisskopf-endlich-auf-Schnee-_-Bild-Alex-Lugger-_-LR-150x150.jpg\" alt=\"TL Ramsau 2015 _ Daniel Zugg, Markus Hohenwarter und Martin Weisskopf endlich auf Schnee _ Bild Alex Lugger _ LR\" width=\"150\" height=\"150\" \/>Der A-Kader der \u00d6SV Skibergsteiger ist seit Montag auf Trainingslager in Ramsau am Dachstein im Einsatz. Neben ersten Einheiten auf Schnee \u2013 seit heute auch im Neuschnee \u2013 gilt es immer noch, die Skiroller am rollen zu halten und gleichzeitig Kraft und Koordination zu st\u00e4rken. Jakob Herrmann, Martin Weisskopf und Daniel Zugg sind zusammen mit Physiotherapeut Markus Hohenwarter und Headcoach Alex Lugger w\u00e4hrend der Tage in Ramsau laufend unterwegs.<\/p>\n<p>&nbsp;<br \/>\nErg\u00e4nzend zu den praktischen Einheiten, f\u00fcr die das Betreuungsteam f\u00fcr 2 Tage mit Matthias Gumpenberger als Krafttrainer erweitert wurde, gibt\u2019s auch analytische Einheiten. Dazu war gestern \u00d6SV Kondi-Trainer der Alpinen, Peter Eichberger, beim Nachmittagstraining dabei. Die interessanten Inputs sind Basis f\u00fcr die n\u00e4chsten Trainingslager.<\/p>\n<p>&nbsp;<\/p>\n","protected":false},"excerpt":{"rendered":"<p>Der A-Kader der \u00d6SV Skibergsteiger ist seit Montag auf Trainingslager in Ramsau am Dachstein im Einsatz. Neben ersten Einheiten auf Schnee \u2013 seit heute auch im Neuschnee \u2013 gilt es immer noch, die Skiroller am rollen zu halten und gleichzeitig Kraft und Koordination zu st\u00e4rken. Jakob Herrmann, Martin Weisskopf und Daniel Zugg sind zusammen mit [&hellip;]<\/p>\n","protected":false},"author":3,"featured_media":3708,"comment_status":"closed","ping_status":"closed","sticky":false,"template":"","format":"standard","meta":[],"categories":[1,9,3],"tags":[99,101,37,24,16,100],"yoast_head":"<!-- This site is optimized with the Yoast SEO plugin v16.3 - https:\/\/yoast.com\/wordpress\/plugins\/seo\/ -->\n<title>Erste News vom A-Kader Trainingslager in Ramsau am Dachstein - Sportler<\/title>\n<meta name=\"robots\" content=\"index, follow, max-snippet:-1, max-image-preview:large, max-video-preview:-1\" \/>\n<link rel=\"canonical\" href=\"https:\/\/www.skimo.at\/sportler\/3695\/erste-news-vom-a-kader-trainingslager-in-ramsau-am-dachstein\/\" \/>\n<meta property=\"og:locale\" content=\"de_DE\" \/>\n<meta property=\"og:type\" content=\"article\" \/>\n<meta property=\"og:title\" content=\"Erste News vom A-Kader Trainingslager in Ramsau am Dachstein - Sportler\" \/>\n<meta property=\"og:description\" content=\"Der A-Kader der \u00d6SV Skibergsteiger ist seit Montag auf Trainingslager in Ramsau am Dachstein im Einsatz. Neben ersten Einheiten auf Schnee \u2013 seit heute auch im Neuschnee \u2013 gilt es immer noch, die Skiroller am rollen zu halten und gleichzeitig Kraft und Koordination zu st\u00e4rken. Jakob Herrmann, Martin Weisskopf und Daniel Zugg sind zusammen mit [&hellip;]\" \/>\n<meta property=\"og:url\" content=\"https:\/\/www.skimo.at\/sportler\/3695\/erste-news-vom-a-kader-trainingslager-in-ramsau-am-dachstein\/\" \/>\n<meta property=\"og:site_name\" content=\"Sportler\" \/>\n<meta property=\"article:published_time\" content=\"2015-09-23T08:58:31+00:00\" \/>\n<meta property=\"article:modified_time\" content=\"2015-09-23T09:24:50+00:00\" \/>\n<meta property=\"og:image\" content=\"https:\/\/skimo.73.jarolim.eu\/sportler\/files\/2015\/09\/TL-Ramsau-2015-_-vlnr-Markus-Hohenwarter-Alexander-Lugger-Jakob-Herrmann-Daniel-Zugg-Martin-Weisskopf-_-Bild-Alex-Lugger-_-LR-scaled.jpg\" \/>\n\t<meta property=\"og:image:width\" content=\"2560\" \/>\n\t<meta property=\"og:image:height\" content=\"1710\" \/>\n<meta name=\"twitter:card\" content=\"summary\" \/>\n<meta name=\"twitter:label1\" content=\"Gesch\u00e4tzte Lesezeit\">\n\t<meta name=\"twitter:data1\" content=\"1\u00a0Minute\">\n<script type=\"application\/ld+json\" class=\"yoast-schema-graph\">{\"@context\":\"https:\/\/schema.org\",\"@graph\":[{\"@type\":\"WebSite\",\"@id\":\"https:\/\/skimo.73.jarolim.eu\/sportler\/#website\",\"url\":\"https:\/\/skimo.73.jarolim.eu\/sportler\/\",\"name\":\"Sportler\",\"description\":\"\",\"potentialAction\":[{\"@type\":\"SearchAction\",\"target\":\"https:\/\/skimo.73.jarolim.eu\/sportler\/?s={search_term_string}\",\"query-input\":\"required name=search_term_string\"}],\"inLanguage\":\"de\"},{\"@type\":\"ImageObject\",\"@id\":\"https:\/\/www.skimo.at\/sportler\/3695\/erste-news-vom-a-kader-trainingslager-in-ramsau-am-dachstein\/#primaryimage\",\"inLanguage\":\"de\",\"url\":\"https:\/\/www.skimo.at\/sportler\/files\/2015\/09\/TL-Ramsau-2015-_-vlnr-Markus-Hohenwarter-Alexander-Lugger-Jakob-Herrmann-Daniel-Zugg-Martin-Weisskopf-_-Bild-Alex-Lugger-_-LR-scaled.jpg\",\"contentUrl\":\"https:\/\/www.skimo.at\/sportler\/files\/2015\/09\/TL-Ramsau-2015-_-vlnr-Markus-Hohenwarter-Alexander-Lugger-Jakob-Herrmann-Daniel-Zugg-Martin-Weisskopf-_-Bild-Alex-Lugger-_-LR-scaled.jpg\",\"width\":2560,\"height\":1710},{\"@type\":\"WebPage\",\"@id\":\"https:\/\/www.skimo.at\/sportler\/3695\/erste-news-vom-a-kader-trainingslager-in-ramsau-am-dachstein\/#webpage\",\"url\":\"https:\/\/www.skimo.at\/sportler\/3695\/erste-news-vom-a-kader-trainingslager-in-ramsau-am-dachstein\/\",\"name\":\"Erste News vom A-Kader Trainingslager in Ramsau am Dachstein - Sportler\",\"isPartOf\":{\"@id\":\"https:\/\/skimo.73.jarolim.eu\/sportler\/#website\"},\"primaryImageOfPage\":{\"@id\":\"https:\/\/www.skimo.at\/sportler\/3695\/erste-news-vom-a-kader-trainingslager-in-ramsau-am-dachstein\/#primaryimage\"},\"datePublished\":\"2015-09-23T08:58:31+00:00\",\"dateModified\":\"2015-09-23T09:24:50+00:00\",\"author\":{\"@id\":\"https:\/\/skimo.73.jarolim.eu\/sportler\/#\/schema\/person\/796ecbce6796efca58bf848ca63ec12c\"},\"breadcrumb\":{\"@id\":\"https:\/\/www.skimo.at\/sportler\/3695\/erste-news-vom-a-kader-trainingslager-in-ramsau-am-dachstein\/#breadcrumb\"},\"inLanguage\":\"de\",\"potentialAction\":[{\"@type\":\"ReadAction\",\"target\":[\"https:\/\/www.skimo.at\/sportler\/3695\/erste-news-vom-a-kader-trainingslager-in-ramsau-am-dachstein\/\"]}]},{\"@type\":\"BreadcrumbList\",\"@id\":\"https:\/\/www.skimo.at\/sportler\/3695\/erste-news-vom-a-kader-trainingslager-in-ramsau-am-dachstein\/#breadcrumb\",\"itemListElement\":[{\"@type\":\"ListItem\",\"position\":1,\"item\":{\"@type\":\"WebPage\",\"@id\":\"https:\/\/skimo.73.jarolim.eu\/sportler\/\",\"url\":\"https:\/\/skimo.73.jarolim.eu\/sportler\/\",\"name\":\"Home\"}},{\"@type\":\"ListItem\",\"position\":2,\"item\":{\"@id\":\"https:\/\/www.skimo.at\/sportler\/3695\/erste-news-vom-a-kader-trainingslager-in-ramsau-am-dachstein\/#webpage\"}}]},{\"@type\":\"Person\",\"@id\":\"https:\/\/skimo.73.jarolim.eu\/sportler\/#\/schema\/person\/796ecbce6796efca58bf848ca63ec12c\",\"name\":\"kposch\",\"image\":{\"@type\":\"ImageObject\",\"@id\":\"https:\/\/skimo.73.jarolim.eu\/sportler\/#personlogo\",\"inLanguage\":\"de\",\"url\":\"https:\/\/secure.gravatar.com\/avatar\/e9f5f28da60e5e563d3f4d3cc0b9b425?s=96&r=g\",\"contentUrl\":\"https:\/\/secure.gravatar.com\/avatar\/e9f5f28da60e5e563d3f4d3cc0b9b425?s=96&r=g\",\"caption\":\"kposch\"},\"url\":\"https:\/\/www.skimo.at\/sportler\/author\/kposch\/\"}]}<\/script>\n<!-- \/ Yoast SEO plugin. -->","_links":{"self":[{"href":"https:\/\/www.skimo.at\/sportler\/wp-json\/wp\/v2\/posts\/3695"}],"collection":[{"href":"https:\/\/www.skimo.at\/sportler\/wp-json\/wp\/v2\/posts"}],"about":[{"href":"https:\/\/www.skimo.at\/sportler\/wp-json\/wp\/v2\/types\/post"}],"author":[{"embeddable":true,"href":"https:\/\/www.skimo.at\/sportler\/wp-json\/wp\/v2\/users\/3"}],"replies":[{"embeddable":true,"href":"https:\/\/www.skimo.at\/sportler\/wp-json\/wp\/v2\/comments?post=3695"}],"version-history":[{"count":8,"href":"https:\/\/www.skimo.at\/sportler\/wp-json\/wp\/v2\/posts\/3695\/revisions"}],"predecessor-version":[{"id":3717,"href":"https:\/\/www.skimo.at\/sportler\/wp-json\/wp\/v2\/posts\/3695\/revisions\/3717"}],"wp:featuredmedia":[{"embeddable":true,"href":"https:\/\/www.skimo.at\/sportler\/wp-json\/wp\/v2\/media\/3708"}],"wp:attachment":[{"href":"https:\/\/www.skimo.at\/sportler\/wp-json\/wp\/v2\/media?parent=3695"}],"wp:term":[{"taxonomy":"category","embeddable":true,"href":"https:\/\/www.skimo.at\/sportler\/wp-json\/wp\/v2\/categories?post=3695"},{"taxonomy":"post_tag","embeddable":true,"href":"https:\/\/www.skimo.at\/sportler\/wp-json\/wp\/v2\/tags?post=3695"}],"curies":[{"name":"wp","href":"https:\/\/api.w.org\/{rel}","templated":true}]}}