{"id":3681,"date":"2015-08-28T13:08:32","date_gmt":"2015-08-28T11:08:32","guid":{"rendered":"http:\/\/www.skimo.at\/sportler\/?p=3681"},"modified":"2021-01-05T19:40:29","modified_gmt":"2021-01-05T17:40:29","slug":"mtb-berglauf-4-000er-und-ein-paar-rennen-so-holt-sich-das-nationalteam-motivation-fuer-den-winter","status":"publish","type":"post","link":"https:\/\/www.skimo.at\/sportler\/3681\/mtb-berglauf-4-000er-und-ein-paar-rennen-so-holt-sich-das-nationalteam-motivation-fuer-den-winter\/","title":{"rendered":"MTB, Berglauf, 4.000er und ein paar Rennen: so holt sich das Nationalteam Motivation f\u00fcr den Winter"},"content":{"rendered":"<p>\u00d6sterreichs Skibergsteiger sind in der warmen Jahreszeit alles andere als inaktiv. Trifft man sie nicht trainierend am Berg an, so sind sie in manch Ergebnisliste der Sommerwettk\u00e4mpfe zu finden. Berglauf und Mountainbike sind schon seit jeher die beiden Sportarten, mit denen sich Skibergsteiger am h\u00e4ufigsten in Form halten. So auch die Athleten der \u00f6sterreichischen Nationalmannschaft. Wenngleich sie im Fr\u00fchling froh sind, dass die Rennen nach einer langen Wintersaison mal vorbei sind und eine kurze Verschnaufpause m\u00f6glich ist, so entsteht im Sommer regelm\u00e4\u00dfig wieder die Vorfreude auf Vergleichswettk\u00e4mpfe. Nat\u00fcrlich auch um zu sehen, wie gut das Training greift und die aktuelle Form aussieht.<\/p>\n<p>Daniel Zugg war \u2013 bevor er sich dem Skibergsteigen gewidmet hat \u2013recht erfolgreich am Mountainbike unterwegs, als Mitglied des Landeskaders und auch bereits im Weltcup am Start. Seit er sich aber nun ganz professionell dem Wintersport widmet, sieht man ihn im Sommer nur mehr selten bei Mountainbike Wettk\u00e4mpfen, den gro\u00dfen Montafoner Mountainbike Marathon M3 (Samstag, 1.8.2015) \u00a0in seiner Heimat hat er sich jedoch nicht entgehen lassen und stand erstmals auf der langen Strecke am Start. 130 km, 4.500 Hm und eine vorgenommene Zeit unter 7 Stunden \u2013 das waren die knallharten Fakten f\u00fcr Daniel Zugg.<\/p>\n<blockquote><p>\u201eDa ich im Winter meine Schwachstelle klar bei der Langdistanz sehe, habe ich nun bereits im Sommer begonnen auf die Langdistanz zu trainieren! Leider spielte das Wetter beim M3 nicht ganz mit, teilweise regnete es in Str\u00f6men, in der ersten Abfahrt \u00fcberlegte ich sogar aufzugeben, da mir sehr kalt wurde! Nach und nach wurde es aber wieder besser. Mein Ziel unter 7 Stunden zu bleiben erreichte ich mit 6 h 59 min trotzdem!\u201c<\/p><\/blockquote>\n<p>Ein 17. Rang, sowie Platz 3 in der Vorarlberger Meisterschaft , ein absolut zufriedenstellendes Ergebnis f\u00fcr den Profi aus dem Wintersport.<\/p>\n<p>\u201eLaufend\u201c erfolgreich unterwegs war Verena Streitberger. Neben nationalen Bergl\u00e4ufen (unter anderem der \u00d6M in Rauris), hat sie sich f\u00fcr die Berglauf Europameisterschaft am 4.7.2015 in Madeira qualifiziert. Rang 8 \u00a0in der Juniorenklasse und beste \u00d6sterreicherin dieser Kategorie (nur rund 2 min hinter der Siegerin, Zeit: 23:23 auf 4 km und 400 Hm), ein Ergebnis auf welches die junge Skibergsteigerin durchaus stolz sein kann.<br \/>\nZwei weitere Mitglieder des Anschlusskaders waren bei der EM ebenfalls dabei. Einer davon war Markus Hochenwarter. In der vergangenen Saison hat er als Masseur und Betreuer der Mannschaft Skibergsteigen bei den Weltcup Rennen erste Wettkampf-Luft geschnuppert, im kommenden Winter ist er im Anschlusskader zu finden. Jetzt hat der K\u00e4rntner jedoch noch mal in Laufschuhen ordentlich aufgezeigt: der amtierende \u00d6sterreichische Meister im Berglauf beendet in der Herren Senior Klasse als bester \u00d6sterreicher das Rennen auf Rang 18. Andrea Mayr siegte in der Damenklasse.<br \/>\nMarkus Hohenwarter ist als schnellster \u00d6sterreicher im Berglauf jedoch nicht nur durch seine offiziellen Erfolge in \u00d6sterreichs Medienlandschaft pr\u00e4sent gewesen: er war im Juli Teilnehmer der gro\u00dfen \u00d63 Challenge \u201eKeine Gnade f\u00fcr die Wade\u201c. 10 \u00d63 H\u00f6rer und Hobbyradfahrer am Rad gegen den \u00d6sterreichischen Meister im Berglauf: wer ist schneller? Markus Hohenwarter hat seine St\u00e4rke bewiesen. Ein gutes Omen f\u00fcr den Winter?<\/p>\n<p>Philipp Brugger l\u00e4uft gerne ein bisschen l\u00e4nger: 35,7 km mit 2.800 Hm bergauf und 2.000 Hm bergab und das in weniger als 4 Stunden. Am 16.8.2015 hat er sich damit beim Trailmaster in Saalbach den Sieg geholt. Danach ging es f\u00fcr ihn weiter in die Schweiz zu gemeinsamen Bergtouren auf die 4.000er mit dem mehrfachen spanischen Weltmeister im Skibergsteigen, Kilian Jornet.<\/p>\n<p>Daniel Rohringer hat in den Nationalparks rund um Kalifornien Kondition gesammelt- und es hat sich ausgezahlt! Das Ergebnis am 15.8.2015 beim Swiss Irontrail konnte sich sehen lassen. 42 km und 2.300 Hm in 4 h 36 min brachten Daniel Rohringer Rang 3 in seiner Klasse.<\/p>\n<p>Am 12.9.2015 geht\u2019s f\u00fcr einige Teammitglieder (u.a. Martin Wei\u00dfkopf im Berglauf und Jakob Herrmann als Paragleiter) noch zum Dolomitenmann als eines der Sommerhighlights in der Wettkampfszene. Wir werden nat\u00fcrlich berichten und unsere Leser am Laufenden halten.<\/p>\n","protected":false},"excerpt":{"rendered":"<p>\u00d6sterreichs Skibergsteiger sind in der warmen Jahreszeit alles andere als inaktiv. Trifft man sie nicht trainierend am Berg an, so sind sie in manch Ergebnisliste der Sommerwettk\u00e4mpfe zu finden. Berglauf und Mountainbike sind schon seit jeher die beiden Sportarten, mit denen sich Skibergsteiger am h\u00e4ufigsten in Form halten. So auch die Athleten der \u00f6sterreichischen Nationalmannschaft. [&hellip;]<\/p>\n","protected":false},"author":4,"featured_media":3685,"comment_status":"closed","ping_status":"closed","sticky":false,"template":"","format":"standard","meta":[],"categories":[1,3],"tags":[],"yoast_head":"<!-- This site is optimized with the Yoast SEO plugin v16.3 - https:\/\/yoast.com\/wordpress\/plugins\/seo\/ -->\n<title>MTB, Berglauf, 4.000er und ein paar Rennen: so holt sich das Nationalteam Motivation f\u00fcr den Winter - Sportler<\/title>\n<meta name=\"robots\" content=\"index, follow, max-snippet:-1, max-image-preview:large, max-video-preview:-1\" \/>\n<link rel=\"canonical\" href=\"https:\/\/www.skimo.at\/sportler\/3681\/mtb-berglauf-4-000er-und-ein-paar-rennen-so-holt-sich-das-nationalteam-motivation-fuer-den-winter\/\" \/>\n<meta property=\"og:locale\" content=\"de_DE\" \/>\n<meta property=\"og:type\" content=\"article\" \/>\n<meta property=\"og:title\" content=\"MTB, Berglauf, 4.000er und ein paar Rennen: so holt sich das Nationalteam Motivation f\u00fcr den Winter - Sportler\" \/>\n<meta property=\"og:description\" content=\"\u00d6sterreichs Skibergsteiger sind in der warmen Jahreszeit alles andere als inaktiv. Trifft man sie nicht trainierend am Berg an, so sind sie in manch Ergebnisliste der Sommerwettk\u00e4mpfe zu finden. Berglauf und Mountainbike sind schon seit jeher die beiden Sportarten, mit denen sich Skibergsteiger am h\u00e4ufigsten in Form halten. So auch die Athleten der \u00f6sterreichischen Nationalmannschaft. [&hellip;]\" \/>\n<meta property=\"og:url\" content=\"https:\/\/www.skimo.at\/sportler\/3681\/mtb-berglauf-4-000er-und-ein-paar-rennen-so-holt-sich-das-nationalteam-motivation-fuer-den-winter\/\" \/>\n<meta property=\"og:site_name\" content=\"Sportler\" \/>\n<meta property=\"article:published_time\" content=\"2015-08-28T11:08:32+00:00\" \/>\n<meta property=\"article:modified_time\" content=\"2021-01-05T17:40:29+00:00\" \/>\n<meta property=\"og:image\" content=\"https:\/\/skimo.73.jarolim.eu\/sportler\/files\/2015\/08\/Taeschhorn_01_Bild-Philipp-Brugger.jpg\" \/>\n\t<meta property=\"og:image:width\" content=\"1280\" \/>\n\t<meta property=\"og:image:height\" content=\"960\" \/>\n<meta name=\"twitter:card\" content=\"summary\" \/>\n<meta name=\"twitter:label1\" content=\"Gesch\u00e4tzte Lesezeit\">\n\t<meta name=\"twitter:data1\" content=\"3\u00a0Minuten\">\n<script type=\"application\/ld+json\" class=\"yoast-schema-graph\">{\"@context\":\"https:\/\/schema.org\",\"@graph\":[{\"@type\":\"WebSite\",\"@id\":\"https:\/\/skimo.73.jarolim.eu\/sportler\/#website\",\"url\":\"https:\/\/skimo.73.jarolim.eu\/sportler\/\",\"name\":\"Sportler\",\"description\":\"\",\"potentialAction\":[{\"@type\":\"SearchAction\",\"target\":\"https:\/\/skimo.73.jarolim.eu\/sportler\/?s={search_term_string}\",\"query-input\":\"required name=search_term_string\"}],\"inLanguage\":\"de\"},{\"@type\":\"ImageObject\",\"@id\":\"https:\/\/www.skimo.at\/sportler\/3681\/mtb-berglauf-4-000er-und-ein-paar-rennen-so-holt-sich-das-nationalteam-motivation-fuer-den-winter\/#primaryimage\",\"inLanguage\":\"de\",\"url\":\"https:\/\/www.skimo.at\/sportler\/files\/2015\/08\/Taeschhorn_01_Bild-Philipp-Brugger.jpg\",\"contentUrl\":\"https:\/\/www.skimo.at\/sportler\/files\/2015\/08\/Taeschhorn_01_Bild-Philipp-Brugger.jpg\",\"width\":1280,\"height\":960},{\"@type\":\"WebPage\",\"@id\":\"https:\/\/www.skimo.at\/sportler\/3681\/mtb-berglauf-4-000er-und-ein-paar-rennen-so-holt-sich-das-nationalteam-motivation-fuer-den-winter\/#webpage\",\"url\":\"https:\/\/www.skimo.at\/sportler\/3681\/mtb-berglauf-4-000er-und-ein-paar-rennen-so-holt-sich-das-nationalteam-motivation-fuer-den-winter\/\",\"name\":\"MTB, Berglauf, 4.000er und ein paar Rennen: so holt sich das Nationalteam Motivation f\\u00fcr den Winter - Sportler\",\"isPartOf\":{\"@id\":\"https:\/\/skimo.73.jarolim.eu\/sportler\/#website\"},\"primaryImageOfPage\":{\"@id\":\"https:\/\/www.skimo.at\/sportler\/3681\/mtb-berglauf-4-000er-und-ein-paar-rennen-so-holt-sich-das-nationalteam-motivation-fuer-den-winter\/#primaryimage\"},\"datePublished\":\"2015-08-28T11:08:32+00:00\",\"dateModified\":\"2021-01-05T17:40:29+00:00\",\"author\":{\"@id\":\"https:\/\/skimo.73.jarolim.eu\/sportler\/#\/schema\/person\/89e18f4c3d09b5434dbc2dc0cefbcd30\"},\"breadcrumb\":{\"@id\":\"https:\/\/www.skimo.at\/sportler\/3681\/mtb-berglauf-4-000er-und-ein-paar-rennen-so-holt-sich-das-nationalteam-motivation-fuer-den-winter\/#breadcrumb\"},\"inLanguage\":\"de\",\"potentialAction\":[{\"@type\":\"ReadAction\",\"target\":[\"https:\/\/www.skimo.at\/sportler\/3681\/mtb-berglauf-4-000er-und-ein-paar-rennen-so-holt-sich-das-nationalteam-motivation-fuer-den-winter\/\"]}]},{\"@type\":\"BreadcrumbList\",\"@id\":\"https:\/\/www.skimo.at\/sportler\/3681\/mtb-berglauf-4-000er-und-ein-paar-rennen-so-holt-sich-das-nationalteam-motivation-fuer-den-winter\/#breadcrumb\",\"itemListElement\":[{\"@type\":\"ListItem\",\"position\":1,\"item\":{\"@type\":\"WebPage\",\"@id\":\"https:\/\/skimo.73.jarolim.eu\/sportler\/\",\"url\":\"https:\/\/skimo.73.jarolim.eu\/sportler\/\",\"name\":\"Home\"}},{\"@type\":\"ListItem\",\"position\":2,\"item\":{\"@id\":\"https:\/\/www.skimo.at\/sportler\/3681\/mtb-berglauf-4-000er-und-ein-paar-rennen-so-holt-sich-das-nationalteam-motivation-fuer-den-winter\/#webpage\"}}]},{\"@type\":\"Person\",\"@id\":\"https:\/\/skimo.73.jarolim.eu\/sportler\/#\/schema\/person\/89e18f4c3d09b5434dbc2dc0cefbcd30\",\"name\":\"aspielbuechler\",\"image\":{\"@type\":\"ImageObject\",\"@id\":\"https:\/\/skimo.73.jarolim.eu\/sportler\/#personlogo\",\"inLanguage\":\"de\",\"url\":\"https:\/\/secure.gravatar.com\/avatar\/1220d25619b41a33e4710c8b968dc56e?s=96&r=g\",\"contentUrl\":\"https:\/\/secure.gravatar.com\/avatar\/1220d25619b41a33e4710c8b968dc56e?s=96&r=g\",\"caption\":\"aspielbuechler\"},\"url\":\"https:\/\/www.skimo.at\/sportler\/author\/aspielbuechler\/\"}]}<\/script>\n<!-- \/ Yoast SEO plugin. -->","_links":{"self":[{"href":"https:\/\/www.skimo.at\/sportler\/wp-json\/wp\/v2\/posts\/3681"}],"collection":[{"href":"https:\/\/www.skimo.at\/sportler\/wp-json\/wp\/v2\/posts"}],"about":[{"href":"https:\/\/www.skimo.at\/sportler\/wp-json\/wp\/v2\/types\/post"}],"author":[{"embeddable":true,"href":"https:\/\/www.skimo.at\/sportler\/wp-json\/wp\/v2\/users\/4"}],"replies":[{"embeddable":true,"href":"https:\/\/www.skimo.at\/sportler\/wp-json\/wp\/v2\/comments?post=3681"}],"version-history":[{"count":4,"href":"https:\/\/www.skimo.at\/sportler\/wp-json\/wp\/v2\/posts\/3681\/revisions"}],"predecessor-version":[{"id":15674,"href":"https:\/\/www.skimo.at\/sportler\/wp-json\/wp\/v2\/posts\/3681\/revisions\/15674"}],"wp:featuredmedia":[{"embeddable":true,"href":"https:\/\/www.skimo.at\/sportler\/wp-json\/wp\/v2\/media\/3685"}],"wp:attachment":[{"href":"https:\/\/www.skimo.at\/sportler\/wp-json\/wp\/v2\/media?parent=3681"}],"wp:term":[{"taxonomy":"category","embeddable":true,"href":"https:\/\/www.skimo.at\/sportler\/wp-json\/wp\/v2\/categories?post=3681"},{"taxonomy":"post_tag","embeddable":true,"href":"https:\/\/www.skimo.at\/sportler\/wp-json\/wp\/v2\/tags?post=3681"}],"curies":[{"name":"wp","href":"https:\/\/api.w.org\/{rel}","templated":true}]}}