{"id":3651,"date":"2015-08-16T15:31:53","date_gmt":"2015-08-16T13:31:53","guid":{"rendered":"http:\/\/www.skimo.at\/sportler\/?p=3651"},"modified":"2015-08-16T15:32:26","modified_gmt":"2015-08-16T13:32:26","slug":"1-oesv-trainingslager-der-saison-201516-in-faak-am-see","status":"publish","type":"post","link":"https:\/\/www.skimo.at\/sportler\/3651\/1-oesv-trainingslager-der-saison-201516-in-faak-am-see\/","title":{"rendered":"1. \u00d6SV Trainingslager der Saison 2015\/16 in Faak am See"},"content":{"rendered":"<p>Die Sommerpause ist vorbei! Mit diesem Weckruf hat Headcoach Alex Lugger den \u00d6SV A-Kader und den Jugendkader der Skibergsteiger letzte Woche ins Bundessportzentrum Faak am See einberufen. Zugegeben: es gibt schlehctere Orte, an denen man eine Trainingswoche verbringen kann: das BSFZ liegt direkt am See mit eigenem Bootssteeg, der Dobratsch als Hausberg ist nicht weit weg\u2026eine Sommeridylle. Das genie\u00dfen war aber nur zwischendurch m\u00f6glich, denn Lugger hatte ein sattes Programm vorbereitet.<\/p>\n<p>7 Tage standen am Programm in Faak am See. Als Teilnehmer des A-Kaders waren Martin Weisskopf (Tirol) und Daniel Zugg (Vorarlberg) dabei, der Jugendkader war vertreten durch Ina Forchthammer (Salzburg) und Jakob Siedler (Tirol). Zwar als Physio dabei aber nach der k\u00fcrzlichen Aufnahme in den Anschlusskader acuh bei manchen Trainingseinheiten mit dabei war Top-Bergl\u00e4ufer Markus Hohenwarter (K\u00e4rnten).<br \/>\nDer Jahreszeit entsprechend ging es in erster Linie um Grundlage und Koordination, und das in allen erdenklichen Varianten. So standen neben mehreren Bergauf-Skirollereinheiten \u00fcber jeweils mehr als 1.000 H\u00f6henmeter auch lange Rennrad- und Bergtouren auf dem Programm. Die vorgesehenen Routen waren jeweils auf niedrige Pulsfrequenzen und lange Dauer ausgelegt; letzteres nahm Lugger in seiner Planung recht w\u00f6rtlich. Mit dem Rad \u00fcber drei L\u00e4nder mit 3.000 H\u00f6henmeter dazwischen ist als Halbtagsprogramm ganz ordentlich, wenn am Abend noch ein Einsatz in der Kraftkammer eingetaktet ist. Die Kraftkoodination war n\u00e4mlich zweiter Schwerpunkt des Trainingscamps. In der hauseigenen Kraftkammer und bei intensiven \u00dcbungen mit dem eigenen K\u00f6rpergewicht ebenso wie auf der Slackline durften sich die Sportler mehrmals in der Woche auspowern und Kraft schinden. Regenerative \u00dcbungen erg\u00e4nzten das Programm.<\/p>\n<p>Der erste Saison-Check des Trainers der bislang gemachten Vorbereitung der Athleten fiel durchwegs positiv aus, wie Alex Lugger abschlie\u00dfend zufrieden berichtet: \u201eDie sehr guten Werte, die die ISAG in Innsbruck w\u00e4hrend k\u00fcrzlichen Leistungstests bei unseren Sportlern ermittelt hat, waren durchwegs auch in der Praxis feststellbar. Es ist sehr fr\u00fch in der Saison und jetzt beginnen erst die intensiven Trainingswochen und Monate. Die Vorbereitung haben unsere Sportler aber gut absolviert, das konnte ich in der vergangenen Woche sehen. Nun geht\u2019s langsam in Richtung Winter, Ende September werden wir bereits auf Schnee trainieren.\u201c<\/p>\n<p>Danke an die Sponsoren der \u00d6SV Kader Skibergsteigen, die das heuer deutlich intensivierte und vergr\u00f6\u00dferte Trainingsprogramm der Athleten m\u00f6glich machen: ADIDAS Sportswear, BUFF Headbands, BLACK DIAMOND Helme,\u00a0CONTOUR Steigfelle, NIKWAX Impr\u00e4gnierungen, ORTHOMOL Nahrungserg\u00e4nzung, PIEPS Lawinenversch\u00fcttetensuchger\u00e4te, TENCEL Sportgewebe.<\/p>\n","protected":false},"excerpt":{"rendered":"<p>Die Sommerpause ist vorbei! Mit diesem Weckruf hat Headcoach Alex Lugger den \u00d6SV A-Kader und den Jugendkader der Skibergsteiger letzte Woche ins Bundessportzentrum Faak am See einberufen. Zugegeben: es gibt schlehctere Orte, an denen man eine Trainingswoche verbringen kann: das BSFZ liegt direkt am See mit eigenem Bootssteeg, der Dobratsch als Hausberg ist nicht weit [&hellip;]<\/p>\n","protected":false},"author":3,"featured_media":3658,"comment_status":"closed","ping_status":"closed","sticky":false,"template":"","format":"standard","meta":[],"categories":[1,9,3],"tags":[73,77,82,76,45,13,50,29,81,97,98,74,16,69,75,40,32],"yoast_head":"<!-- This site is optimized with the Yoast SEO plugin v16.3 - https:\/\/yoast.com\/wordpress\/plugins\/seo\/ -->\n<title>1. \u00d6SV Trainingslager der Saison 2015\/16 in Faak am See - Sportler<\/title>\n<meta name=\"robots\" content=\"index, follow, max-snippet:-1, max-image-preview:large, max-video-preview:-1\" \/>\n<link rel=\"canonical\" href=\"https:\/\/www.skimo.at\/sportler\/3651\/1-oesv-trainingslager-der-saison-201516-in-faak-am-see\/\" \/>\n<meta property=\"og:locale\" content=\"de_DE\" \/>\n<meta property=\"og:type\" content=\"article\" \/>\n<meta property=\"og:title\" content=\"1. \u00d6SV Trainingslager der Saison 2015\/16 in Faak am See - Sportler\" \/>\n<meta property=\"og:description\" content=\"Die Sommerpause ist vorbei! Mit diesem Weckruf hat Headcoach Alex Lugger den \u00d6SV A-Kader und den Jugendkader der Skibergsteiger letzte Woche ins Bundessportzentrum Faak am See einberufen. Zugegeben: es gibt schlehctere Orte, an denen man eine Trainingswoche verbringen kann: das BSFZ liegt direkt am See mit eigenem Bootssteeg, der Dobratsch als Hausberg ist nicht weit [&hellip;]\" \/>\n<meta property=\"og:url\" content=\"https:\/\/www.skimo.at\/sportler\/3651\/1-oesv-trainingslager-der-saison-201516-in-faak-am-see\/\" \/>\n<meta property=\"og:site_name\" content=\"Sportler\" \/>\n<meta property=\"article:published_time\" content=\"2015-08-16T13:31:53+00:00\" \/>\n<meta property=\"article:modified_time\" content=\"2015-08-16T13:32:26+00:00\" \/>\n<meta property=\"og:image\" content=\"https:\/\/skimo.73.jarolim.eu\/sportler\/files\/2015\/08\/Trainingslager-Faaker-See-_-Bergtour-3-_-Bild-Alexander-Lugger-_-LR-scaled.jpg\" \/>\n\t<meta property=\"og:image:width\" content=\"2560\" \/>\n\t<meta property=\"og:image:height\" content=\"1710\" \/>\n<meta name=\"twitter:card\" content=\"summary\" \/>\n<meta name=\"twitter:label1\" content=\"Gesch\u00e4tzte Lesezeit\">\n\t<meta name=\"twitter:data1\" content=\"2\u00a0Minuten\">\n<script type=\"application\/ld+json\" class=\"yoast-schema-graph\">{\"@context\":\"https:\/\/schema.org\",\"@graph\":[{\"@type\":\"WebSite\",\"@id\":\"https:\/\/skimo.73.jarolim.eu\/sportler\/#website\",\"url\":\"https:\/\/skimo.73.jarolim.eu\/sportler\/\",\"name\":\"Sportler\",\"description\":\"\",\"potentialAction\":[{\"@type\":\"SearchAction\",\"target\":\"https:\/\/skimo.73.jarolim.eu\/sportler\/?s={search_term_string}\",\"query-input\":\"required name=search_term_string\"}],\"inLanguage\":\"de\"},{\"@type\":\"ImageObject\",\"@id\":\"https:\/\/www.skimo.at\/sportler\/3651\/1-oesv-trainingslager-der-saison-201516-in-faak-am-see\/#primaryimage\",\"inLanguage\":\"de\",\"url\":\"https:\/\/www.skimo.at\/sportler\/files\/2015\/08\/Trainingslager-Faaker-See-_-Bergtour-3-_-Bild-Alexander-Lugger-_-LR-scaled.jpg\",\"contentUrl\":\"https:\/\/www.skimo.at\/sportler\/files\/2015\/08\/Trainingslager-Faaker-See-_-Bergtour-3-_-Bild-Alexander-Lugger-_-LR-scaled.jpg\",\"width\":2560,\"height\":1710},{\"@type\":\"WebPage\",\"@id\":\"https:\/\/www.skimo.at\/sportler\/3651\/1-oesv-trainingslager-der-saison-201516-in-faak-am-see\/#webpage\",\"url\":\"https:\/\/www.skimo.at\/sportler\/3651\/1-oesv-trainingslager-der-saison-201516-in-faak-am-see\/\",\"name\":\"1. \\u00d6SV Trainingslager der Saison 2015\/16 in Faak am See - Sportler\",\"isPartOf\":{\"@id\":\"https:\/\/skimo.73.jarolim.eu\/sportler\/#website\"},\"primaryImageOfPage\":{\"@id\":\"https:\/\/www.skimo.at\/sportler\/3651\/1-oesv-trainingslager-der-saison-201516-in-faak-am-see\/#primaryimage\"},\"datePublished\":\"2015-08-16T13:31:53+00:00\",\"dateModified\":\"2015-08-16T13:32:26+00:00\",\"author\":{\"@id\":\"https:\/\/skimo.73.jarolim.eu\/sportler\/#\/schema\/person\/796ecbce6796efca58bf848ca63ec12c\"},\"breadcrumb\":{\"@id\":\"https:\/\/www.skimo.at\/sportler\/3651\/1-oesv-trainingslager-der-saison-201516-in-faak-am-see\/#breadcrumb\"},\"inLanguage\":\"de\",\"potentialAction\":[{\"@type\":\"ReadAction\",\"target\":[\"https:\/\/www.skimo.at\/sportler\/3651\/1-oesv-trainingslager-der-saison-201516-in-faak-am-see\/\"]}]},{\"@type\":\"BreadcrumbList\",\"@id\":\"https:\/\/www.skimo.at\/sportler\/3651\/1-oesv-trainingslager-der-saison-201516-in-faak-am-see\/#breadcrumb\",\"itemListElement\":[{\"@type\":\"ListItem\",\"position\":1,\"item\":{\"@type\":\"WebPage\",\"@id\":\"https:\/\/skimo.73.jarolim.eu\/sportler\/\",\"url\":\"https:\/\/skimo.73.jarolim.eu\/sportler\/\",\"name\":\"Home\"}},{\"@type\":\"ListItem\",\"position\":2,\"item\":{\"@id\":\"https:\/\/www.skimo.at\/sportler\/3651\/1-oesv-trainingslager-der-saison-201516-in-faak-am-see\/#webpage\"}}]},{\"@type\":\"Person\",\"@id\":\"https:\/\/skimo.73.jarolim.eu\/sportler\/#\/schema\/person\/796ecbce6796efca58bf848ca63ec12c\",\"name\":\"kposch\",\"image\":{\"@type\":\"ImageObject\",\"@id\":\"https:\/\/skimo.73.jarolim.eu\/sportler\/#personlogo\",\"inLanguage\":\"de\",\"url\":\"https:\/\/secure.gravatar.com\/avatar\/e9f5f28da60e5e563d3f4d3cc0b9b425?s=96&r=g\",\"contentUrl\":\"https:\/\/secure.gravatar.com\/avatar\/e9f5f28da60e5e563d3f4d3cc0b9b425?s=96&r=g\",\"caption\":\"kposch\"},\"url\":\"https:\/\/www.skimo.at\/sportler\/author\/kposch\/\"}]}<\/script>\n<!-- \/ Yoast SEO plugin. -->","_links":{"self":[{"href":"https:\/\/www.skimo.at\/sportler\/wp-json\/wp\/v2\/posts\/3651"}],"collection":[{"href":"https:\/\/www.skimo.at\/sportler\/wp-json\/wp\/v2\/posts"}],"about":[{"href":"https:\/\/www.skimo.at\/sportler\/wp-json\/wp\/v2\/types\/post"}],"author":[{"embeddable":true,"href":"https:\/\/www.skimo.at\/sportler\/wp-json\/wp\/v2\/users\/3"}],"replies":[{"embeddable":true,"href":"https:\/\/www.skimo.at\/sportler\/wp-json\/wp\/v2\/comments?post=3651"}],"version-history":[{"count":3,"href":"https:\/\/www.skimo.at\/sportler\/wp-json\/wp\/v2\/posts\/3651\/revisions"}],"predecessor-version":[{"id":3654,"href":"https:\/\/www.skimo.at\/sportler\/wp-json\/wp\/v2\/posts\/3651\/revisions\/3654"}],"wp:featuredmedia":[{"embeddable":true,"href":"https:\/\/www.skimo.at\/sportler\/wp-json\/wp\/v2\/media\/3658"}],"wp:attachment":[{"href":"https:\/\/www.skimo.at\/sportler\/wp-json\/wp\/v2\/media?parent=3651"}],"wp:term":[{"taxonomy":"category","embeddable":true,"href":"https:\/\/www.skimo.at\/sportler\/wp-json\/wp\/v2\/categories?post=3651"},{"taxonomy":"post_tag","embeddable":true,"href":"https:\/\/www.skimo.at\/sportler\/wp-json\/wp\/v2\/tags?post=3651"}],"curies":[{"name":"wp","href":"https:\/\/api.w.org\/{rel}","templated":true}]}}