{"id":3638,"date":"2015-08-07T08:50:31","date_gmt":"2015-08-07T06:50:31","guid":{"rendered":"http:\/\/www.skimo.at\/sportler\/?p=3638"},"modified":"2015-08-07T08:57:32","modified_gmt":"2015-08-07T06:57:32","slug":"bekanntgabe-oesv-kader-skibergsteiger-201516","status":"publish","type":"post","link":"https:\/\/www.skimo.at\/sportler\/3638\/bekanntgabe-oesv-kader-skibergsteiger-201516\/","title":{"rendered":"Bekanntgabe \u00d6SV Kader Skibergsteiger 2015\/16"},"content":{"rendered":"<p>Die \u00d6SV Sparte Skibergsteigen gibt hiermit die fixierten Kader f\u00fcr die kommende Saison 2015\/16 bekannt. Neu eingerichtet wurde ein Anschlusskader\u201c, der als unterste nationale Stufe einen geordneten Einstieg in die h\u00f6heren Kader ebenso gew\u00e4hrleisten soll wie eine Pufferzone f\u00fcr Athleten, deren Leistungsniveau sich zwar nicht wesentlich von dem der h\u00f6heren Kader unterscheidet, aber aus zeitlichen und\/oder organisatorischen Gr\u00fcnden keinem dieser Kader zugeordnet werden k\u00f6nnen. Die Mitglieder des Anschlusskaders werden dem entsprechend nur\u00a0bei Gro\u00dfveranstaltungen selektiv eingesetzt.<\/p>\n<p>Die Fixierungen sind f\u00fcr die kommende Saison f\u00fcr die allgemeine Klasse Senior bindend, f\u00fcr die Jugendklassen (Cadet, Junior, Espoir) kann w\u00e4hrend der Saison leistungsbezogen nachnominiert werden:<\/p>\n<table>\n<tbody>\n<tr>\n<td width=\"205\"><strong>A-Kader:<\/strong><\/td>\n<td width=\"205\"><\/td>\n<td width=\"205\"><\/td>\n<\/tr>\n<tr>\n<td width=\"205\">Jakob Herrmann<\/td>\n<td width=\"205\">87\/Senior<\/td>\n<td width=\"205\">Werfenweng\/SALZBURG<\/td>\n<\/tr>\n<tr>\n<td width=\"205\">Martin Weisskopf<\/td>\n<td width=\"205\">90\/Senior<\/td>\n<td width=\"205\">Pr\u00e4graten\/TIROL<\/td>\n<\/tr>\n<tr>\n<td width=\"205\">Daniel Zugg<\/td>\n<td width=\"205\">93\/Espoir<\/td>\n<td width=\"205\">St. Gallenkirch\/VORARLBERG<\/td>\n<\/tr>\n<tr>\n<td width=\"205\">&nbsp;<\/p>\n<p>&nbsp;<\/td>\n<td width=\"205\"><\/td>\n<td width=\"205\"><\/td>\n<\/tr>\n<tr>\n<td width=\"205\"><strong>B- Kader:<\/strong><\/td>\n<td width=\"205\"><\/td>\n<td width=\"205\"><\/td>\n<\/tr>\n<tr>\n<td width=\"205\">Alexander Fasser<\/td>\n<td width=\"205\">75\/Senior<\/td>\n<td width=\"205\">Lermoos\/TIROL<\/td>\n<\/tr>\n<tr>\n<td width=\"205\">Daniel Rohringer<\/td>\n<td width=\"205\">90\/Senior<\/td>\n<td width=\"205\">Gosau\/OBER\u00d6STERREICH<\/td>\n<\/tr>\n<tr>\n<td width=\"205\">Thomas Wallner<\/td>\n<td width=\"205\">78\/Senior<\/td>\n<td width=\"205\">Bischofshofen\/SALZBURG<\/td>\n<\/tr>\n<tr>\n<td width=\"205\">&nbsp;<\/p>\n<p>&nbsp;<\/td>\n<td width=\"205\"><\/td>\n<td width=\"205\"><\/td>\n<\/tr>\n<tr>\n<td width=\"205\"><strong>Jugendkader:<\/strong><\/td>\n<td width=\"205\"><\/td>\n<td width=\"205\"><\/td>\n<\/tr>\n<tr>\n<td width=\"205\">Ina Forchthammer<\/td>\n<td width=\"205\">96\/Junior<\/td>\n<td width=\"205\">St. Johann i. Pg.\/SALZBURG<\/td>\n<\/tr>\n<tr>\n<td width=\"205\">Verena Streitberger<\/td>\n<td width=\"205\">97\/Junior<\/td>\n<td width=\"205\">Maishofen\/SALZBURG<\/td>\n<\/tr>\n<tr>\n<td width=\"205\">Jakob Siedler<\/td>\n<td width=\"205\">99\/Cadet<\/td>\n<td width=\"205\">Alpbach\/TIROL<\/td>\n<\/tr>\n<tr>\n<td width=\"205\">&nbsp;<\/p>\n<p>&nbsp;<\/td>\n<td width=\"205\"><\/td>\n<td width=\"205\"><\/td>\n<\/tr>\n<tr>\n<td width=\"205\"><strong>Anschlusskader:<\/strong><\/td>\n<td width=\"205\"><\/td>\n<td width=\"205\"><\/td>\n<\/tr>\n<tr>\n<td width=\"205\">Heidi Bernsteiner<\/td>\n<td width=\"205\">84\/Senior<\/td>\n<td width=\"205\">Werfenweng\/SALZBURG<\/td>\n<\/tr>\n<tr>\n<td width=\"205\">Johanna Erhart<\/td>\n<td width=\"205\">95\/Espoir<\/td>\n<td width=\"205\">Schladming\/STEIERMARK<\/td>\n<\/tr>\n<tr>\n<td width=\"205\">Michaela Essl<\/td>\n<td width=\"205\">88\/Senior<\/td>\n<td width=\"205\">Eben\/SALZBURG<\/td>\n<\/tr>\n<tr>\n<td width=\"205\">Andrea Mayr<\/td>\n<td width=\"205\">79\/Senior<\/td>\n<td width=\"205\">Gmunden\/OBER\u00d6STERREICH<\/td>\n<\/tr>\n<tr>\n<td width=\"205\">Philipp Brugger<\/td>\n<td width=\"205\">91\/Senior<\/td>\n<td width=\"205\">Sistrans\/TIROL<\/td>\n<\/tr>\n<tr>\n<td width=\"205\">Armin H\u00f6fl<\/td>\n<td width=\"205\">89\/Senior<\/td>\n<td width=\"205\">Krakau\/STEIERMARK<\/td>\n<\/tr>\n<tr>\n<td width=\"205\">Markus Hohenwarter<\/td>\n<td width=\"205\">80\/Senior<\/td>\n<td width=\"205\">K\u00f6tschach\/K\u00c4RNTEN<\/td>\n<\/tr>\n<tr>\n<td width=\"205\">Patrick Innerhofer<\/td>\n<td width=\"205\">81\/Senior<\/td>\n<td width=\"205\">Bludesch\/Vorarlberg<\/td>\n<\/tr>\n<tr>\n<td width=\"205\">Armin Neurauter<\/td>\n<td width=\"205\">79\/Senior<\/td>\n<td width=\"205\">K\u00fchtai\/TIROL<\/td>\n<\/tr>\n<tr>\n<td width=\"205\">Johannes Walder<\/td>\n<td width=\"205\">86\/Senior<\/td>\n<td width=\"205\">Kartitsch\/TIROL<\/td>\n<\/tr>\n<\/tbody>\n<\/table>\n<p>&nbsp;<\/p>\n<p>&nbsp;<\/p>\n<p>Unter Beobachtung stehen derzeit zus\u00e4tzlich 6 Jugendathleten.<\/p>\n","protected":false},"excerpt":{"rendered":"<p>Die \u00d6SV Sparte Skibergsteigen gibt hiermit die fixierten Kader f\u00fcr die kommende Saison 2015\/16 bekannt. Neu eingerichtet wurde ein Anschlusskader\u201c, der als unterste nationale Stufe einen geordneten Einstieg in die h\u00f6heren Kader ebenso gew\u00e4hrleisten soll wie eine Pufferzone f\u00fcr Athleten, deren Leistungsniveau sich zwar nicht wesentlich von dem der h\u00f6heren Kader unterscheidet, aber aus zeitlichen [&hellip;]<\/p>\n","protected":false},"author":3,"featured_media":0,"comment_status":"closed","ping_status":"closed","sticky":false,"template":"","format":"standard","meta":[],"categories":[1,9,3],"tags":[],"yoast_head":"<!-- This site is optimized with the Yoast SEO plugin v16.3 - https:\/\/yoast.com\/wordpress\/plugins\/seo\/ -->\n<title>Bekanntgabe \u00d6SV Kader Skibergsteiger 2015\/16 - Sportler<\/title>\n<meta name=\"robots\" content=\"index, follow, max-snippet:-1, max-image-preview:large, max-video-preview:-1\" \/>\n<link rel=\"canonical\" href=\"https:\/\/www.skimo.at\/sportler\/3638\/bekanntgabe-oesv-kader-skibergsteiger-201516\/\" \/>\n<meta property=\"og:locale\" content=\"de_DE\" \/>\n<meta property=\"og:type\" content=\"article\" \/>\n<meta property=\"og:title\" content=\"Bekanntgabe \u00d6SV Kader Skibergsteiger 2015\/16 - Sportler\" \/>\n<meta property=\"og:description\" content=\"Die \u00d6SV Sparte Skibergsteigen gibt hiermit die fixierten Kader f\u00fcr die kommende Saison 2015\/16 bekannt. Neu eingerichtet wurde ein Anschlusskader\u201c, der als unterste nationale Stufe einen geordneten Einstieg in die h\u00f6heren Kader ebenso gew\u00e4hrleisten soll wie eine Pufferzone f\u00fcr Athleten, deren Leistungsniveau sich zwar nicht wesentlich von dem der h\u00f6heren Kader unterscheidet, aber aus zeitlichen [&hellip;]\" \/>\n<meta property=\"og:url\" content=\"https:\/\/www.skimo.at\/sportler\/3638\/bekanntgabe-oesv-kader-skibergsteiger-201516\/\" \/>\n<meta property=\"og:site_name\" content=\"Sportler\" \/>\n<meta property=\"article:published_time\" content=\"2015-08-07T06:50:31+00:00\" \/>\n<meta property=\"article:modified_time\" content=\"2015-08-07T06:57:32+00:00\" \/>\n<meta name=\"twitter:card\" content=\"summary\" \/>\n<meta name=\"twitter:label1\" content=\"Gesch\u00e4tzte Lesezeit\">\n\t<meta name=\"twitter:data1\" content=\"1\u00a0Minute\">\n<script type=\"application\/ld+json\" class=\"yoast-schema-graph\">{\"@context\":\"https:\/\/schema.org\",\"@graph\":[{\"@type\":\"WebSite\",\"@id\":\"https:\/\/skimo.73.jarolim.eu\/sportler\/#website\",\"url\":\"https:\/\/skimo.73.jarolim.eu\/sportler\/\",\"name\":\"Sportler\",\"description\":\"\",\"potentialAction\":[{\"@type\":\"SearchAction\",\"target\":\"https:\/\/skimo.73.jarolim.eu\/sportler\/?s={search_term_string}\",\"query-input\":\"required name=search_term_string\"}],\"inLanguage\":\"de\"},{\"@type\":\"WebPage\",\"@id\":\"https:\/\/www.skimo.at\/sportler\/3638\/bekanntgabe-oesv-kader-skibergsteiger-201516\/#webpage\",\"url\":\"https:\/\/www.skimo.at\/sportler\/3638\/bekanntgabe-oesv-kader-skibergsteiger-201516\/\",\"name\":\"Bekanntgabe \\u00d6SV Kader Skibergsteiger 2015\/16 - Sportler\",\"isPartOf\":{\"@id\":\"https:\/\/skimo.73.jarolim.eu\/sportler\/#website\"},\"datePublished\":\"2015-08-07T06:50:31+00:00\",\"dateModified\":\"2015-08-07T06:57:32+00:00\",\"author\":{\"@id\":\"https:\/\/skimo.73.jarolim.eu\/sportler\/#\/schema\/person\/796ecbce6796efca58bf848ca63ec12c\"},\"breadcrumb\":{\"@id\":\"https:\/\/www.skimo.at\/sportler\/3638\/bekanntgabe-oesv-kader-skibergsteiger-201516\/#breadcrumb\"},\"inLanguage\":\"de\",\"potentialAction\":[{\"@type\":\"ReadAction\",\"target\":[\"https:\/\/www.skimo.at\/sportler\/3638\/bekanntgabe-oesv-kader-skibergsteiger-201516\/\"]}]},{\"@type\":\"BreadcrumbList\",\"@id\":\"https:\/\/www.skimo.at\/sportler\/3638\/bekanntgabe-oesv-kader-skibergsteiger-201516\/#breadcrumb\",\"itemListElement\":[{\"@type\":\"ListItem\",\"position\":1,\"item\":{\"@type\":\"WebPage\",\"@id\":\"https:\/\/skimo.73.jarolim.eu\/sportler\/\",\"url\":\"https:\/\/skimo.73.jarolim.eu\/sportler\/\",\"name\":\"Home\"}},{\"@type\":\"ListItem\",\"position\":2,\"item\":{\"@id\":\"https:\/\/www.skimo.at\/sportler\/3638\/bekanntgabe-oesv-kader-skibergsteiger-201516\/#webpage\"}}]},{\"@type\":\"Person\",\"@id\":\"https:\/\/skimo.73.jarolim.eu\/sportler\/#\/schema\/person\/796ecbce6796efca58bf848ca63ec12c\",\"name\":\"kposch\",\"image\":{\"@type\":\"ImageObject\",\"@id\":\"https:\/\/skimo.73.jarolim.eu\/sportler\/#personlogo\",\"inLanguage\":\"de\",\"url\":\"https:\/\/secure.gravatar.com\/avatar\/e9f5f28da60e5e563d3f4d3cc0b9b425?s=96&r=g\",\"contentUrl\":\"https:\/\/secure.gravatar.com\/avatar\/e9f5f28da60e5e563d3f4d3cc0b9b425?s=96&r=g\",\"caption\":\"kposch\"},\"url\":\"https:\/\/www.skimo.at\/sportler\/author\/kposch\/\"}]}<\/script>\n<!-- \/ Yoast SEO plugin. -->","_links":{"self":[{"href":"https:\/\/www.skimo.at\/sportler\/wp-json\/wp\/v2\/posts\/3638"}],"collection":[{"href":"https:\/\/www.skimo.at\/sportler\/wp-json\/wp\/v2\/posts"}],"about":[{"href":"https:\/\/www.skimo.at\/sportler\/wp-json\/wp\/v2\/types\/post"}],"author":[{"embeddable":true,"href":"https:\/\/www.skimo.at\/sportler\/wp-json\/wp\/v2\/users\/3"}],"replies":[{"embeddable":true,"href":"https:\/\/www.skimo.at\/sportler\/wp-json\/wp\/v2\/comments?post=3638"}],"version-history":[{"count":11,"href":"https:\/\/www.skimo.at\/sportler\/wp-json\/wp\/v2\/posts\/3638\/revisions"}],"predecessor-version":[{"id":3649,"href":"https:\/\/www.skimo.at\/sportler\/wp-json\/wp\/v2\/posts\/3638\/revisions\/3649"}],"wp:attachment":[{"href":"https:\/\/www.skimo.at\/sportler\/wp-json\/wp\/v2\/media?parent=3638"}],"wp:term":[{"taxonomy":"category","embeddable":true,"href":"https:\/\/www.skimo.at\/sportler\/wp-json\/wp\/v2\/categories?post=3638"},{"taxonomy":"post_tag","embeddable":true,"href":"https:\/\/www.skimo.at\/sportler\/wp-json\/wp\/v2\/tags?post=3638"}],"curies":[{"name":"wp","href":"https:\/\/api.w.org\/{rel}","templated":true}]}}