{"id":3633,"date":"2015-07-04T15:45:28","date_gmt":"2015-07-04T13:45:28","guid":{"rendered":"http:\/\/www.skimo.at\/sportler\/?p=3633"},"modified":"2015-07-04T15:50:23","modified_gmt":"2015-07-04T13:50:23","slug":"em-berglauf-2015-streitberger-und-hohenwarter-die-besten-oesterreicher-ihrer-klasse-mayr-holt-sich-den-em-titel-bei-den-damen","status":"publish","type":"post","link":"https:\/\/www.skimo.at\/sportler\/3633\/em-berglauf-2015-streitberger-und-hohenwarter-die-besten-oesterreicher-ihrer-klasse-mayr-holt-sich-den-em-titel-bei-den-damen\/","title":{"rendered":"EM Berglauf 2015: Streitberger und Hohenwarter die besten \u00d6sterreicher ihrer Klasse, Mayr holt sich den EM Titel bei den Damen"},"content":{"rendered":"<p>Super Ergebnisse haben uns soeben von der Berglauf EM 2015 in Madeira (Portugal) erreicht: Verena Streitberger ist als beste \u00d6sterreicherin der Juniorenklasse auf Rang 8 zu finden, nur rund 2 min hinter der Siegerin (Zeit: 23:23 auf 4 km und 400 Hm). Markus Hohenwarter beendet in der Herren Senior Klasse ebenfalls als bester \u00d6sterreicher das Rennen auf Rang 18 (Zeit: 1:06:06 auf\u00a0 11.85 km und 12250 Hm).<\/p>\n<p>Andrea Mayr hat bei den Damen die Senior Klasse (Zeit: 50:40 auf 8,25 km und und 850 Hm) mit einem Vorsprung von \u00fcber 2 min auf die Konkurrentinnen souver\u00e4n gewonnen und holt somit den EM Titel bei den Damen wieder nach \u00d6sterreich. Gemeinsam mit Susanne Mair (Rang 18) und Sabine Reiner (Rang 4)\u00a0gewinnt die Damenmannschaft im Team zus\u00e4tzlich auch noch Silber.<\/p>\n<p><a href=\"http:\/\/www.emrchportomoniz2015.com\/\" target=\"_blank\">www.emrchportomoniz2015.com<\/a><\/p>\n","protected":false},"excerpt":{"rendered":"<p>Super Ergebnisse haben uns soeben von der Berglauf EM 2015 in Madeira (Portugal) erreicht: Verena Streitberger ist als beste \u00d6sterreicherin der Juniorenklasse auf Rang 8 zu finden, nur rund 2 min hinter der Siegerin (Zeit: 23:23 auf 4 km und 400 Hm). Markus Hohenwarter beendet in der Herren Senior Klasse ebenfalls als bester \u00d6sterreicher das [&hellip;]<\/p>\n","protected":false},"author":4,"featured_media":0,"comment_status":"closed","ping_status":"closed","sticky":false,"template":"","format":"standard","meta":[],"categories":[1,3],"tags":[],"yoast_head":"<!-- This site is optimized with the Yoast SEO plugin v16.3 - https:\/\/yoast.com\/wordpress\/plugins\/seo\/ -->\n<title>EM Berglauf 2015: Streitberger und Hohenwarter die besten \u00d6sterreicher ihrer Klasse, Mayr holt sich den EM Titel bei den Damen - Sportler<\/title>\n<meta name=\"robots\" content=\"index, follow, max-snippet:-1, max-image-preview:large, max-video-preview:-1\" \/>\n<link rel=\"canonical\" href=\"https:\/\/www.skimo.at\/sportler\/3633\/em-berglauf-2015-streitberger-und-hohenwarter-die-besten-oesterreicher-ihrer-klasse-mayr-holt-sich-den-em-titel-bei-den-damen\/\" \/>\n<meta property=\"og:locale\" content=\"de_DE\" \/>\n<meta property=\"og:type\" content=\"article\" \/>\n<meta property=\"og:title\" content=\"EM Berglauf 2015: Streitberger und Hohenwarter die besten \u00d6sterreicher ihrer Klasse, Mayr holt sich den EM Titel bei den Damen - Sportler\" \/>\n<meta property=\"og:description\" content=\"Super Ergebnisse haben uns soeben von der Berglauf EM 2015 in Madeira (Portugal) erreicht: Verena Streitberger ist als beste \u00d6sterreicherin der Juniorenklasse auf Rang 8 zu finden, nur rund 2 min hinter der Siegerin (Zeit: 23:23 auf 4 km und 400 Hm). Markus Hohenwarter beendet in der Herren Senior Klasse ebenfalls als bester \u00d6sterreicher das [&hellip;]\" \/>\n<meta property=\"og:url\" content=\"https:\/\/www.skimo.at\/sportler\/3633\/em-berglauf-2015-streitberger-und-hohenwarter-die-besten-oesterreicher-ihrer-klasse-mayr-holt-sich-den-em-titel-bei-den-damen\/\" \/>\n<meta property=\"og:site_name\" content=\"Sportler\" \/>\n<meta property=\"article:published_time\" content=\"2015-07-04T13:45:28+00:00\" \/>\n<meta property=\"article:modified_time\" content=\"2015-07-04T13:50:23+00:00\" \/>\n<meta name=\"twitter:card\" content=\"summary\" \/>\n<meta name=\"twitter:label1\" content=\"Gesch\u00e4tzte Lesezeit\">\n\t<meta name=\"twitter:data1\" content=\"1\u00a0Minute\">\n<script type=\"application\/ld+json\" class=\"yoast-schema-graph\">{\"@context\":\"https:\/\/schema.org\",\"@graph\":[{\"@type\":\"WebSite\",\"@id\":\"https:\/\/skimo.73.jarolim.eu\/sportler\/#website\",\"url\":\"https:\/\/skimo.73.jarolim.eu\/sportler\/\",\"name\":\"Sportler\",\"description\":\"\",\"potentialAction\":[{\"@type\":\"SearchAction\",\"target\":\"https:\/\/skimo.73.jarolim.eu\/sportler\/?s={search_term_string}\",\"query-input\":\"required name=search_term_string\"}],\"inLanguage\":\"de\"},{\"@type\":\"WebPage\",\"@id\":\"https:\/\/www.skimo.at\/sportler\/3633\/em-berglauf-2015-streitberger-und-hohenwarter-die-besten-oesterreicher-ihrer-klasse-mayr-holt-sich-den-em-titel-bei-den-damen\/#webpage\",\"url\":\"https:\/\/www.skimo.at\/sportler\/3633\/em-berglauf-2015-streitberger-und-hohenwarter-die-besten-oesterreicher-ihrer-klasse-mayr-holt-sich-den-em-titel-bei-den-damen\/\",\"name\":\"EM Berglauf 2015: Streitberger und Hohenwarter die besten \\u00d6sterreicher ihrer Klasse, Mayr holt sich den EM Titel bei den Damen - Sportler\",\"isPartOf\":{\"@id\":\"https:\/\/skimo.73.jarolim.eu\/sportler\/#website\"},\"datePublished\":\"2015-07-04T13:45:28+00:00\",\"dateModified\":\"2015-07-04T13:50:23+00:00\",\"author\":{\"@id\":\"https:\/\/skimo.73.jarolim.eu\/sportler\/#\/schema\/person\/89e18f4c3d09b5434dbc2dc0cefbcd30\"},\"breadcrumb\":{\"@id\":\"https:\/\/www.skimo.at\/sportler\/3633\/em-berglauf-2015-streitberger-und-hohenwarter-die-besten-oesterreicher-ihrer-klasse-mayr-holt-sich-den-em-titel-bei-den-damen\/#breadcrumb\"},\"inLanguage\":\"de\",\"potentialAction\":[{\"@type\":\"ReadAction\",\"target\":[\"https:\/\/www.skimo.at\/sportler\/3633\/em-berglauf-2015-streitberger-und-hohenwarter-die-besten-oesterreicher-ihrer-klasse-mayr-holt-sich-den-em-titel-bei-den-damen\/\"]}]},{\"@type\":\"BreadcrumbList\",\"@id\":\"https:\/\/www.skimo.at\/sportler\/3633\/em-berglauf-2015-streitberger-und-hohenwarter-die-besten-oesterreicher-ihrer-klasse-mayr-holt-sich-den-em-titel-bei-den-damen\/#breadcrumb\",\"itemListElement\":[{\"@type\":\"ListItem\",\"position\":1,\"item\":{\"@type\":\"WebPage\",\"@id\":\"https:\/\/skimo.73.jarolim.eu\/sportler\/\",\"url\":\"https:\/\/skimo.73.jarolim.eu\/sportler\/\",\"name\":\"Home\"}},{\"@type\":\"ListItem\",\"position\":2,\"item\":{\"@id\":\"https:\/\/www.skimo.at\/sportler\/3633\/em-berglauf-2015-streitberger-und-hohenwarter-die-besten-oesterreicher-ihrer-klasse-mayr-holt-sich-den-em-titel-bei-den-damen\/#webpage\"}}]},{\"@type\":\"Person\",\"@id\":\"https:\/\/skimo.73.jarolim.eu\/sportler\/#\/schema\/person\/89e18f4c3d09b5434dbc2dc0cefbcd30\",\"name\":\"aspielbuechler\",\"image\":{\"@type\":\"ImageObject\",\"@id\":\"https:\/\/skimo.73.jarolim.eu\/sportler\/#personlogo\",\"inLanguage\":\"de\",\"url\":\"https:\/\/secure.gravatar.com\/avatar\/1220d25619b41a33e4710c8b968dc56e?s=96&r=g\",\"contentUrl\":\"https:\/\/secure.gravatar.com\/avatar\/1220d25619b41a33e4710c8b968dc56e?s=96&r=g\",\"caption\":\"aspielbuechler\"},\"url\":\"https:\/\/www.skimo.at\/sportler\/author\/aspielbuechler\/\"}]}<\/script>\n<!-- \/ Yoast SEO plugin. -->","_links":{"self":[{"href":"https:\/\/www.skimo.at\/sportler\/wp-json\/wp\/v2\/posts\/3633"}],"collection":[{"href":"https:\/\/www.skimo.at\/sportler\/wp-json\/wp\/v2\/posts"}],"about":[{"href":"https:\/\/www.skimo.at\/sportler\/wp-json\/wp\/v2\/types\/post"}],"author":[{"embeddable":true,"href":"https:\/\/www.skimo.at\/sportler\/wp-json\/wp\/v2\/users\/4"}],"replies":[{"embeddable":true,"href":"https:\/\/www.skimo.at\/sportler\/wp-json\/wp\/v2\/comments?post=3633"}],"version-history":[{"count":2,"href":"https:\/\/www.skimo.at\/sportler\/wp-json\/wp\/v2\/posts\/3633\/revisions"}],"predecessor-version":[{"id":3636,"href":"https:\/\/www.skimo.at\/sportler\/wp-json\/wp\/v2\/posts\/3633\/revisions\/3636"}],"wp:attachment":[{"href":"https:\/\/www.skimo.at\/sportler\/wp-json\/wp\/v2\/media?parent=3633"}],"wp:term":[{"taxonomy":"category","embeddable":true,"href":"https:\/\/www.skimo.at\/sportler\/wp-json\/wp\/v2\/categories?post=3633"},{"taxonomy":"post_tag","embeddable":true,"href":"https:\/\/www.skimo.at\/sportler\/wp-json\/wp\/v2\/tags?post=3633"}],"curies":[{"name":"wp","href":"https:\/\/api.w.org\/{rel}","templated":true}]}}