{"id":3629,"date":"2015-07-03T13:23:55","date_gmt":"2015-07-03T11:23:55","guid":{"rendered":"http:\/\/www.skimo.at\/sportler\/?p=3629"},"modified":"2015-07-03T13:23:55","modified_gmt":"2015-07-03T11:23:55","slug":"verena-streitberger-und-markus-hohenwarter-starten-bei-der-berglauf-em-2015","status":"publish","type":"post","link":"https:\/\/www.skimo.at\/sportler\/3629\/verena-streitberger-und-markus-hohenwarter-starten-bei-der-berglauf-em-2015\/","title":{"rendered":"Verena Streitberger und Markus Hohenwarter starten bei der Berglauf EM 2015"},"content":{"rendered":"<p>Morgen\u00a0Samstag, 04. Juli 2015, finden in <strong>Porto Moniz<\/strong> auf der Insel Madeira (POR) die 14. Europameisterschaften im Berglauf statt. Die Strecke auf der portugiesischen &#8222;Blumeninsel&#8220; verl\u00e4uft dieses Jahr gro\u00dfteils\u00a0&#8222;uphill&#8220;. Mit dabei sind auch zwei Mitglieder der Nationalmannschaft Skibergsteigen: Verena Streitberger hat sich durch ihre Leistung bei der Berglauf \u00d6M (Sieg in ihrer Klasse) f\u00fcr die EM qualifiziert. 4 Kilometer mit 400 Hm stehen f\u00fcr Verena am Programm.<br \/>\nIm Winter schaut er bei den Rennen zu und therapiert die Athleten im Skibergsteigen nach dem Wettkampfeinsatz, morgen ist er selber am Start: in der Herrenklasse geht der Nationalteambetreuer und Staatsmeister im Berglauf 2015, Markus Hohenwarter, ins Rennen. Seine Strecke umfasst 11.9 km und 1250 Hm. Eine Top Platzierung kann bei beiden &#8222;Skibergsteigern&#8220; drinnen sein.<br \/>\nGro\u00dfe Chancen darf sich \u00d6sterreich mit der dreifachen Berglauf-Europameisterin und aktueller Staatsmeisterin Andrea Mayr ausrechnen.<\/p>\n<p>Wir werden informieren, sobald wir erste Infos \u00fcber das Rennen und die Ergebnisse bekommen haben.<\/p>\n","protected":false},"excerpt":{"rendered":"<p>Morgen\u00a0Samstag, 04. Juli 2015, finden in Porto Moniz auf der Insel Madeira (POR) die 14. Europameisterschaften im Berglauf statt. Die Strecke auf der portugiesischen &#8222;Blumeninsel&#8220; verl\u00e4uft dieses Jahr gro\u00dfteils\u00a0&#8222;uphill&#8220;. Mit dabei sind auch zwei Mitglieder der Nationalmannschaft Skibergsteigen: Verena Streitberger hat sich durch ihre Leistung bei der Berglauf \u00d6M (Sieg in ihrer Klasse) f\u00fcr die [&hellip;]<\/p>\n","protected":false},"author":4,"featured_media":3630,"comment_status":"closed","ping_status":"closed","sticky":false,"template":"","format":"standard","meta":[],"categories":[1,3],"tags":[],"yoast_head":"<!-- This site is optimized with the Yoast SEO plugin v16.3 - https:\/\/yoast.com\/wordpress\/plugins\/seo\/ -->\n<title>Verena Streitberger und Markus Hohenwarter starten bei der Berglauf EM 2015 - Sportler<\/title>\n<meta name=\"robots\" content=\"index, follow, max-snippet:-1, max-image-preview:large, max-video-preview:-1\" \/>\n<link rel=\"canonical\" href=\"https:\/\/www.skimo.at\/sportler\/3629\/verena-streitberger-und-markus-hohenwarter-starten-bei-der-berglauf-em-2015\/\" \/>\n<meta property=\"og:locale\" content=\"de_DE\" \/>\n<meta property=\"og:type\" content=\"article\" \/>\n<meta property=\"og:title\" content=\"Verena Streitberger und Markus Hohenwarter starten bei der Berglauf EM 2015 - Sportler\" \/>\n<meta property=\"og:description\" content=\"Morgen\u00a0Samstag, 04. Juli 2015, finden in Porto Moniz auf der Insel Madeira (POR) die 14. Europameisterschaften im Berglauf statt. Die Strecke auf der portugiesischen &#8222;Blumeninsel&#8220; verl\u00e4uft dieses Jahr gro\u00dfteils\u00a0&#8222;uphill&#8220;. Mit dabei sind auch zwei Mitglieder der Nationalmannschaft Skibergsteigen: Verena Streitberger hat sich durch ihre Leistung bei der Berglauf \u00d6M (Sieg in ihrer Klasse) f\u00fcr die [&hellip;]\" \/>\n<meta property=\"og:url\" content=\"https:\/\/www.skimo.at\/sportler\/3629\/verena-streitberger-und-markus-hohenwarter-starten-bei-der-berglauf-em-2015\/\" \/>\n<meta property=\"og:site_name\" content=\"Sportler\" \/>\n<meta property=\"article:published_time\" content=\"2015-07-03T11:23:55+00:00\" \/>\n<meta property=\"og:image\" content=\"https:\/\/skimo.73.jarolim.eu\/sportler\/files\/2015\/07\/TL-Ramsau_Bild-Karl-Posch-23.jpg\" \/>\n\t<meta property=\"og:image:width\" content=\"1843\" \/>\n\t<meta property=\"og:image:height\" content=\"1382\" \/>\n<meta name=\"twitter:card\" content=\"summary\" \/>\n<meta name=\"twitter:label1\" content=\"Gesch\u00e4tzte Lesezeit\">\n\t<meta name=\"twitter:data1\" content=\"1\u00a0Minute\">\n<script type=\"application\/ld+json\" class=\"yoast-schema-graph\">{\"@context\":\"https:\/\/schema.org\",\"@graph\":[{\"@type\":\"WebSite\",\"@id\":\"https:\/\/skimo.73.jarolim.eu\/sportler\/#website\",\"url\":\"https:\/\/skimo.73.jarolim.eu\/sportler\/\",\"name\":\"Sportler\",\"description\":\"\",\"potentialAction\":[{\"@type\":\"SearchAction\",\"target\":\"https:\/\/skimo.73.jarolim.eu\/sportler\/?s={search_term_string}\",\"query-input\":\"required name=search_term_string\"}],\"inLanguage\":\"de\"},{\"@type\":\"ImageObject\",\"@id\":\"https:\/\/www.skimo.at\/sportler\/3629\/verena-streitberger-und-markus-hohenwarter-starten-bei-der-berglauf-em-2015\/#primaryimage\",\"inLanguage\":\"de\",\"url\":\"https:\/\/www.skimo.at\/sportler\/files\/2015\/07\/TL-Ramsau_Bild-Karl-Posch-23.jpg\",\"contentUrl\":\"https:\/\/www.skimo.at\/sportler\/files\/2015\/07\/TL-Ramsau_Bild-Karl-Posch-23.jpg\",\"width\":1843,\"height\":1382},{\"@type\":\"WebPage\",\"@id\":\"https:\/\/www.skimo.at\/sportler\/3629\/verena-streitberger-und-markus-hohenwarter-starten-bei-der-berglauf-em-2015\/#webpage\",\"url\":\"https:\/\/www.skimo.at\/sportler\/3629\/verena-streitberger-und-markus-hohenwarter-starten-bei-der-berglauf-em-2015\/\",\"name\":\"Verena Streitberger und Markus Hohenwarter starten bei der Berglauf EM 2015 - Sportler\",\"isPartOf\":{\"@id\":\"https:\/\/skimo.73.jarolim.eu\/sportler\/#website\"},\"primaryImageOfPage\":{\"@id\":\"https:\/\/www.skimo.at\/sportler\/3629\/verena-streitberger-und-markus-hohenwarter-starten-bei-der-berglauf-em-2015\/#primaryimage\"},\"datePublished\":\"2015-07-03T11:23:55+00:00\",\"dateModified\":\"2015-07-03T11:23:55+00:00\",\"author\":{\"@id\":\"https:\/\/skimo.73.jarolim.eu\/sportler\/#\/schema\/person\/89e18f4c3d09b5434dbc2dc0cefbcd30\"},\"breadcrumb\":{\"@id\":\"https:\/\/www.skimo.at\/sportler\/3629\/verena-streitberger-und-markus-hohenwarter-starten-bei-der-berglauf-em-2015\/#breadcrumb\"},\"inLanguage\":\"de\",\"potentialAction\":[{\"@type\":\"ReadAction\",\"target\":[\"https:\/\/www.skimo.at\/sportler\/3629\/verena-streitberger-und-markus-hohenwarter-starten-bei-der-berglauf-em-2015\/\"]}]},{\"@type\":\"BreadcrumbList\",\"@id\":\"https:\/\/www.skimo.at\/sportler\/3629\/verena-streitberger-und-markus-hohenwarter-starten-bei-der-berglauf-em-2015\/#breadcrumb\",\"itemListElement\":[{\"@type\":\"ListItem\",\"position\":1,\"item\":{\"@type\":\"WebPage\",\"@id\":\"https:\/\/skimo.73.jarolim.eu\/sportler\/\",\"url\":\"https:\/\/skimo.73.jarolim.eu\/sportler\/\",\"name\":\"Home\"}},{\"@type\":\"ListItem\",\"position\":2,\"item\":{\"@id\":\"https:\/\/www.skimo.at\/sportler\/3629\/verena-streitberger-und-markus-hohenwarter-starten-bei-der-berglauf-em-2015\/#webpage\"}}]},{\"@type\":\"Person\",\"@id\":\"https:\/\/skimo.73.jarolim.eu\/sportler\/#\/schema\/person\/89e18f4c3d09b5434dbc2dc0cefbcd30\",\"name\":\"aspielbuechler\",\"image\":{\"@type\":\"ImageObject\",\"@id\":\"https:\/\/skimo.73.jarolim.eu\/sportler\/#personlogo\",\"inLanguage\":\"de\",\"url\":\"https:\/\/secure.gravatar.com\/avatar\/1220d25619b41a33e4710c8b968dc56e?s=96&r=g\",\"contentUrl\":\"https:\/\/secure.gravatar.com\/avatar\/1220d25619b41a33e4710c8b968dc56e?s=96&r=g\",\"caption\":\"aspielbuechler\"},\"url\":\"https:\/\/www.skimo.at\/sportler\/author\/aspielbuechler\/\"}]}<\/script>\n<!-- \/ Yoast SEO plugin. -->","_links":{"self":[{"href":"https:\/\/www.skimo.at\/sportler\/wp-json\/wp\/v2\/posts\/3629"}],"collection":[{"href":"https:\/\/www.skimo.at\/sportler\/wp-json\/wp\/v2\/posts"}],"about":[{"href":"https:\/\/www.skimo.at\/sportler\/wp-json\/wp\/v2\/types\/post"}],"author":[{"embeddable":true,"href":"https:\/\/www.skimo.at\/sportler\/wp-json\/wp\/v2\/users\/4"}],"replies":[{"embeddable":true,"href":"https:\/\/www.skimo.at\/sportler\/wp-json\/wp\/v2\/comments?post=3629"}],"version-history":[{"count":1,"href":"https:\/\/www.skimo.at\/sportler\/wp-json\/wp\/v2\/posts\/3629\/revisions"}],"predecessor-version":[{"id":3632,"href":"https:\/\/www.skimo.at\/sportler\/wp-json\/wp\/v2\/posts\/3629\/revisions\/3632"}],"wp:featuredmedia":[{"embeddable":true,"href":"https:\/\/www.skimo.at\/sportler\/wp-json\/wp\/v2\/media\/3630"}],"wp:attachment":[{"href":"https:\/\/www.skimo.at\/sportler\/wp-json\/wp\/v2\/media?parent=3629"}],"wp:term":[{"taxonomy":"category","embeddable":true,"href":"https:\/\/www.skimo.at\/sportler\/wp-json\/wp\/v2\/categories?post=3629"},{"taxonomy":"post_tag","embeddable":true,"href":"https:\/\/www.skimo.at\/sportler\/wp-json\/wp\/v2\/tags?post=3629"}],"curies":[{"name":"wp","href":"https:\/\/api.w.org\/{rel}","templated":true}]}}