{"id":3619,"date":"2015-11-02T15:01:47","date_gmt":"2015-11-02T13:01:47","guid":{"rendered":"http:\/\/www.skimo.at\/sportler\/?p=3619"},"modified":"2015-11-07T13:06:34","modified_gmt":"2015-11-07T11:06:34","slug":"selektionsrichtlinien-fuer-die-aufnahme-in-die-nationalkader-201516","status":"publish","type":"post","link":"https:\/\/www.skimo.at\/sportler\/3619\/selektionsrichtlinien-fuer-die-aufnahme-in-die-nationalkader-201516\/","title":{"rendered":"Selektionsrichtlinien f\u00fcr die Aufnahme in die Nationalkader 2015\/16"},"content":{"rendered":"<p>Die Sparte Skibergsteigen befindet sich wie die Athleten der Nationalmannschaft trotz sp\u00e4tsommerlicher Temperaturen bereits schon wieder fast im\u00a0Winter. Nachdem die erste Saison unter dem Dach des \u00d6sterreichischen Skiverbandes gut \u00fcber die B\u00fchne gebracht worden ist, schreite man Vollgas\u00a0in Richtung der n\u00e4chsten. Einige Anpassungen wird es auch zuk\u00fcnftig\u00a0 wieder geben, eine wichtige Erneuerung ist aktuell die Neustrukturierung der Nationalkader. Hat es bislang drei Kadergruppen (A-Kader, B-Kader, Jugendkader) gegeben, so wird die Aufstellung nun um den Anschlusskader erweitert. Die zuk\u00fcnftigen Mitglieder dessen werden von den Referaten der Bundesl\u00e4nder vorgeschlagen, die Athlet k\u00f6nnen aufgrund ihrer pers\u00f6nlichen Leistungen dann in absehbarer Zeit in den B-Kader aufgenommen werden.<\/p>\n<p>F\u00fcr die kommende Wintersaison ist die <a href=\"http:\/\/www.askimo.at\/nationalmannschaft\/3638\/bekanntgabe-oesv-kader-skibergsteiger-201516\/\" target=\"_blank\">Kaderaufstellung<\/a>\u00a0bekannt gegeben und in der Senior Klasse auch bereits fixiert, eine\u00a0Ausnahme stellen die Nachwuchsathleten\u00a0(Cadet, Junior, Espoir) dar. In diesen Klassen kann w\u00e4hrend der Saison leistungsbezogen nachnominiert werden.<\/p>\n<p>F\u00fcr eine Aufnahme in einen der Kader ist wie bereits in den letzten Jahren die Erf\u00fcllung der festgelegten Aufnahmekriterien Bedingung. Die Aufnahmekriterien sind im Anschluss an den Bericht im Dokument <em>Selektionsrichtlinien 2015\/16\u00a0<\/em>aktualisiert ersichtlich bzw.\u00a0<a href=\"http:\/\/www.askimo.at\/nationalmannschaft\/qualifikation\/\" target=\"_blank\">hier auch der Link dazu<\/a>. Interessierte Athleten bitten wir, an den Selektionsbewerben teilzunehmen, damit sich Headcoach Alex Lugger ein Bild von den Leistungen machen kann, anschlie\u00dfend mit dem jeweiligen Landesreferat Kontakt aufzunehmen, sowie ggf.\u00a0das Athleten Datenblatt f\u00fcr eine Kaderaufnahme an den daf\u00fcr zust\u00e4ndigen Landesreferenten zu schicken. <a href=\"http:\/\/www.askimo.at\/nationalmannschaft\/qualifikation\/\" target=\"_blank\">Hier der Link dazu<\/a>.<\/p>\n<p><strong>Wichtig f\u00fcr die kommende Saison: die Ergebnisse der angef\u00fchrten Selektionsbewerbe gelten f\u00fcr die Athleten der <span style=\"text-decoration: underline\">Senior Klasse<\/span> als Qualifikationsrennen f\u00fcr die Wintersaison <span style=\"text-decoration: underline\">2016\/17<\/span>, Athleten der <span style=\"text-decoration: underline\">Jugend Klassen (Espoir, Junior, Cadet)<\/span> k\u00f6nnen leistungsbezogen auch noch w\u00e4hrend der Saison <span style=\"text-decoration: underline\">2015\/16<\/span> nachnominiert werden, eine Teilnahme an den Selektionsbewerben ist jedoch erforderlich.\u00a0<\/strong><\/p>\n","protected":false},"excerpt":{"rendered":"<p>Die Sparte Skibergsteigen befindet sich wie die Athleten der Nationalmannschaft trotz sp\u00e4tsommerlicher Temperaturen bereits schon wieder fast im\u00a0Winter. Nachdem die erste Saison unter dem Dach des \u00d6sterreichischen Skiverbandes gut \u00fcber die B\u00fchne gebracht worden ist, schreite man Vollgas\u00a0in Richtung der n\u00e4chsten. Einige Anpassungen wird es auch zuk\u00fcnftig\u00a0 wieder geben, eine wichtige Erneuerung ist aktuell die [&hellip;]<\/p>\n","protected":false},"author":4,"featured_media":0,"comment_status":"closed","ping_status":"closed","sticky":false,"template":"","format":"standard","meta":[],"categories":[1,3],"tags":[],"yoast_head":"<!-- This site is optimized with the Yoast SEO plugin v16.3 - https:\/\/yoast.com\/wordpress\/plugins\/seo\/ -->\n<title>Selektionsrichtlinien Kader Skibergsteigen<\/title>\n<meta name=\"description\" content=\"Selektionsrichtlinien f\u00fcr die Aufnahme in die Nationalkader Skibergsteigen 2015\/16\" \/>\n<meta name=\"robots\" content=\"index, follow, max-snippet:-1, max-image-preview:large, max-video-preview:-1\" \/>\n<link rel=\"canonical\" href=\"https:\/\/www.skimo.at\/sportler\/3619\/selektionsrichtlinien-fuer-die-aufnahme-in-die-nationalkader-201516\/\" \/>\n<meta property=\"og:locale\" content=\"de_DE\" \/>\n<meta property=\"og:type\" content=\"article\" \/>\n<meta property=\"og:title\" content=\"Selektionsrichtlinien Kader Skibergsteigen\" \/>\n<meta property=\"og:description\" content=\"Selektionsrichtlinien f\u00fcr die Aufnahme in die Nationalkader Skibergsteigen 2015\/16\" \/>\n<meta property=\"og:url\" content=\"https:\/\/www.skimo.at\/sportler\/3619\/selektionsrichtlinien-fuer-die-aufnahme-in-die-nationalkader-201516\/\" \/>\n<meta property=\"og:site_name\" content=\"Sportler\" \/>\n<meta property=\"article:published_time\" content=\"2015-11-02T13:01:47+00:00\" \/>\n<meta property=\"article:modified_time\" content=\"2015-11-07T11:06:34+00:00\" \/>\n<meta name=\"twitter:card\" content=\"summary\" \/>\n<meta name=\"twitter:label1\" content=\"Gesch\u00e4tzte Lesezeit\">\n\t<meta name=\"twitter:data1\" content=\"1\u00a0Minute\">\n<script type=\"application\/ld+json\" class=\"yoast-schema-graph\">{\"@context\":\"https:\/\/schema.org\",\"@graph\":[{\"@type\":\"WebSite\",\"@id\":\"https:\/\/skimo.73.jarolim.eu\/sportler\/#website\",\"url\":\"https:\/\/skimo.73.jarolim.eu\/sportler\/\",\"name\":\"Sportler\",\"description\":\"\",\"potentialAction\":[{\"@type\":\"SearchAction\",\"target\":\"https:\/\/skimo.73.jarolim.eu\/sportler\/?s={search_term_string}\",\"query-input\":\"required name=search_term_string\"}],\"inLanguage\":\"de\"},{\"@type\":\"WebPage\",\"@id\":\"https:\/\/www.skimo.at\/sportler\/3619\/selektionsrichtlinien-fuer-die-aufnahme-in-die-nationalkader-201516\/#webpage\",\"url\":\"https:\/\/www.skimo.at\/sportler\/3619\/selektionsrichtlinien-fuer-die-aufnahme-in-die-nationalkader-201516\/\",\"name\":\"Selektionsrichtlinien Kader Skibergsteigen\",\"isPartOf\":{\"@id\":\"https:\/\/skimo.73.jarolim.eu\/sportler\/#website\"},\"datePublished\":\"2015-11-02T13:01:47+00:00\",\"dateModified\":\"2015-11-07T11:06:34+00:00\",\"author\":{\"@id\":\"https:\/\/skimo.73.jarolim.eu\/sportler\/#\/schema\/person\/89e18f4c3d09b5434dbc2dc0cefbcd30\"},\"description\":\"Selektionsrichtlinien f\\u00fcr die Aufnahme in die Nationalkader Skibergsteigen 2015\/16\",\"breadcrumb\":{\"@id\":\"https:\/\/www.skimo.at\/sportler\/3619\/selektionsrichtlinien-fuer-die-aufnahme-in-die-nationalkader-201516\/#breadcrumb\"},\"inLanguage\":\"de\",\"potentialAction\":[{\"@type\":\"ReadAction\",\"target\":[\"https:\/\/www.skimo.at\/sportler\/3619\/selektionsrichtlinien-fuer-die-aufnahme-in-die-nationalkader-201516\/\"]}]},{\"@type\":\"BreadcrumbList\",\"@id\":\"https:\/\/www.skimo.at\/sportler\/3619\/selektionsrichtlinien-fuer-die-aufnahme-in-die-nationalkader-201516\/#breadcrumb\",\"itemListElement\":[{\"@type\":\"ListItem\",\"position\":1,\"item\":{\"@type\":\"WebPage\",\"@id\":\"https:\/\/skimo.73.jarolim.eu\/sportler\/\",\"url\":\"https:\/\/skimo.73.jarolim.eu\/sportler\/\",\"name\":\"Home\"}},{\"@type\":\"ListItem\",\"position\":2,\"item\":{\"@id\":\"https:\/\/www.skimo.at\/sportler\/3619\/selektionsrichtlinien-fuer-die-aufnahme-in-die-nationalkader-201516\/#webpage\"}}]},{\"@type\":\"Person\",\"@id\":\"https:\/\/skimo.73.jarolim.eu\/sportler\/#\/schema\/person\/89e18f4c3d09b5434dbc2dc0cefbcd30\",\"name\":\"aspielbuechler\",\"image\":{\"@type\":\"ImageObject\",\"@id\":\"https:\/\/skimo.73.jarolim.eu\/sportler\/#personlogo\",\"inLanguage\":\"de\",\"url\":\"https:\/\/secure.gravatar.com\/avatar\/1220d25619b41a33e4710c8b968dc56e?s=96&r=g\",\"contentUrl\":\"https:\/\/secure.gravatar.com\/avatar\/1220d25619b41a33e4710c8b968dc56e?s=96&r=g\",\"caption\":\"aspielbuechler\"},\"url\":\"https:\/\/www.skimo.at\/sportler\/author\/aspielbuechler\/\"}]}<\/script>\n<!-- \/ Yoast SEO plugin. -->","_links":{"self":[{"href":"https:\/\/www.skimo.at\/sportler\/wp-json\/wp\/v2\/posts\/3619"}],"collection":[{"href":"https:\/\/www.skimo.at\/sportler\/wp-json\/wp\/v2\/posts"}],"about":[{"href":"https:\/\/www.skimo.at\/sportler\/wp-json\/wp\/v2\/types\/post"}],"author":[{"embeddable":true,"href":"https:\/\/www.skimo.at\/sportler\/wp-json\/wp\/v2\/users\/4"}],"replies":[{"embeddable":true,"href":"https:\/\/www.skimo.at\/sportler\/wp-json\/wp\/v2\/comments?post=3619"}],"version-history":[{"count":4,"href":"https:\/\/www.skimo.at\/sportler\/wp-json\/wp\/v2\/posts\/3619\/revisions"}],"predecessor-version":[{"id":3906,"href":"https:\/\/www.skimo.at\/sportler\/wp-json\/wp\/v2\/posts\/3619\/revisions\/3906"}],"wp:attachment":[{"href":"https:\/\/www.skimo.at\/sportler\/wp-json\/wp\/v2\/media?parent=3619"}],"wp:term":[{"taxonomy":"category","embeddable":true,"href":"https:\/\/www.skimo.at\/sportler\/wp-json\/wp\/v2\/categories?post=3619"},{"taxonomy":"post_tag","embeddable":true,"href":"https:\/\/www.skimo.at\/sportler\/wp-json\/wp\/v2\/tags?post=3619"}],"curies":[{"name":"wp","href":"https:\/\/api.w.org\/{rel}","templated":true}]}}