{"id":3588,"date":"2015-05-22T11:53:24","date_gmt":"2015-05-22T09:53:24","guid":{"rendered":"http:\/\/www.skimo.at\/sportler\/?p=3588"},"modified":"2015-05-22T15:05:34","modified_gmt":"2015-05-22T13:05:34","slug":"teammeeting-beendet-die-rennsaison-fuers-nationalteam","status":"publish","type":"post","link":"https:\/\/www.skimo.at\/sportler\/3588\/teammeeting-beendet-die-rennsaison-fuers-nationalteam\/","title":{"rendered":"Teammeeting beendet die Rennsaison f\u00fcrs Nationalteam"},"content":{"rendered":"<p>Mit dem traditionellen Teammeeting der Nationalmannschaft endete am 15.5.2015 offiziell die Saison 2014\/15. Die Nachbesprechung der Erfolge und gleichzeitig die Planung der n\u00e4chsten Saison war wie jedes Jahr ein angenehmes Zusammenkommen aller Athleten und Betreuer.<\/p>\n<p>In der Nachbetrachtung lobte Headcoach Alexander Lugger vor allem die sehr guten Leistungen der Athleten, speziell im Jugendbereich. Lugger dankte den Athleten, aber auch dem Betreuungsteam f\u00fcr das Engagement im letzten Winter. Die Medaillen von Verena Streitberger (Cadet) und Daniel Zugg (Espoir) waren der Ausdruck einer gesteigerten Wettkampfst\u00e4rke. Die Basis f\u00fcr die sportlichen Erfolge wurde jedoch im Team selbst gelegt, die Leistungsorientierung und gleichzeitig der Zusammenhalt waren enorm. Auch Athletensprecher Jakob Herrmann befand in seinem Statement \u201eDie Stimmung im Team war noch nie so gut!\u201c.<br \/>\nDie Zukunft bringt f\u00fcr das Nationalteam einiges an Neuerungen. Die laufende Integration in den \u00d6SV wird f\u00fcr die Sportler eine strukturelle Verbesserung bringen, aktuell liegt der Fokus auf der langfristigen Planung im Bereich des A-Kaders und der Jugend. Karl Posch als sportlicher Leiter der Sparte Skibergsteigen pr\u00e4sentierte das brandneue \u201eSportprogramm 2016-2018\u201c, das vor allem auf eine bessere Trainingsbetreuung der Sportler abzielt. Als politisches Hauptziel ist klar festgelegt, dass berufssportliche M\u00f6glichkeiten f\u00fcr die Nationalkader-Athleten geschaffen werden m\u00fcssen, also ein hauptberufliches Training m\u00f6glich sein muss; ein Anschluss an die Weltspitze wird sonst nicht m\u00f6glich sein.<\/p>\n<p>Neben den o.a. Themen wurde am Teammeeting auch der wohl wichtigste Punkt f\u00fcr die n\u00e4chste Saison 2015\/16 festgelegt, die Kaderaufstellung. Alex Lugger pr\u00e4sentierte im seit einigen Jahren laufenden Trend zu kleineren Einheiten die neue Struktur: neben den bisherigen A-, B- und Jugendkadern wird ein zus\u00e4tzlicher Anschlusskader eingef\u00fchrt. Dieser zuk\u00fcnftig relativ gro\u00dfe Kader fungiert als Schnittstelle zwischen den Landeskadern und dem B-Kader. Als Konsequenz k\u00f6nnen trotz einer Vergr\u00f6\u00dferung des Gesamtkaders auf bis zu 20 Athleten die A- und B- Kader nochmals verschlankt und damit effizienter betreut werden.<\/p>\n<p><strong>Die Kaderaufstellung 2015\/16 zum jetzigen Zeitpunkt sieht wie folgt aus:<\/strong><\/p>\n<p><strong>A-Kader<br \/>\n<\/strong>Herrmann Jakob (SALZBURG)<br \/>\nWeisskopf Martin (TIROL)<br \/>\nZugg Daniel (VORARLBERG)<\/p>\n<p><strong>B-Kader<br \/>\n<\/strong>Fasser Alexander (TIROL)<br \/>\nRohringer Daniel (OBER\u00d6STERREICH)<br \/>\nWallner Thomas (SALZBURG)<\/p>\n<p><strong>Anschlusskader<br \/>\n<\/strong>Brugger Philipp (TIROL)<br \/>\nWalder Johannes (TIROL)<br \/>\nDazu werden im Anschlusskader noch 6 \u2013 8 Athleten von den Landesreferenten nominiert<\/p>\n<p><strong>Jugendkader<br \/>\n<\/strong>Forchthammer Ina (SALZBURG)<br \/>\nSiedler Jakob (TIROL)<br \/>\nStreitberger Verena (SALZBURG)<br \/>\nNun geht\u2019s f\u00fcr die Athleten erst einmal in eine ruhigere Phase mit einigen Privaten Bergtouren und Urlaubstagen, bevor recht bald wieder mit dem Grundlagentraining f\u00fcr die Saison 2015\/16 begonnen wird.<\/p>\n<p>Ein Dank gilt neben den Athleten f\u00fcr Ihre Leistungen auch den Sponsoren und Partnern der Nationalmannschaft. Ohne die Sponsoren \u2013 die alle bereits f\u00fcr die kommende Saison wieder fixe Zusagen abgegeben haben \u2013 w\u00e4re das Fortkommen nicht m\u00f6glich. Danke an: <strong>ADIDAS, BLACK DIAMOND, BUFF, CONTOUR, NIKWAX, ORTHOMOL, PIEPS, TENCEL<\/strong>, aber auch an die Einkaufspartner Atomic, BCA, Blizzard, CEP, Colltex, Columbia, Craft, Dextro Nutrition, Dynafit, Dynastar, Fischer Ski, Fritschi, Hagan, Hagl\u00f6fs, Icebug, K2, Kohla, Leki, L\u00f6ffler, Mammut, Martini Sportswear, Movement, Petzl, Pomoca, Scarpa, Silva, Ski Trab, Smartwool, Start, Suunto, Toko, Vola, Vonzipper und Riap Sport.<\/p>\n","protected":false},"excerpt":{"rendered":"<p>Mit dem traditionellen Teammeeting der Nationalmannschaft endete am 15.5.2015 offiziell die Saison 2014\/15. Die Nachbesprechung der Erfolge und gleichzeitig die Planung der n\u00e4chsten Saison war wie jedes Jahr ein angenehmes Zusammenkommen aller Athleten und Betreuer. In der Nachbetrachtung lobte Headcoach Alexander Lugger vor allem die sehr guten Leistungen der Athleten, speziell im Jugendbereich. Lugger dankte [&hellip;]<\/p>\n","protected":false},"author":3,"featured_media":0,"comment_status":"closed","ping_status":"closed","sticky":false,"template":"","format":"standard","meta":[],"categories":[1,9,3],"tags":[],"yoast_head":"<!-- This site is optimized with the Yoast SEO plugin v16.3 - https:\/\/yoast.com\/wordpress\/plugins\/seo\/ -->\n<title>Teammeeting beendet die Rennsaison f\u00fcrs Nationalteam - Sportler<\/title>\n<meta name=\"robots\" content=\"index, follow, max-snippet:-1, max-image-preview:large, max-video-preview:-1\" \/>\n<link rel=\"canonical\" href=\"https:\/\/www.skimo.at\/sportler\/3588\/teammeeting-beendet-die-rennsaison-fuers-nationalteam\/\" \/>\n<meta property=\"og:locale\" content=\"de_DE\" \/>\n<meta property=\"og:type\" content=\"article\" \/>\n<meta property=\"og:title\" content=\"Teammeeting beendet die Rennsaison f\u00fcrs Nationalteam - Sportler\" \/>\n<meta property=\"og:description\" content=\"Mit dem traditionellen Teammeeting der Nationalmannschaft endete am 15.5.2015 offiziell die Saison 2014\/15. Die Nachbesprechung der Erfolge und gleichzeitig die Planung der n\u00e4chsten Saison war wie jedes Jahr ein angenehmes Zusammenkommen aller Athleten und Betreuer. In der Nachbetrachtung lobte Headcoach Alexander Lugger vor allem die sehr guten Leistungen der Athleten, speziell im Jugendbereich. Lugger dankte [&hellip;]\" \/>\n<meta property=\"og:url\" content=\"https:\/\/www.skimo.at\/sportler\/3588\/teammeeting-beendet-die-rennsaison-fuers-nationalteam\/\" \/>\n<meta property=\"og:site_name\" content=\"Sportler\" \/>\n<meta property=\"article:published_time\" content=\"2015-05-22T09:53:24+00:00\" \/>\n<meta property=\"article:modified_time\" content=\"2015-05-22T13:05:34+00:00\" \/>\n<meta name=\"twitter:card\" content=\"summary\" \/>\n<meta name=\"twitter:label1\" content=\"Gesch\u00e4tzte Lesezeit\">\n\t<meta name=\"twitter:data1\" content=\"3\u00a0Minuten\">\n<script type=\"application\/ld+json\" class=\"yoast-schema-graph\">{\"@context\":\"https:\/\/schema.org\",\"@graph\":[{\"@type\":\"WebSite\",\"@id\":\"https:\/\/skimo.73.jarolim.eu\/sportler\/#website\",\"url\":\"https:\/\/skimo.73.jarolim.eu\/sportler\/\",\"name\":\"Sportler\",\"description\":\"\",\"potentialAction\":[{\"@type\":\"SearchAction\",\"target\":\"https:\/\/skimo.73.jarolim.eu\/sportler\/?s={search_term_string}\",\"query-input\":\"required name=search_term_string\"}],\"inLanguage\":\"de\"},{\"@type\":\"WebPage\",\"@id\":\"https:\/\/www.skimo.at\/sportler\/3588\/teammeeting-beendet-die-rennsaison-fuers-nationalteam\/#webpage\",\"url\":\"https:\/\/www.skimo.at\/sportler\/3588\/teammeeting-beendet-die-rennsaison-fuers-nationalteam\/\",\"name\":\"Teammeeting beendet die Rennsaison f\\u00fcrs Nationalteam - Sportler\",\"isPartOf\":{\"@id\":\"https:\/\/skimo.73.jarolim.eu\/sportler\/#website\"},\"datePublished\":\"2015-05-22T09:53:24+00:00\",\"dateModified\":\"2015-05-22T13:05:34+00:00\",\"author\":{\"@id\":\"https:\/\/skimo.73.jarolim.eu\/sportler\/#\/schema\/person\/796ecbce6796efca58bf848ca63ec12c\"},\"breadcrumb\":{\"@id\":\"https:\/\/www.skimo.at\/sportler\/3588\/teammeeting-beendet-die-rennsaison-fuers-nationalteam\/#breadcrumb\"},\"inLanguage\":\"de\",\"potentialAction\":[{\"@type\":\"ReadAction\",\"target\":[\"https:\/\/www.skimo.at\/sportler\/3588\/teammeeting-beendet-die-rennsaison-fuers-nationalteam\/\"]}]},{\"@type\":\"BreadcrumbList\",\"@id\":\"https:\/\/www.skimo.at\/sportler\/3588\/teammeeting-beendet-die-rennsaison-fuers-nationalteam\/#breadcrumb\",\"itemListElement\":[{\"@type\":\"ListItem\",\"position\":1,\"item\":{\"@type\":\"WebPage\",\"@id\":\"https:\/\/skimo.73.jarolim.eu\/sportler\/\",\"url\":\"https:\/\/skimo.73.jarolim.eu\/sportler\/\",\"name\":\"Home\"}},{\"@type\":\"ListItem\",\"position\":2,\"item\":{\"@id\":\"https:\/\/www.skimo.at\/sportler\/3588\/teammeeting-beendet-die-rennsaison-fuers-nationalteam\/#webpage\"}}]},{\"@type\":\"Person\",\"@id\":\"https:\/\/skimo.73.jarolim.eu\/sportler\/#\/schema\/person\/796ecbce6796efca58bf848ca63ec12c\",\"name\":\"kposch\",\"image\":{\"@type\":\"ImageObject\",\"@id\":\"https:\/\/skimo.73.jarolim.eu\/sportler\/#personlogo\",\"inLanguage\":\"de\",\"url\":\"https:\/\/secure.gravatar.com\/avatar\/e9f5f28da60e5e563d3f4d3cc0b9b425?s=96&r=g\",\"contentUrl\":\"https:\/\/secure.gravatar.com\/avatar\/e9f5f28da60e5e563d3f4d3cc0b9b425?s=96&r=g\",\"caption\":\"kposch\"},\"url\":\"https:\/\/www.skimo.at\/sportler\/author\/kposch\/\"}]}<\/script>\n<!-- \/ Yoast SEO plugin. -->","_links":{"self":[{"href":"https:\/\/www.skimo.at\/sportler\/wp-json\/wp\/v2\/posts\/3588"}],"collection":[{"href":"https:\/\/www.skimo.at\/sportler\/wp-json\/wp\/v2\/posts"}],"about":[{"href":"https:\/\/www.skimo.at\/sportler\/wp-json\/wp\/v2\/types\/post"}],"author":[{"embeddable":true,"href":"https:\/\/www.skimo.at\/sportler\/wp-json\/wp\/v2\/users\/3"}],"replies":[{"embeddable":true,"href":"https:\/\/www.skimo.at\/sportler\/wp-json\/wp\/v2\/comments?post=3588"}],"version-history":[{"count":2,"href":"https:\/\/www.skimo.at\/sportler\/wp-json\/wp\/v2\/posts\/3588\/revisions"}],"predecessor-version":[{"id":3592,"href":"https:\/\/www.skimo.at\/sportler\/wp-json\/wp\/v2\/posts\/3588\/revisions\/3592"}],"wp:attachment":[{"href":"https:\/\/www.skimo.at\/sportler\/wp-json\/wp\/v2\/media?parent=3588"}],"wp:term":[{"taxonomy":"category","embeddable":true,"href":"https:\/\/www.skimo.at\/sportler\/wp-json\/wp\/v2\/categories?post=3588"},{"taxonomy":"post_tag","embeddable":true,"href":"https:\/\/www.skimo.at\/sportler\/wp-json\/wp\/v2\/tags?post=3588"}],"curies":[{"name":"wp","href":"https:\/\/api.w.org\/{rel}","templated":true}]}}