{"id":3535,"date":"2015-03-29T15:56:33","date_gmt":"2015-03-29T13:56:33","guid":{"rendered":"http:\/\/www.skimo.at\/sportler\/?p=3535"},"modified":"2021-01-05T19:37:59","modified_gmt":"2021-01-05T17:37:59","slug":"weltcup-mondole-sprint-race-tag-4-rang-2-im-rennen-und-3-podestplaetze-in-den-weltcup-gesamtwertungen","status":"publish","type":"post","link":"https:\/\/www.skimo.at\/sportler\/3535\/weltcup-mondole-sprint-race-tag-4-rang-2-im-rennen-und-3-podestplaetze-in-den-weltcup-gesamtwertungen\/","title":{"rendered":"Weltcup Mondole Sprint Race, Tag 4: Rang 2 im Rennen und 3 Podestpl\u00e4tze in den Weltcup Gesamtwertungen"},"content":{"rendered":"<p>Heute stand der letzte ISMF Weltcup Bewerb in Prato Nevoso (Provinz Cuneo) in der italienischen Piemont Region f\u00fcr \u00d6sterreichs Skibergsteiger am Programm. Die Nationalmannschaft der \u00d6SV Sparte Skibergsteigen schloss das \u00e4u\u00dferst erfolgreiche Wochenende des Weltcupfinales im Sprint Race noch mit einem weiteren Podestplatz ab. F\u00fcr die \u00f6sterreichische Mannschaft standen f\u00fcnf Athleten am Start. Zu bew\u00e4ltigen war ein ca. 120 H\u00f6henmeter umfassender Rundparcours, bestehend aus einem Aufstieg inklusive Tragepassage und einer kurzen schwierigen Gel\u00e4ndeabfahrt mit Richtungstoren und Spr\u00fcngen. Nach Athletenaussage war vor allem die Abfahrt sehr selektiv und hat so manche Platzierung entschieden.<\/p>\n<h3>Top5 Platzierung in der Klasse Junior<\/h3>\n<p>Nachdem sie gestern bereits souver\u00e4n einen 5. Rang im Individual Race ins Ziel brachte, schlug die 19-j\u00e4hrige Salzburgerin <strong>Ina Forchthammer<\/strong> (St. Johann\/Pg.) heute erneut zu und wiederholte im Sprint das gute Ergebnis:<\/p>\n<blockquote><p>\n\u201eEs war ein sehr schnelles und in der Abfahrt auch schwieriges Rennen, aber ich hatte das Gl\u00fcck, vom Start weg gut weg zu kommen. Die Wechsel zwischen Aufstieg und Abfahrt habe ich ziemlich fehlerfrei geschafft und ich konnte damit viel wertvolle Zeit gewinnen. Ich freue mich enorm \u00fcber meine zwei f\u00fcnften Pl\u00e4tze an diesem Wochenende und bin ich wirklich sehr zufrieden mit diesem guten Saisonabschluss im Weltcup.\u201c<\/p><\/blockquote>\n<p><strong>Verena Streitberger<\/strong>, mit bereits zwei ISMF Weltcup Medaillen im Gep\u00e4ck, davon eine Goldene, schaffte den Einzug ins Finale nach einen Sturz in der Qualifikationsrunde heute nicht. Der Sieg ging heute an <strong>Giulia Compagnoni<\/strong>\u00a0(ITA).<\/p>\n<h3>ISMF Weltcup Silber f\u00fcr Daniel Zugg in der Klasse Espoir<\/h3>\n<p>Wieviel bei einem Sprint Race m\u00f6glich sein kann, zeigte <strong>Daniel Zugg<\/strong>. Dass der Bewerb aber mit einer weiteren ISMF Weltcup Medaille f\u00fcr ihn endet (2. Rang Espoir, 8. Rang gesamt), das hat sich der 22-j\u00e4hrige Vorarlberger jedoch selber nicht gedacht und war fast ein bisschen \u00fcberrascht:<\/p>\n<blockquote><p>\u201eEinfach nur Wahnsinn! Ich bin sehr happy, dass ich nun sogar im Sprint vorne mit dabei sein kann, das spezifische Training hat sich auf jeden Fall ausgezahlt!\u201c<\/p><\/blockquote>\n<p>Daniel Zugg legte in der Qualirunde mit der 15. Laufzeit ein super Ergebnis hin und kam als Lucky Loser des Viertelfinales weiter in das Halbfinale. Und jetzt kommts: da waren nur noch zwei Espoirs drinnen, somit war ab diesem Zeitpunkt bereits klar: eine weitere Medaille in der Espoirklasse ist fix!<\/p>\n<h3>Erfolgreiches Deb\u00fct f\u00fcr Innerhofer und H\u00f6fl<\/h3>\n<p>In der Gesamtwertung der Klasse Senior machen auch<strong> Armin H\u00f6fl<\/strong> und <strong>Patrick Innerhofer<\/strong> einen deutlichen Sprung in die Top30 der Weltelite: Der Steirer H\u00f6fl (Krakau) belegte am Ende Rang 28, der Vorarlberger Innerhofer (Bludesch) darf sich \u00fcber Rang 20 freuen. Patrick Innerhofer nach dem Rennen:<\/p>\n<blockquote><p>\u201eIch bin am Start recht gut weg gekommen und konnte auch die technisch schwierigen Abschnitte, sowie die Wechsel gut meistern. Zeit liegen lassen musste ich jedoch bei den Spitzkehren, denn hier kam mir ein Franzose in die Quere, der in meine Spur wechselte, sich dadurch mein Fell etwas l\u00f6ste und ich anschlie\u00dfend im Feld einfach nicht mehr nach vorne kam. Daniel ist hier zum Gl\u00fcck seitlich gut vorbei gekommen. Jedoch mit einem 20. Rang und damit vor meinem gro\u00dfen Vorbild Kilian Jornet zu finishen, das ist einfach genial f\u00fcr meinen ersten Weltcup Sprint.\u201c<\/p><\/blockquote>\n<p>F\u00fcr Armin H\u00f6fl war es der erste Sprint \u00fcberhaupt:<\/p>\n<blockquote><p>\u00a0\u201eDer Sprint war die Disziplin, in der ich mir an diesem Wochenende die wenigsten Hoffnungen gemacht habe. Umso zufriedener bin ich, dass es so gut gelaufen ist. Die Qualifikationsrunde konnte ich \u00fcberhaupt mit der 22st-besten Zeit abschlie\u00dfen, im Viertelfinale hatte ich einen schlechten Wechsel, da ich die Stockschlafe nicht vom Handgelenk gebracht habe, was mich einiges an Zeit kostete. Aber ein Top30 Platz passt perfekt f\u00fcr meinen ersten Auftritt.\u201c<\/p><\/blockquote>\n<p>Der Sieg im heutigen Sprint Race ging an den Italiener <strong>Michele Boscacci<\/strong> vor <strong>Robert Antonioli<\/strong> (ITA)\u00a0und <strong>William Bon Mardion<\/strong> (FRA). <strong>Sepp Rottmoser<\/strong> (GER) landete auf Rang 4. Bei den Damen gewann \u2013 wie k\u00f6nnte es anders sein \u2013 <strong>Laetitia Roux<\/strong>.<\/p>\n<h3>Lob von Headcoach und Sportlichem Leiter<\/h3>\n<p>Lobende Worte kommen nach dem heutigen Tag einmal mehr von <strong>Headcoach Alexander Lugger<\/strong>:<\/p>\n<blockquote><p>\u201eDaniel Zugg hat heute ein sehr starkes Rennen geliefert, das Finale war f\u00fcr ihn greifbar, nur um ca. 2 Sekunden hat er den Einzug verpasst. Das vergangene Wochenende hat deutlich gezeigt, dass die \u00f6sterreichischen Athleten in der obersten Liga mitspielen k\u00f6nnen!\u201c<\/p><\/blockquote>\n<p><strong>Karl Posch, Sportlicher Leiter<\/strong> der \u00d6SV Sparte Skibergsteigen, kann die Aussage von seinem Headcoach nur best\u00e4tigen und blickt weiter in die Zukunft:<\/p>\n<blockquote><p>\u201eDie Erfolgsbilanz dieses Wochenendes in Italien best\u00e4tigt den Aufw\u00e4rtstrend im Team. Auch die Integration in den \u00d6SV im Sommer 2014 hat zus\u00e4tzlichen Schub gegeben. Zu den arrivierten Leistungstr\u00e4gern in den Kadern rund um Weisskopf und Fasser schlie\u00dft die junge Generation um Zugg, Streitberger und Siedler deutlich auf. Es war aus sportlicher Sicht eine sehr gute Saison, und es ist gerade die Jugend, die mich positiv in die Zukunft schauen l\u00e4sst. Um den positiven Trend zu nutzen, werden wir schon im Sommer die Nachwuchsarbeit nochmals intensivieren, um f\u00fcr den Herbst weiter vorw\u00e4rts gehen zu k\u00f6nnen.\u201c<\/p><\/blockquote>\n<h3>7 Top5 Pl\u00e4tze, 4 ISMF Weltcup Medaillen \u2013 das war ein Wochenende!<\/h3>\n<p>Das Weltcupfinale der Saison 2014\/15 ist somit Geschichte. Fest steht, dass es ohne Zweifel das erfolgreichste in der Geschichte des \u00f6sterreichischen\u00a0 Skibergsteigens ist. Die Zusammenfassung der Top 5 Pl\u00e4tze des vergangenen Wochenendes:<\/p>\n<p><span style=\"text-decoration: underline\">Vertical Race, Freitag 27.3.2015<\/span><br \/>\n1. Verena Streitberger (Junior)<br \/>\n2. Daniel Zugg (Espoir)<\/p>\n<p><span style=\"text-decoration: underline\">Individual Race, Samstag 28.3.2015<\/span><br \/>\n3. Verena Streitberger (Junior)<br \/>\n4. Daniel Zugg (Espoir)<br \/>\n5. Ina Forchthammer (Junior)<\/p>\n<p><span style=\"text-decoration: underline\">Sprint Race, Sonntag 29.3.2015<\/span><br \/>\n2. Daniel Zugg (Espoir)<br \/>\n5. Ina Forchthammer (Junior)<\/p>\n<h3>Rang 2 und 3 in den Weltcup Gesamtwertungen<\/h3>\n<p>F\u00fcr die Klassen Junior und Espoir ist der Kampf um die Weltcup Gesamtwertungen somit geschlagen \u2013 und die Bilanz f\u00fcr die \u00f6sterreichische Mannschaft schaut gut aus, denn die Ergebnisse des Wochenendes haben zus\u00e4tzlich zu einem Vorr\u00fccken in den einzelnen Disziplinen gef\u00fchrt (Top30 Platzierungen angef\u00fchrt):<\/p>\n<p><span style=\"text-decoration: underline\">Individual Race Gesamtweltcup<\/span><br \/>\n3.\u00a0Daniel Zugg (Espoir)<br \/>\n5. Verena Streitberger (Junior)<br \/>\n8. Ina Forchthammer (Junior)<br \/>\n26. Martin Wei\u00dfkopf (Senior)<\/p>\n<p><span style=\"text-decoration: underline\">Sprint Race Gesamtweltcup<\/span><br \/>\n2. Daniel Zugg (Espoir, 19. Senior)<br \/>\n5. Ina Forchthammer (Junior)<br \/>\n9. Verena Streitberger (Junior)<br \/>\n14. Martin Wei\u00dfkopf (lag bis gestern noch auf Rang 10. krankheitshalber an diesem Wochenende aber nicht am Start)<br \/>\n30. Jakob Herrmann<\/p>\n<p>V<span style=\"text-decoration: underline\">ertical Race Gesamtweltcup Klasse Senior<\/span> (keine Junior und Espoirwertung)<br \/>\n21. Daniel Zugg<\/p>\n<p><span style=\"text-decoration: underline\">Overall Weltcup Gesamtwertung<\/span> (Individual, Vertical und Sprint)<br \/>\n3. Daniel Zugg (Espoir)<br \/>\n5. Verena Streitberger (Junior)<br \/>\n8. Ina Forchthammer (Junior)<\/p>\n<p>F\u00fcr die Klassen Junior und Espoir ist die angef\u00fchrte Overall Weltcup Gesamtwertung bereits der Endstand. In der Klasse Senior z\u00e4hlt der Long Distanz Team Worldcup noch dazu. Die Pierra Menta als erstes Rennen ist bereits geschlagen, Adamello und Mezzalama stehen noch bevor. Martin Wei\u00dfkopf und Jakob Herrmann haben hier noch gute Chancen zu punkten, nach dem ersten Rennen befinden sie sich an siebter Stelle der Teams. In der Overall Gesamtwertung der Senior Klasse steht Martin Wei\u00dfkopf daher aktuell auf Rang 26, hier kann sich aber das Ergebnis durchaus noch ver\u00e4ndern.<\/p>\n<p>Alle Gesamtwertungen sind detailliert auf der <a href=\"http:\/\/ismf-ski.org\/www\/content\/rankings-podiums&amp;ranking=wc2015\" target=\"_blank\" rel=\"noopener\">Webseite der ISMF<\/a> zu finden.<\/p>\n<p>Danke an unsere Fotografen Willi Seebacher, Alex Lugger ud Stefan Thaler f\u00fcr die Bilder.<\/p>\n","protected":false},"excerpt":{"rendered":"<p>Heute stand der letzte ISMF Weltcup Bewerb in Prato Nevoso (Provinz Cuneo) in der italienischen Piemont Region f\u00fcr \u00d6sterreichs Skibergsteiger am Programm. Die Nationalmannschaft der \u00d6SV Sparte Skibergsteigen schloss das \u00e4u\u00dferst erfolgreiche Wochenende des Weltcupfinales im Sprint Race noch mit einem weiteren Podestplatz ab. F\u00fcr die \u00f6sterreichische Mannschaft standen f\u00fcnf Athleten am Start. Zu bew\u00e4ltigen [&hellip;]<\/p>\n","protected":false},"author":4,"featured_media":3580,"comment_status":"closed","ping_status":"closed","sticky":false,"template":"","format":"standard","meta":[],"categories":[1,9,3,7],"tags":[51,90,36,30,93,13,64,96,91,24,95,32,94,92,12],"yoast_head":"<!-- This site is optimized with the Yoast SEO plugin v16.3 - https:\/\/yoast.com\/wordpress\/plugins\/seo\/ -->\n<title>Weltcup Mondole Sprint Race, Tag 4: Rang 2 im Rennen und 3 Podestpl\u00e4tze in den Weltcup Gesamtwertungen - Sportler<\/title>\n<meta name=\"robots\" content=\"index, follow, max-snippet:-1, max-image-preview:large, max-video-preview:-1\" \/>\n<link rel=\"canonical\" href=\"https:\/\/www.skimo.at\/sportler\/3535\/weltcup-mondole-sprint-race-tag-4-rang-2-im-rennen-und-3-podestplaetze-in-den-weltcup-gesamtwertungen\/\" \/>\n<meta property=\"og:locale\" content=\"de_DE\" \/>\n<meta property=\"og:type\" content=\"article\" \/>\n<meta property=\"og:title\" content=\"Weltcup Mondole Sprint Race, Tag 4: Rang 2 im Rennen und 3 Podestpl\u00e4tze in den Weltcup Gesamtwertungen - Sportler\" \/>\n<meta property=\"og:description\" content=\"Heute stand der letzte ISMF Weltcup Bewerb in Prato Nevoso (Provinz Cuneo) in der italienischen Piemont Region f\u00fcr \u00d6sterreichs Skibergsteiger am Programm. Die Nationalmannschaft der \u00d6SV Sparte Skibergsteigen schloss das \u00e4u\u00dferst erfolgreiche Wochenende des Weltcupfinales im Sprint Race noch mit einem weiteren Podestplatz ab. F\u00fcr die \u00f6sterreichische Mannschaft standen f\u00fcnf Athleten am Start. Zu bew\u00e4ltigen [&hellip;]\" \/>\n<meta property=\"og:url\" content=\"https:\/\/www.skimo.at\/sportler\/3535\/weltcup-mondole-sprint-race-tag-4-rang-2-im-rennen-und-3-podestplaetze-in-den-weltcup-gesamtwertungen\/\" \/>\n<meta property=\"og:site_name\" content=\"Sportler\" \/>\n<meta property=\"article:published_time\" content=\"2015-03-29T13:56:33+00:00\" \/>\n<meta property=\"article:modified_time\" content=\"2021-01-05T17:37:59+00:00\" \/>\n<meta property=\"og:image\" content=\"https:\/\/skimo.73.jarolim.eu\/sportler\/files\/2015\/03\/Weltcup-Piemont-2015_Sprint_46_Stefan-Thaler-LR.jpg\" \/>\n\t<meta property=\"og:image:width\" content=\"1772\" \/>\n\t<meta property=\"og:image:height\" content=\"1329\" \/>\n<meta name=\"twitter:card\" content=\"summary\" \/>\n<meta name=\"twitter:label1\" content=\"Gesch\u00e4tzte Lesezeit\">\n\t<meta name=\"twitter:data1\" content=\"6\u00a0Minuten\">\n<script type=\"application\/ld+json\" class=\"yoast-schema-graph\">{\"@context\":\"https:\/\/schema.org\",\"@graph\":[{\"@type\":\"WebSite\",\"@id\":\"https:\/\/skimo.73.jarolim.eu\/sportler\/#website\",\"url\":\"https:\/\/skimo.73.jarolim.eu\/sportler\/\",\"name\":\"Sportler\",\"description\":\"\",\"potentialAction\":[{\"@type\":\"SearchAction\",\"target\":\"https:\/\/skimo.73.jarolim.eu\/sportler\/?s={search_term_string}\",\"query-input\":\"required name=search_term_string\"}],\"inLanguage\":\"de\"},{\"@type\":\"ImageObject\",\"@id\":\"https:\/\/www.skimo.at\/sportler\/3535\/weltcup-mondole-sprint-race-tag-4-rang-2-im-rennen-und-3-podestplaetze-in-den-weltcup-gesamtwertungen\/#primaryimage\",\"inLanguage\":\"de\",\"url\":\"https:\/\/www.skimo.at\/sportler\/files\/2015\/03\/Weltcup-Piemont-2015_Sprint_46_Stefan-Thaler-LR.jpg\",\"contentUrl\":\"https:\/\/www.skimo.at\/sportler\/files\/2015\/03\/Weltcup-Piemont-2015_Sprint_46_Stefan-Thaler-LR.jpg\",\"width\":1772,\"height\":1329},{\"@type\":\"WebPage\",\"@id\":\"https:\/\/www.skimo.at\/sportler\/3535\/weltcup-mondole-sprint-race-tag-4-rang-2-im-rennen-und-3-podestplaetze-in-den-weltcup-gesamtwertungen\/#webpage\",\"url\":\"https:\/\/www.skimo.at\/sportler\/3535\/weltcup-mondole-sprint-race-tag-4-rang-2-im-rennen-und-3-podestplaetze-in-den-weltcup-gesamtwertungen\/\",\"name\":\"Weltcup Mondole Sprint Race, Tag 4: Rang 2 im Rennen und 3 Podestpl\\u00e4tze in den Weltcup Gesamtwertungen - Sportler\",\"isPartOf\":{\"@id\":\"https:\/\/skimo.73.jarolim.eu\/sportler\/#website\"},\"primaryImageOfPage\":{\"@id\":\"https:\/\/www.skimo.at\/sportler\/3535\/weltcup-mondole-sprint-race-tag-4-rang-2-im-rennen-und-3-podestplaetze-in-den-weltcup-gesamtwertungen\/#primaryimage\"},\"datePublished\":\"2015-03-29T13:56:33+00:00\",\"dateModified\":\"2021-01-05T17:37:59+00:00\",\"author\":{\"@id\":\"https:\/\/skimo.73.jarolim.eu\/sportler\/#\/schema\/person\/89e18f4c3d09b5434dbc2dc0cefbcd30\"},\"breadcrumb\":{\"@id\":\"https:\/\/www.skimo.at\/sportler\/3535\/weltcup-mondole-sprint-race-tag-4-rang-2-im-rennen-und-3-podestplaetze-in-den-weltcup-gesamtwertungen\/#breadcrumb\"},\"inLanguage\":\"de\",\"potentialAction\":[{\"@type\":\"ReadAction\",\"target\":[\"https:\/\/www.skimo.at\/sportler\/3535\/weltcup-mondole-sprint-race-tag-4-rang-2-im-rennen-und-3-podestplaetze-in-den-weltcup-gesamtwertungen\/\"]}]},{\"@type\":\"BreadcrumbList\",\"@id\":\"https:\/\/www.skimo.at\/sportler\/3535\/weltcup-mondole-sprint-race-tag-4-rang-2-im-rennen-und-3-podestplaetze-in-den-weltcup-gesamtwertungen\/#breadcrumb\",\"itemListElement\":[{\"@type\":\"ListItem\",\"position\":1,\"item\":{\"@type\":\"WebPage\",\"@id\":\"https:\/\/skimo.73.jarolim.eu\/sportler\/\",\"url\":\"https:\/\/skimo.73.jarolim.eu\/sportler\/\",\"name\":\"Home\"}},{\"@type\":\"ListItem\",\"position\":2,\"item\":{\"@id\":\"https:\/\/www.skimo.at\/sportler\/3535\/weltcup-mondole-sprint-race-tag-4-rang-2-im-rennen-und-3-podestplaetze-in-den-weltcup-gesamtwertungen\/#webpage\"}}]},{\"@type\":\"Person\",\"@id\":\"https:\/\/skimo.73.jarolim.eu\/sportler\/#\/schema\/person\/89e18f4c3d09b5434dbc2dc0cefbcd30\",\"name\":\"aspielbuechler\",\"image\":{\"@type\":\"ImageObject\",\"@id\":\"https:\/\/skimo.73.jarolim.eu\/sportler\/#personlogo\",\"inLanguage\":\"de\",\"url\":\"https:\/\/secure.gravatar.com\/avatar\/1220d25619b41a33e4710c8b968dc56e?s=96&r=g\",\"contentUrl\":\"https:\/\/secure.gravatar.com\/avatar\/1220d25619b41a33e4710c8b968dc56e?s=96&r=g\",\"caption\":\"aspielbuechler\"},\"url\":\"https:\/\/www.skimo.at\/sportler\/author\/aspielbuechler\/\"}]}<\/script>\n<!-- \/ Yoast SEO plugin. -->","_links":{"self":[{"href":"https:\/\/www.skimo.at\/sportler\/wp-json\/wp\/v2\/posts\/3535"}],"collection":[{"href":"https:\/\/www.skimo.at\/sportler\/wp-json\/wp\/v2\/posts"}],"about":[{"href":"https:\/\/www.skimo.at\/sportler\/wp-json\/wp\/v2\/types\/post"}],"author":[{"embeddable":true,"href":"https:\/\/www.skimo.at\/sportler\/wp-json\/wp\/v2\/users\/4"}],"replies":[{"embeddable":true,"href":"https:\/\/www.skimo.at\/sportler\/wp-json\/wp\/v2\/comments?post=3535"}],"version-history":[{"count":7,"href":"https:\/\/www.skimo.at\/sportler\/wp-json\/wp\/v2\/posts\/3535\/revisions"}],"predecessor-version":[{"id":15671,"href":"https:\/\/www.skimo.at\/sportler\/wp-json\/wp\/v2\/posts\/3535\/revisions\/15671"}],"wp:featuredmedia":[{"embeddable":true,"href":"https:\/\/www.skimo.at\/sportler\/wp-json\/wp\/v2\/media\/3580"}],"wp:attachment":[{"href":"https:\/\/www.skimo.at\/sportler\/wp-json\/wp\/v2\/media?parent=3535"}],"wp:term":[{"taxonomy":"category","embeddable":true,"href":"https:\/\/www.skimo.at\/sportler\/wp-json\/wp\/v2\/categories?post=3535"},{"taxonomy":"post_tag","embeddable":true,"href":"https:\/\/www.skimo.at\/sportler\/wp-json\/wp\/v2\/tags?post=3535"}],"curies":[{"name":"wp","href":"https:\/\/api.w.org\/{rel}","templated":true}]}}