{"id":3493,"date":"2015-03-28T15:00:35","date_gmt":"2015-03-28T13:00:35","guid":{"rendered":"http:\/\/www.skimo.at\/sportler\/?p=3493"},"modified":"2021-01-05T19:36:39","modified_gmt":"2021-01-05T17:36:39","slug":"weltcup-mondole-individual-race-tag-3-erneut-ein-podestplatz-fuer-oesterreich","status":"publish","type":"post","link":"https:\/\/www.skimo.at\/sportler\/3493\/weltcup-mondole-individual-race-tag-3-erneut-ein-podestplatz-fuer-oesterreich\/","title":{"rendered":"Weltcup Mondole Individual Race, Tag 3: erneut ein Podestplatz f\u00fcr \u00d6sterreich"},"content":{"rendered":"\n<p>Der gestrige Erfolg h\u00e4lt an! Nachdem die Nationalmannschaft der \u00d6SV Sparte Skibergsteigen gestern am finalen Wochenende der Weltcupsaison 2014\/15 mit zwei Medaillen (Gold und Silber) aufgezeigt hat, so setzt die Erfolgsserie heute mit einer weiteren Bronzemedaille fort. Die Salzburgerin<strong> Verena Streitberger<\/strong> stand nach dem gestrigen Sieg im Vertical Race heute am Podium des Individual Race.<\/p>\n\n\n\n<p>Prato Nevoso (Provinz Cuneo) in der italienischen Piemont Region scheint ein erfolgversprechender Platz f\u00fcr \u00d6sterreichs Team&nbsp; zu sein. Nach dem gestrigen guten Vertical Race, stand heute Samstag 28.3.2015, das Individual Race am Programm. Trotz des Schneefalls in den letzten Tagen konnte nahezu auf der original Rennstrecke gelaufen werden \u2013 dank der enormen Bem\u00fchungen der Organisatoren und etlichen Lawinensprengungen, um die Sicherheit garantieren zu k\u00f6nnen. Die Verh\u00e4ltnisse waren schwierig, vor allem die Abfahrten bestanden aus den unterschiedlichsten Schneeverh\u00e4ltnissen.<\/p>\n\n\n\n<h3>Verena Streitberger wieder am Siegerpodest<\/h3>\n\n\n\n<p>Die 17-j\u00e4hrige Salzburgerin Verena Streitberger zeigte nach dem gestrigen Sieg heute mit einem dritten Platz in der Junioren Klasse und nur gut 2 Minuten Zeitr\u00fcckstand, erneut, in welch guter Form sie sich befindet:<\/p>\n\n\n\n<blockquote class=\"wp-block-quote\"><p>&nbsp;\u201eIch war vom Start weg gut dabei und immer mit der Franz\u00f6sin Lena Bonnel auf gleicher H\u00f6he und damit lange in Richtung zweiter Rang unterwegs. Erst gegen Ende hin habe ich etwas Zeit verloren und fiel schlussendlich auf den dritten Rang zur\u00fcck. Aber zwei Podestpl\u00e4tze in zwei Tagen und davon ein Sieg sowie die erste Medaille in der \u201aK\u00f6nigsdisziplin Individual\u2018 \u2013 da kann man einfach nur zufrieden sein. Ich bin absolut happy \u00fcber dieses Wochenende!\u201c<\/p><\/blockquote>\n\n\n\n<p>Der erste Rang ging heute an <strong>Lena Bonnel<\/strong> (FRA) mit einer Zeit von 1:30:32 Stunden. Den Sieg verdient h\u00e4tte sich heute jedoch&nbsp;<strong>Giulia Compagnoni<\/strong> (ITA). Die Italienerin lag das Rennen hinweg deutlich in F\u00fchrung, verfuhr sich aber bei der letzten Abfahrt und lie\u00df damit sehr viel Zeit liegen, sodass sie daher erst nach Lena Bonnel ins Ziel kam. Auch <strong>Ina Forchthammer<\/strong> (St. Johann i. Pg.\/Salzburg) zeigte in der Junioren Klasse eine gute Leistung und brachte souver\u00e4n einen 5. Rang ins Ziel.<\/p>\n\n\n\n<h3>Daniel Zugg mit schweren Beinen auf Rang 4<\/h3>\n\n\n\n<p>Psychisch zwar h\u00f6chst motiviert vom gestrigen Erfolg (2. Rang), physisch haben <strong>Daniel Zuggs<\/strong> Muskeln heute aber nicht so ganz mitspielen wollen. Nach einem f\u00fcr ihn \u00e4u\u00dferst harten Lauf kam er schlie\u00dflich als vierter in der Espoir Klasse ins Ziel, in der allgemeinen Senior Klasse ging sich f\u00fcr den 22-j\u00e4hrigen Vorarlberger aber sogar noch ein Top20 Platz aus (19.):&nbsp;<\/p>\n\n\n\n<blockquote class=\"wp-block-quote\"><p>\u201eMit dem Ergebnis muss ich heute echt zufrieden sein, denn eigentlich ist es mir gar nicht gut gegangen. Die Beine f\u00fchlten sich vom Start weg schwer an, im dritten Aufstieg dachte ich kurzfristig sogar ans Aufgeben. Da lag ich aber noch an dritter Stelle, also musste ich einfach weiter durchbei\u00dfen\u2026 Bei der n\u00e4chsten langen und schweren Abfahrt \u2013 teilweise Firn, dann wieder mit Bruchharsch \u2013 hat mich der Italiener Maguet \u00fcberholt. Ich bin den Italienern zwar im letzten Anstieg noch mal sehr nahe gekommen, konnte aber den dritten Platz trotzdem nicht mehr zur\u00fcckholen.\u201c&nbsp;<\/p><\/blockquote>\n\n\n\n<p>Der Sieg im heutigen Individual Race ging durch <strong>Matteo Eydallin<\/strong> an Italien in 1:27:57 Stunden vor <strong>Damiano Lenzi<\/strong> (ITA) und <strong>William Bon Mardion<\/strong> (FRA). Der gestrige Sieger <strong>Toni Palzer<\/strong> (GER) landete auf Rang 7. Bei den Damen siegte <strong>Laetitia Roux<\/strong> (FRA) vor <strong>Emelie Forsberg<\/strong> (SWE) und <strong>Axelle Mollaret<\/strong> (FRA).<\/p>\n\n\n\n<p>Die beiden weiteren \u00d6sterreicher <strong>Patrick Innerhofer<\/strong> (Bludesch\/Vorarlberg) und <strong>Armin H\u00f6fl<\/strong> (Krakau\/Steiermark) schaffen es knapp nicht unter die Top30, lieferten aber mit akzeptablen Zeitr\u00fcckst\u00e4nden auf die Siegerzeit laut Aussage von <strong>Headcoach Alex Lugger<\/strong> ein absolut w\u00fcrdiges Weltcup Deb\u00fct.<\/p>\n\n\n\n<blockquote class=\"wp-block-quote\"><p>&#8222;Das war heute ein echt brutales aber extrem l\u00e4ssiges Rennen. Es taugt mir wirklich, dass ich super mit dem Feld mithalten konnte und er Zeitr\u00fcckstand gar nicht so gro\u00df war, immerhin waren heute nur die besten Athleten der anderen Nationen am Start. &nbsp;Den Platz unter den Top 30 habe ich mit einem ordentlichen Sturz in der letzten Abfahrt, vor einem langen Flachst\u00fcck &nbsp;verloren&#8220;,<\/p><cite>Armin H\u00f6fl \u00fcberaus gl\u00fccklich im Ziel (33. Rang)<\/cite><\/blockquote>\n\n\n\n<blockquote class=\"wp-block-quote\"><p><em>&#8222;Armin und ich sind eigentlich das ganze Rennen \u00fcber beisammen gewesen, bei der Tragepassage konnten wir beide viel Zeit und Pl\u00e4tze gut machen. Die Abfahrten waren aber echt heftig, einmal hat es mich dabei ordentlich \u00fcberschlagen. Daraufhin habe ich insgesamt f\u00fcnf Mal den Ski verloren, die Bindung hat einfach nicht mehr ordentlich verriegelt. Das hat nat\u00fcrlich Zeit und Substanz gekostet. Ich bin trotzdem\u00a0sehr zufrieden, wei\u00df aber, dass da noch mehr drinnen ist!&#8220;<\/em><\/p><cite>Patrick Innerhofer (32. Rang)<\/cite><\/blockquote>\n\n\n\n<p>Mit einem weiteren Platz am Siegerpodest best\u00e4tigt sich die\u00a0gestrige Aussage von Alex Lugger, dass dies wohl das erfolgreichste Weltcup Wochenende der Mannschaft ist:\u00a0<\/p>\n\n\n\n<blockquote class=\"wp-block-quote\"><p><em>\u201eIch bin mit den Leistungen der Athleten heute sehr zufrieden. Vor allem Daniel Zugg und Verena Streitberger lieferten ein tolles Rennen, welches zus\u00e4tzlich mit einer weiteren Medaille belohnt wurde. Auch die R\u00fcckst\u00e4nde auf die Siegerzeiten sind bei beiden sehr gering.\u201c<\/em><\/p><\/blockquote>\n\n\n\n<p>Morgen findet die Weltcup Saison 2014\/15 mit dem Sprint Race ihren Abschluss. Die \u00d6sterreicher werden wieder gesammelt am Start stehen. F\u00fcr Headcoach Alexander Lugger ist alles m\u00f6glich. Mit einem guten Lauf und etwas Gl\u00fcck kann jeder der teilnehmenden Athleten hier f\u00fcr \u00dcberraschungen sorgen, genauso mit Pech aber auch voll abst\u00fcrzen.<\/p>\n\n\n\n<p>Wir werden nat\u00fcrlich auch morgen berichten, sobald uns Ergebnisse&nbsp;vorliegen.<\/p>\n\n\n\n<p>Heute hei\u00dft es f\u00fcr die Athleten am Nachmittag regenerieren, bevor es sp\u00e4ter noch zur Siegerehrung des gestrigen und heutigen Rennens geht, sowie zur offiziellen Zeremonie&nbsp;&#8211; Er\u00f6ffnung, sowie Weltcup Abschluss auf einmal &#8211; geht. Bilder folgen nat\u00fcrlich!<\/p>\n\n\n\n<p>Danke heute erneut an Willi Seebacher, Alex Lugger und Stefan Thaler f\u00fcr die Fotos.<\/p>\n","protected":false},"excerpt":{"rendered":"<p>Der gestrige Erfolg h\u00e4lt an! Nachdem die Nationalmannschaft der \u00d6SV Sparte Skibergsteigen gestern am finalen Wochenende der Weltcupsaison 2014\/15 mit zwei Medaillen (Gold und Silber) aufgezeigt hat, so setzt die Erfolgsserie heute mit einer weiteren Bronzemedaille fort. Die Salzburgerin Verena Streitberger stand nach dem gestrigen Sieg im Vertical Race heute am Podium des Individual Race. [&hellip;]<\/p>\n","protected":false},"author":4,"featured_media":3517,"comment_status":"closed","ping_status":"closed","sticky":false,"template":"","format":"standard","meta":[],"categories":[1,3,7],"tags":[],"yoast_head":"<!-- This site is optimized with the Yoast SEO plugin v16.3 - https:\/\/yoast.com\/wordpress\/plugins\/seo\/ -->\n<title>Weltcup Mondole Individual Race, Tag 3: erneut ein Podestplatz f\u00fcr \u00d6sterreich - Sportler<\/title>\n<meta name=\"robots\" content=\"index, follow, max-snippet:-1, max-image-preview:large, max-video-preview:-1\" \/>\n<link rel=\"canonical\" href=\"https:\/\/www.skimo.at\/sportler\/3493\/weltcup-mondole-individual-race-tag-3-erneut-ein-podestplatz-fuer-oesterreich\/\" \/>\n<meta property=\"og:locale\" content=\"de_DE\" \/>\n<meta property=\"og:type\" content=\"article\" \/>\n<meta property=\"og:title\" content=\"Weltcup Mondole Individual Race, Tag 3: erneut ein Podestplatz f\u00fcr \u00d6sterreich - Sportler\" \/>\n<meta property=\"og:description\" content=\"Der gestrige Erfolg h\u00e4lt an! Nachdem die Nationalmannschaft der \u00d6SV Sparte Skibergsteigen gestern am finalen Wochenende der Weltcupsaison 2014\/15 mit zwei Medaillen (Gold und Silber) aufgezeigt hat, so setzt die Erfolgsserie heute mit einer weiteren Bronzemedaille fort. Die Salzburgerin Verena Streitberger stand nach dem gestrigen Sieg im Vertical Race heute am Podium des Individual Race. [&hellip;]\" \/>\n<meta property=\"og:url\" content=\"https:\/\/www.skimo.at\/sportler\/3493\/weltcup-mondole-individual-race-tag-3-erneut-ein-podestplatz-fuer-oesterreich\/\" \/>\n<meta property=\"og:site_name\" content=\"Sportler\" \/>\n<meta property=\"article:published_time\" content=\"2015-03-28T13:00:35+00:00\" \/>\n<meta property=\"article:modified_time\" content=\"2021-01-05T17:36:39+00:00\" \/>\n<meta property=\"og:image\" content=\"https:\/\/skimo.73.jarolim.eu\/sportler\/files\/2015\/03\/Weltcup-Piemont-2015_Individual_11_Alex-Lugger-LR.jpg\" \/>\n\t<meta property=\"og:image:width\" content=\"1771\" \/>\n\t<meta property=\"og:image:height\" content=\"1183\" \/>\n<meta name=\"twitter:card\" content=\"summary\" \/>\n<meta name=\"twitter:label1\" content=\"Gesch\u00e4tzte Lesezeit\">\n\t<meta name=\"twitter:data1\" content=\"5\u00a0Minuten\">\n<script type=\"application\/ld+json\" class=\"yoast-schema-graph\">{\"@context\":\"https:\/\/schema.org\",\"@graph\":[{\"@type\":\"WebSite\",\"@id\":\"https:\/\/skimo.73.jarolim.eu\/sportler\/#website\",\"url\":\"https:\/\/skimo.73.jarolim.eu\/sportler\/\",\"name\":\"Sportler\",\"description\":\"\",\"potentialAction\":[{\"@type\":\"SearchAction\",\"target\":\"https:\/\/skimo.73.jarolim.eu\/sportler\/?s={search_term_string}\",\"query-input\":\"required name=search_term_string\"}],\"inLanguage\":\"de\"},{\"@type\":\"ImageObject\",\"@id\":\"https:\/\/www.skimo.at\/sportler\/3493\/weltcup-mondole-individual-race-tag-3-erneut-ein-podestplatz-fuer-oesterreich\/#primaryimage\",\"inLanguage\":\"de\",\"url\":\"https:\/\/www.skimo.at\/sportler\/files\/2015\/03\/Weltcup-Piemont-2015_Individual_11_Alex-Lugger-LR.jpg\",\"contentUrl\":\"https:\/\/www.skimo.at\/sportler\/files\/2015\/03\/Weltcup-Piemont-2015_Individual_11_Alex-Lugger-LR.jpg\",\"width\":1771,\"height\":1183},{\"@type\":\"WebPage\",\"@id\":\"https:\/\/www.skimo.at\/sportler\/3493\/weltcup-mondole-individual-race-tag-3-erneut-ein-podestplatz-fuer-oesterreich\/#webpage\",\"url\":\"https:\/\/www.skimo.at\/sportler\/3493\/weltcup-mondole-individual-race-tag-3-erneut-ein-podestplatz-fuer-oesterreich\/\",\"name\":\"Weltcup Mondole Individual Race, Tag 3: erneut ein Podestplatz f\\u00fcr \\u00d6sterreich - Sportler\",\"isPartOf\":{\"@id\":\"https:\/\/skimo.73.jarolim.eu\/sportler\/#website\"},\"primaryImageOfPage\":{\"@id\":\"https:\/\/www.skimo.at\/sportler\/3493\/weltcup-mondole-individual-race-tag-3-erneut-ein-podestplatz-fuer-oesterreich\/#primaryimage\"},\"datePublished\":\"2015-03-28T13:00:35+00:00\",\"dateModified\":\"2021-01-05T17:36:39+00:00\",\"author\":{\"@id\":\"https:\/\/skimo.73.jarolim.eu\/sportler\/#\/schema\/person\/89e18f4c3d09b5434dbc2dc0cefbcd30\"},\"breadcrumb\":{\"@id\":\"https:\/\/www.skimo.at\/sportler\/3493\/weltcup-mondole-individual-race-tag-3-erneut-ein-podestplatz-fuer-oesterreich\/#breadcrumb\"},\"inLanguage\":\"de\",\"potentialAction\":[{\"@type\":\"ReadAction\",\"target\":[\"https:\/\/www.skimo.at\/sportler\/3493\/weltcup-mondole-individual-race-tag-3-erneut-ein-podestplatz-fuer-oesterreich\/\"]}]},{\"@type\":\"BreadcrumbList\",\"@id\":\"https:\/\/www.skimo.at\/sportler\/3493\/weltcup-mondole-individual-race-tag-3-erneut-ein-podestplatz-fuer-oesterreich\/#breadcrumb\",\"itemListElement\":[{\"@type\":\"ListItem\",\"position\":1,\"item\":{\"@type\":\"WebPage\",\"@id\":\"https:\/\/skimo.73.jarolim.eu\/sportler\/\",\"url\":\"https:\/\/skimo.73.jarolim.eu\/sportler\/\",\"name\":\"Home\"}},{\"@type\":\"ListItem\",\"position\":2,\"item\":{\"@id\":\"https:\/\/www.skimo.at\/sportler\/3493\/weltcup-mondole-individual-race-tag-3-erneut-ein-podestplatz-fuer-oesterreich\/#webpage\"}}]},{\"@type\":\"Person\",\"@id\":\"https:\/\/skimo.73.jarolim.eu\/sportler\/#\/schema\/person\/89e18f4c3d09b5434dbc2dc0cefbcd30\",\"name\":\"aspielbuechler\",\"image\":{\"@type\":\"ImageObject\",\"@id\":\"https:\/\/skimo.73.jarolim.eu\/sportler\/#personlogo\",\"inLanguage\":\"de\",\"url\":\"https:\/\/secure.gravatar.com\/avatar\/1220d25619b41a33e4710c8b968dc56e?s=96&r=g\",\"contentUrl\":\"https:\/\/secure.gravatar.com\/avatar\/1220d25619b41a33e4710c8b968dc56e?s=96&r=g\",\"caption\":\"aspielbuechler\"},\"url\":\"https:\/\/www.skimo.at\/sportler\/author\/aspielbuechler\/\"}]}<\/script>\n<!-- \/ Yoast SEO plugin. -->","_links":{"self":[{"href":"https:\/\/www.skimo.at\/sportler\/wp-json\/wp\/v2\/posts\/3493"}],"collection":[{"href":"https:\/\/www.skimo.at\/sportler\/wp-json\/wp\/v2\/posts"}],"about":[{"href":"https:\/\/www.skimo.at\/sportler\/wp-json\/wp\/v2\/types\/post"}],"author":[{"embeddable":true,"href":"https:\/\/www.skimo.at\/sportler\/wp-json\/wp\/v2\/users\/4"}],"replies":[{"embeddable":true,"href":"https:\/\/www.skimo.at\/sportler\/wp-json\/wp\/v2\/comments?post=3493"}],"version-history":[{"count":3,"href":"https:\/\/www.skimo.at\/sportler\/wp-json\/wp\/v2\/posts\/3493\/revisions"}],"predecessor-version":[{"id":15669,"href":"https:\/\/www.skimo.at\/sportler\/wp-json\/wp\/v2\/posts\/3493\/revisions\/15669"}],"wp:featuredmedia":[{"embeddable":true,"href":"https:\/\/www.skimo.at\/sportler\/wp-json\/wp\/v2\/media\/3517"}],"wp:attachment":[{"href":"https:\/\/www.skimo.at\/sportler\/wp-json\/wp\/v2\/media?parent=3493"}],"wp:term":[{"taxonomy":"category","embeddable":true,"href":"https:\/\/www.skimo.at\/sportler\/wp-json\/wp\/v2\/categories?post=3493"},{"taxonomy":"post_tag","embeddable":true,"href":"https:\/\/www.skimo.at\/sportler\/wp-json\/wp\/v2\/tags?post=3493"}],"curies":[{"name":"wp","href":"https:\/\/api.w.org\/{rel}","templated":true}]}}