{"id":3457,"date":"2015-03-27T16:10:21","date_gmt":"2015-03-27T14:10:21","guid":{"rendered":"http:\/\/www.skimo.at\/sportler\/?p=3457"},"modified":"2021-01-05T19:34:38","modified_gmt":"2021-01-05T17:34:38","slug":"weltcup-mondole-vertical-race-tag-2-ein-sieg-und-ein-zweiter-rang-fuer-oesterreich","status":"publish","type":"post","link":"https:\/\/www.skimo.at\/sportler\/3457\/weltcup-mondole-vertical-race-tag-2-ein-sieg-und-ein-zweiter-rang-fuer-oesterreich\/","title":{"rendered":"Weltcup Mondole Vertical Race, Tag 2: ein Sieg und ein zweiter Rang f\u00fcr \u00d6sterreich"},"content":{"rendered":"\n<p>Die Athleten der \u00d6SV Sparte Skibergsteigen zeigen im Zuge des letzten Rennwochenendes dieser Saison im Weltcupzirkus noch einmal ordentlich auf. Im italienischen Piemont stehen die Nationalteamathleten dabei an den oberen Stellen des Siegerpodestes des heutigen Vertical Race.<\/p>\n\n\n\n<h3>Sieg geht an die Salzburgerin Verena Streitberger<\/h3>\n\n\n\n<p>Die 17-j\u00e4hrige Nachwuchsathletin <strong>Verena Streitberger<\/strong> (Maishofen) zeigte mit einer WM Bronzenen heuer bereits, dass sie in einer starken Form ist, heute schaffte sie erstmals den Sprung auf den obersten Podestplatz. Sie holte sich souver\u00e4n den Sieg in der Juniorenklasse (500 HM) vor den zwei italienischen Konkurrentinnen Alba de Silvestro und Giulia Compagnoni in einer Zeit von 24:13 Minuten und einem deutlichen Vorsprung von 21 Sekunden. Streitberger lief ein taktisch kluges Rennen, sie hielt sich zu Beginn noch etwas zur\u00fcck und \u00fcbernahm erst ab dem letzten Drittel deutlich die F\u00fchrung:<\/p>\n\n\n\n<blockquote class=\"wp-block-quote\"><p>\u201eGiulia und Alba starteten heute zu Beginn sehr schnell weg, im ersten Drittel des Rennens hatte Giulia einen Vorsprung von sicher 30 Sekunden auf mich. Als ich sah, dass sie mit einigen technischen Fehlern in den steilen Passagen immer weiter zur\u00fcck fiel, wusste ich dass es nun an der Zeit war zu attackieren. Ich konnte mich so an die Spitze setzen und gab die F\u00fchrung bis ins Ziel nicht mehr her.\u201c<\/p><\/blockquote>\n\n\n\n<h3>Rang 2 f\u00fcr den Vorarlberger Daniel Zugg<\/h3>\n\n\n\n<p>Sein wohl bisher bestes Vertical Race lieferte <strong>Daniel Zugg<\/strong>. Der 22-j\u00e4hrige Vorarlberger (St. Gallenkirch), befl\u00fcgelt vom Sieg in der \u00d6sterreichischen Meisterschaft am vergangenen Wochenende, ging von Beginn weg voll auf Angriff und hielt seine Position inmitten der F\u00fchrenden. Rang 11 in der Gesamtwertung (700 HM) der Senior Klasse und damit der gewaltige 2. Platz in der Espoirwertung ging sich heute f\u00fcr ihn inmitten der sehr starken Konkurrenz aus, denn immerhin handelt es sich um das letzte Vertical Race der Saison, in welchem die gesamte Weltelite der Skibergsteiger noch um die letzten Weltcup Punkte mit ringt:<\/p>\n\n\n\n<blockquote class=\"wp-block-quote\"><p>\u201eHeute ist einfach alles perfekt f\u00fcr mich gelaufen. Ich habe mich vom Start weg sehr gut gef\u00fchlt. Ungef\u00e4hr bei der H\u00e4lfte des Rennens hat mich Alex Lugger informiert, dass ich auf Rang zwei bei den Espoirs liege, ab diesem Zeitpunkt wusste ich \u201ajetzt hei\u00dft es Gas geben, diese Chance muss ich nutzen\u2018! Nejc Kuhar (Anm.: Sieger der Hohen Tauern Tophy letztes Wochenende, knapp vor Zugg) und ich haben uns fast im gesamten Rennen gegenseitig angespornt, im letzten Anstieg konnte ich ihm dann noch davon ziehen. Ich kann\u2018s noch immer fast nicht fassen, dass es heute so gut gelaufen ist.\u201c<\/p><\/blockquote>\n\n\n\n<p>Den Sieg in der Senior Wertung, sowie in der Espoirklasse, holte sich der 22-j\u00e4hrige deutsche Shootingsstar <strong>Toni Palzer<\/strong> (Ramsau\/Bayern) mit einer Zeit von 26:10 Minuten und 11 Sekunden Vorsprung auf seinen Verfolger Kilian Jornet Burgada (ESP). Rang 3 geht an den Italiener Damiano Lenzi.<\/p>\n\n\n\n<p><strong>Patrick Innerhofer<\/strong> (27. Rang, Vorarlberg\/Bludesch) und <strong>Armin H\u00f6fl<\/strong> (30. Rang, Steiermark\/Krakau), das erste Mal bei einem internationalen Rennen am Start, lieferten mit ihren Ergebnissen ebenso ein w\u00fcrdiges Weltcupdeb\u00fct.<\/p>\n\n\n\n<blockquote class=\"wp-block-quote\"><p>\u201eIch bin heute ohne jede Erwartung ins Rennen gegangen, immerhin war es mein erster internationaler Bewerb. Ich startete zu Beginn eher langsam und konnte mich im Laufe des Rennens immer mehr steigern. Das Ergebnis freut mich wahnsinnig, da ist auch noch mehr drinnen\u201c<\/p><cite>Patrick Innerhofer<\/cite><\/blockquote>\n\n\n\n<blockquote class=\"wp-block-quote\"><p>\u201eIch bin am Start gut weggekommen, habe mir aber leider nach ca. 100 m die Bindung aufgeschlagen und dadurch einen Ski verloren, was nat\u00fcrlich einiges an Zeit gekostet hat. Trotzdem konnte ich mich aber wieder gut nach vorne k\u00e4mpfen und Konkurrent f\u00fcr Konkurrent zur\u00fcck \u00fcberholen. Ich bin trotzdem absolut zufrieden\u201c<\/p><cite>Armin H\u00f6fl<\/cite><\/blockquote>\n\n\n\n<p>In der Damen Senior Klasse (600 HM) holte sich diesmal&nbsp;<strong>Laetitia Roux<\/strong> (FRA) den Sieg vor der Spanischen Weltmeisterin&nbsp;Laura&nbsp;Orgu\u00e9 Vila und Axelle Mollaret (FRA).<\/p>\n\n\n\n<h3>Bestes Weltcup Ergebnis am Saisonende<\/h3>\n\n\n\n<p>Headcoach <strong>Alexander Lugger<\/strong> findet f\u00fcr seine Mannschaft heute nur lobende Worte: <\/p>\n\n\n\n<blockquote class=\"wp-block-quote\"><p>\u201eDas ist heute sicherlich das beste Weltcupergebnis, welches unsere Athleten an den Tag gelegt haben. Verena Streitberger zeigte mit ihrer gewaltigen Form auf, ihr Vorsprung war doch recht deutlich und die beiden Italienerinnen hatten absolut keine Chance, ihr gegen Ende hin noch mal n\u00e4her zu kommen. Die Strecke ist unseren Athleten heute auch sehr entgegen gekommen. Steile Passagen mit einigen Flachst\u00fccken drinnen, das liegt unserer Mannschaft sehr gut \u2013 der Beweis daf\u00fcr sind auch die heutigen Ergebnisse.\u201c<\/p><\/blockquote>\n\n\n\n<p>Morgen startet die gesamte &nbsp;Mannschaft vor Ort ins Individual Race, bevor am Sonntag mit dem Sprint Race das Weltcup Wochenende und damit auch die internationale Rennsaison offiziell zu Ende geht. Die Athleten haben heute bereits die Strecke f\u00fcr morgen besichtigt, wobei noch immer nicht fest steht, ob das Rennen auf der Originalstrecke durchgef\u00fchrt werden kann. Die Temperaturen waren heute sehr warm, in der Nacht prognostiziert der Wetterbericht kalte Temperaturen, sodass sich der Schnee verfestigen und die Lawinengefahr sinken w\u00fcrde. Die Veranstalter wollen aber nat\u00fcrlich keinerlei Risiko eingehen, erst am Abend beim n\u00e4chsten Briefing wird bekannt gegeben werden, welche Router morgen die offizielle Rennstrecke sein wird.<\/p>\n\n\n\n<p>Wir werden nat\u00fcrlich informieren, sobald uns weitere Infos&nbsp;aus Italien erreichen.<\/p>\n\n\n\n<p>Danke an unsere Fotografen Willi Seebacher und Alex Lugger f\u00fcr die super Fotos!<\/p>\n","protected":false},"excerpt":{"rendered":"<p>Die Athleten der \u00d6SV Sparte Skibergsteigen zeigen im Zuge des letzten Rennwochenendes dieser Saison im Weltcupzirkus noch einmal ordentlich auf. Im italienischen Piemont stehen die Nationalteamathleten dabei an den oberen Stellen des Siegerpodestes des heutigen Vertical Race. Sieg geht an die Salzburgerin Verena Streitberger Die 17-j\u00e4hrige Nachwuchsathletin Verena Streitberger (Maishofen) zeigte mit einer WM Bronzenen [&hellip;]<\/p>\n","protected":false},"author":4,"featured_media":3486,"comment_status":"closed","ping_status":"closed","sticky":false,"template":"","format":"standard","meta":[],"categories":[1,9,3,7],"tags":[51,90,36,13,64,37,91,69,32,12],"yoast_head":"<!-- This site is optimized with the Yoast SEO plugin v16.3 - https:\/\/yoast.com\/wordpress\/plugins\/seo\/ -->\n<title>Weltcup Mondole Vertical Race, Tag 2: ein Sieg und ein zweiter Rang f\u00fcr \u00d6sterreich - Sportler<\/title>\n<meta name=\"robots\" content=\"index, follow, max-snippet:-1, max-image-preview:large, max-video-preview:-1\" \/>\n<link rel=\"canonical\" href=\"https:\/\/www.skimo.at\/sportler\/3457\/weltcup-mondole-vertical-race-tag-2-ein-sieg-und-ein-zweiter-rang-fuer-oesterreich\/\" \/>\n<meta property=\"og:locale\" content=\"de_DE\" \/>\n<meta property=\"og:type\" content=\"article\" \/>\n<meta property=\"og:title\" content=\"Weltcup Mondole Vertical Race, Tag 2: ein Sieg und ein zweiter Rang f\u00fcr \u00d6sterreich - Sportler\" \/>\n<meta property=\"og:description\" content=\"Die Athleten der \u00d6SV Sparte Skibergsteigen zeigen im Zuge des letzten Rennwochenendes dieser Saison im Weltcupzirkus noch einmal ordentlich auf. Im italienischen Piemont stehen die Nationalteamathleten dabei an den oberen Stellen des Siegerpodestes des heutigen Vertical Race. Sieg geht an die Salzburgerin Verena Streitberger Die 17-j\u00e4hrige Nachwuchsathletin Verena Streitberger (Maishofen) zeigte mit einer WM Bronzenen [&hellip;]\" \/>\n<meta property=\"og:url\" content=\"https:\/\/www.skimo.at\/sportler\/3457\/weltcup-mondole-vertical-race-tag-2-ein-sieg-und-ein-zweiter-rang-fuer-oesterreich\/\" \/>\n<meta property=\"og:site_name\" content=\"Sportler\" \/>\n<meta property=\"article:published_time\" content=\"2015-03-27T14:10:21+00:00\" \/>\n<meta property=\"article:modified_time\" content=\"2021-01-05T17:34:38+00:00\" \/>\n<meta property=\"og:image\" content=\"https:\/\/skimo.73.jarolim.eu\/sportler\/files\/2015\/03\/Weltcup-Piemont-2015_Athlet-Verena-Streitberger_Vertical_104_Willi-Seebacher-LR.jpg\" \/>\n\t<meta property=\"og:image:width\" content=\"1772\" \/>\n\t<meta property=\"og:image:height\" content=\"1181\" \/>\n<meta name=\"twitter:card\" content=\"summary\" \/>\n<meta name=\"twitter:label1\" content=\"Gesch\u00e4tzte Lesezeit\">\n\t<meta name=\"twitter:data1\" content=\"4\u00a0Minuten\">\n<script type=\"application\/ld+json\" class=\"yoast-schema-graph\">{\"@context\":\"https:\/\/schema.org\",\"@graph\":[{\"@type\":\"WebSite\",\"@id\":\"https:\/\/skimo.73.jarolim.eu\/sportler\/#website\",\"url\":\"https:\/\/skimo.73.jarolim.eu\/sportler\/\",\"name\":\"Sportler\",\"description\":\"\",\"potentialAction\":[{\"@type\":\"SearchAction\",\"target\":\"https:\/\/skimo.73.jarolim.eu\/sportler\/?s={search_term_string}\",\"query-input\":\"required name=search_term_string\"}],\"inLanguage\":\"de\"},{\"@type\":\"ImageObject\",\"@id\":\"https:\/\/www.skimo.at\/sportler\/3457\/weltcup-mondole-vertical-race-tag-2-ein-sieg-und-ein-zweiter-rang-fuer-oesterreich\/#primaryimage\",\"inLanguage\":\"de\",\"url\":\"https:\/\/www.skimo.at\/sportler\/files\/2015\/03\/Weltcup-Piemont-2015_Athlet-Verena-Streitberger_Vertical_104_Willi-Seebacher-LR.jpg\",\"contentUrl\":\"https:\/\/www.skimo.at\/sportler\/files\/2015\/03\/Weltcup-Piemont-2015_Athlet-Verena-Streitberger_Vertical_104_Willi-Seebacher-LR.jpg\",\"width\":1772,\"height\":1181},{\"@type\":\"WebPage\",\"@id\":\"https:\/\/www.skimo.at\/sportler\/3457\/weltcup-mondole-vertical-race-tag-2-ein-sieg-und-ein-zweiter-rang-fuer-oesterreich\/#webpage\",\"url\":\"https:\/\/www.skimo.at\/sportler\/3457\/weltcup-mondole-vertical-race-tag-2-ein-sieg-und-ein-zweiter-rang-fuer-oesterreich\/\",\"name\":\"Weltcup Mondole Vertical Race, Tag 2: ein Sieg und ein zweiter Rang f\\u00fcr \\u00d6sterreich - Sportler\",\"isPartOf\":{\"@id\":\"https:\/\/skimo.73.jarolim.eu\/sportler\/#website\"},\"primaryImageOfPage\":{\"@id\":\"https:\/\/www.skimo.at\/sportler\/3457\/weltcup-mondole-vertical-race-tag-2-ein-sieg-und-ein-zweiter-rang-fuer-oesterreich\/#primaryimage\"},\"datePublished\":\"2015-03-27T14:10:21+00:00\",\"dateModified\":\"2021-01-05T17:34:38+00:00\",\"author\":{\"@id\":\"https:\/\/skimo.73.jarolim.eu\/sportler\/#\/schema\/person\/89e18f4c3d09b5434dbc2dc0cefbcd30\"},\"breadcrumb\":{\"@id\":\"https:\/\/www.skimo.at\/sportler\/3457\/weltcup-mondole-vertical-race-tag-2-ein-sieg-und-ein-zweiter-rang-fuer-oesterreich\/#breadcrumb\"},\"inLanguage\":\"de\",\"potentialAction\":[{\"@type\":\"ReadAction\",\"target\":[\"https:\/\/www.skimo.at\/sportler\/3457\/weltcup-mondole-vertical-race-tag-2-ein-sieg-und-ein-zweiter-rang-fuer-oesterreich\/\"]}]},{\"@type\":\"BreadcrumbList\",\"@id\":\"https:\/\/www.skimo.at\/sportler\/3457\/weltcup-mondole-vertical-race-tag-2-ein-sieg-und-ein-zweiter-rang-fuer-oesterreich\/#breadcrumb\",\"itemListElement\":[{\"@type\":\"ListItem\",\"position\":1,\"item\":{\"@type\":\"WebPage\",\"@id\":\"https:\/\/skimo.73.jarolim.eu\/sportler\/\",\"url\":\"https:\/\/skimo.73.jarolim.eu\/sportler\/\",\"name\":\"Home\"}},{\"@type\":\"ListItem\",\"position\":2,\"item\":{\"@id\":\"https:\/\/www.skimo.at\/sportler\/3457\/weltcup-mondole-vertical-race-tag-2-ein-sieg-und-ein-zweiter-rang-fuer-oesterreich\/#webpage\"}}]},{\"@type\":\"Person\",\"@id\":\"https:\/\/skimo.73.jarolim.eu\/sportler\/#\/schema\/person\/89e18f4c3d09b5434dbc2dc0cefbcd30\",\"name\":\"aspielbuechler\",\"image\":{\"@type\":\"ImageObject\",\"@id\":\"https:\/\/skimo.73.jarolim.eu\/sportler\/#personlogo\",\"inLanguage\":\"de\",\"url\":\"https:\/\/secure.gravatar.com\/avatar\/1220d25619b41a33e4710c8b968dc56e?s=96&r=g\",\"contentUrl\":\"https:\/\/secure.gravatar.com\/avatar\/1220d25619b41a33e4710c8b968dc56e?s=96&r=g\",\"caption\":\"aspielbuechler\"},\"url\":\"https:\/\/www.skimo.at\/sportler\/author\/aspielbuechler\/\"}]}<\/script>\n<!-- \/ Yoast SEO plugin. -->","_links":{"self":[{"href":"https:\/\/www.skimo.at\/sportler\/wp-json\/wp\/v2\/posts\/3457"}],"collection":[{"href":"https:\/\/www.skimo.at\/sportler\/wp-json\/wp\/v2\/posts"}],"about":[{"href":"https:\/\/www.skimo.at\/sportler\/wp-json\/wp\/v2\/types\/post"}],"author":[{"embeddable":true,"href":"https:\/\/www.skimo.at\/sportler\/wp-json\/wp\/v2\/users\/4"}],"replies":[{"embeddable":true,"href":"https:\/\/www.skimo.at\/sportler\/wp-json\/wp\/v2\/comments?post=3457"}],"version-history":[{"count":4,"href":"https:\/\/www.skimo.at\/sportler\/wp-json\/wp\/v2\/posts\/3457\/revisions"}],"predecessor-version":[{"id":15667,"href":"https:\/\/www.skimo.at\/sportler\/wp-json\/wp\/v2\/posts\/3457\/revisions\/15667"}],"wp:featuredmedia":[{"embeddable":true,"href":"https:\/\/www.skimo.at\/sportler\/wp-json\/wp\/v2\/media\/3486"}],"wp:attachment":[{"href":"https:\/\/www.skimo.at\/sportler\/wp-json\/wp\/v2\/media?parent=3457"}],"wp:term":[{"taxonomy":"category","embeddable":true,"href":"https:\/\/www.skimo.at\/sportler\/wp-json\/wp\/v2\/categories?post=3457"},{"taxonomy":"post_tag","embeddable":true,"href":"https:\/\/www.skimo.at\/sportler\/wp-json\/wp\/v2\/tags?post=3457"}],"curies":[{"name":"wp","href":"https:\/\/api.w.org\/{rel}","templated":true}]}}