{"id":3433,"date":"2015-03-26T20:55:46","date_gmt":"2015-03-26T18:55:46","guid":{"rendered":"http:\/\/www.skimo.at\/sportler\/?p=3433"},"modified":"2015-03-26T20:59:31","modified_gmt":"2015-03-26T18:59:31","slug":"weltcup-mondole-tag-1-streckenbesichtigung","status":"publish","type":"post","link":"https:\/\/www.skimo.at\/sportler\/3433\/weltcup-mondole-tag-1-streckenbesichtigung\/","title":{"rendered":"Weltcup Mondole Tag 1: Streckenbesichtigung"},"content":{"rendered":"<p>Zur\u00fcckversetzt in den tiefsten Winter fand sich die Nationalmannschaft heute an ihrer letzten Weltcup-Destination in Prato Nevoso\u00a0(ITA). Die Region im italienischen Piemont hatte seit Herbst relativ viel Schnee bekommen, war den ganzen Winter \u00fcber sehr gut mit der wei\u00dfen Pracht versorgt und auch in den letzten Tagen sch\u00fcttelte Frau Holle sehr sehr viel davon vom Himmel &#8211; fast zu viel&#8230;\u00a0Und zus\u00e4tzlich wurde es jetzt warm. Was dazu f\u00fchrt, dass die Lawinengefahr aktuell erheblich ist und dadurch mehrfach Lawinensprengungen durchgef\u00fchrt werden m\u00fcssen, um die Sicherheit im Skigebiet garantieren zu k\u00f6nnen, als auch f\u00fcr das bevorstehende Weltcup Individual Race eine akzeptable und vor allem sichere Strecke bieten zu k\u00f6nnen. Denn der Ort des Weltcupfinales ist ein relativ gro\u00dfes Skigebiet auf 1.500m, neben der Weltelite im Skibergsteigen l\u00e4uft auch der Ski-Tourismus noch auf Hochtouren.<\/p>\n<p>Die Besichtigung der Individual Strecke hielt sich heute daher in Grenzen, die Mannschaften waren aufgrund der Lawinenwarnstufe eher auf der Piste unterwegs. Noch ist nicht ganz klar, ob die Originalstrecke im Individual Race am Samstag m\u00f6glich sein wird oder auf einer Ersatzstrecke gelaufen wird.<\/p>\n<p>Morgen findet f\u00fcr die Athleten das Vertical Race statt, dem steht nichts entgegen, denn dieses bleibt ohnehin wie \u00fcblich auf der Piste.\u00a0Am Start sein werden auf der 700 H\u00f6henmeter umfassenden Strecke Daniel Zugg in der Espoir Klasse, Armin H\u00f6fl und Patrick Innerhofer in der Senior Klasse. Bei den Damen Junior geht Verena Streitberger ins Rennen, ihre Strecke betr\u00e4gt 500 H\u00f6henmeter. Los geht\u2019s um 10.30 Uhr. Laut Infos von Headcoach Alex Lugger ist die Strecke f\u00fcr einen Weltcup recht steil angelegt, mit einigen Flachst\u00fccken zwischendurch. Das d\u00fcrfte unseren Athleten sehr gut liegen. Wir dr\u00fccken auf jeden Fall die Daumen und werden berichten, sobald uns die ersten News aus Italien erreicht haben.<\/p>\n<p>Danke Willi Seebacher f\u00fcr die Bilder &#8211; wir freuen uns schon auf die n\u00e4chsten bei den Wettk\u00e4mpfen! \ud83d\ude42<\/p>\n","protected":false},"excerpt":{"rendered":"<p>Zur\u00fcckversetzt in den tiefsten Winter fand sich die Nationalmannschaft heute an ihrer letzten Weltcup-Destination in Prato Nevoso\u00a0(ITA). Die Region im italienischen Piemont hatte seit Herbst relativ viel Schnee bekommen, war den ganzen Winter \u00fcber sehr gut mit der wei\u00dfen Pracht versorgt und auch in den letzten Tagen sch\u00fcttelte Frau Holle sehr sehr viel davon vom [&hellip;]<\/p>\n","protected":false},"author":4,"featured_media":3446,"comment_status":"closed","ping_status":"closed","sticky":false,"template":"","format":"standard","meta":[],"categories":[1,3],"tags":[51,90,36,30,13,64,37,91,24,32,12],"yoast_head":"<!-- This site is optimized with the Yoast SEO plugin v16.3 - https:\/\/yoast.com\/wordpress\/plugins\/seo\/ -->\n<title>Weltcup Mondole Tag 1: Streckenbesichtigung - Sportler<\/title>\n<meta name=\"robots\" content=\"index, follow, max-snippet:-1, max-image-preview:large, max-video-preview:-1\" \/>\n<link rel=\"canonical\" href=\"https:\/\/www.skimo.at\/sportler\/3433\/weltcup-mondole-tag-1-streckenbesichtigung\/\" \/>\n<meta property=\"og:locale\" content=\"de_DE\" \/>\n<meta property=\"og:type\" content=\"article\" \/>\n<meta property=\"og:title\" content=\"Weltcup Mondole Tag 1: Streckenbesichtigung - Sportler\" \/>\n<meta property=\"og:description\" content=\"Zur\u00fcckversetzt in den tiefsten Winter fand sich die Nationalmannschaft heute an ihrer letzten Weltcup-Destination in Prato Nevoso\u00a0(ITA). Die Region im italienischen Piemont hatte seit Herbst relativ viel Schnee bekommen, war den ganzen Winter \u00fcber sehr gut mit der wei\u00dfen Pracht versorgt und auch in den letzten Tagen sch\u00fcttelte Frau Holle sehr sehr viel davon vom [&hellip;]\" \/>\n<meta property=\"og:url\" content=\"https:\/\/www.skimo.at\/sportler\/3433\/weltcup-mondole-tag-1-streckenbesichtigung\/\" \/>\n<meta property=\"og:site_name\" content=\"Sportler\" \/>\n<meta property=\"article:published_time\" content=\"2015-03-26T18:55:46+00:00\" \/>\n<meta property=\"article:modified_time\" content=\"2015-03-26T18:59:31+00:00\" \/>\n<meta property=\"og:image\" content=\"https:\/\/skimo.73.jarolim.eu\/sportler\/files\/2015\/03\/Weltcup-Piemont-2015_Besichtigung_11_Willi-Seebacher-LR.jpg\" \/>\n\t<meta property=\"og:image:width\" content=\"1772\" \/>\n\t<meta property=\"og:image:height\" content=\"1181\" \/>\n<meta name=\"twitter:card\" content=\"summary\" \/>\n<meta name=\"twitter:label1\" content=\"Gesch\u00e4tzte Lesezeit\">\n\t<meta name=\"twitter:data1\" content=\"2\u00a0Minuten\">\n<script type=\"application\/ld+json\" class=\"yoast-schema-graph\">{\"@context\":\"https:\/\/schema.org\",\"@graph\":[{\"@type\":\"WebSite\",\"@id\":\"https:\/\/skimo.73.jarolim.eu\/sportler\/#website\",\"url\":\"https:\/\/skimo.73.jarolim.eu\/sportler\/\",\"name\":\"Sportler\",\"description\":\"\",\"potentialAction\":[{\"@type\":\"SearchAction\",\"target\":\"https:\/\/skimo.73.jarolim.eu\/sportler\/?s={search_term_string}\",\"query-input\":\"required name=search_term_string\"}],\"inLanguage\":\"de\"},{\"@type\":\"ImageObject\",\"@id\":\"https:\/\/www.skimo.at\/sportler\/3433\/weltcup-mondole-tag-1-streckenbesichtigung\/#primaryimage\",\"inLanguage\":\"de\",\"url\":\"https:\/\/www.skimo.at\/sportler\/files\/2015\/03\/Weltcup-Piemont-2015_Besichtigung_11_Willi-Seebacher-LR.jpg\",\"contentUrl\":\"https:\/\/www.skimo.at\/sportler\/files\/2015\/03\/Weltcup-Piemont-2015_Besichtigung_11_Willi-Seebacher-LR.jpg\",\"width\":1772,\"height\":1181},{\"@type\":\"WebPage\",\"@id\":\"https:\/\/www.skimo.at\/sportler\/3433\/weltcup-mondole-tag-1-streckenbesichtigung\/#webpage\",\"url\":\"https:\/\/www.skimo.at\/sportler\/3433\/weltcup-mondole-tag-1-streckenbesichtigung\/\",\"name\":\"Weltcup Mondole Tag 1: Streckenbesichtigung - Sportler\",\"isPartOf\":{\"@id\":\"https:\/\/skimo.73.jarolim.eu\/sportler\/#website\"},\"primaryImageOfPage\":{\"@id\":\"https:\/\/www.skimo.at\/sportler\/3433\/weltcup-mondole-tag-1-streckenbesichtigung\/#primaryimage\"},\"datePublished\":\"2015-03-26T18:55:46+00:00\",\"dateModified\":\"2015-03-26T18:59:31+00:00\",\"author\":{\"@id\":\"https:\/\/skimo.73.jarolim.eu\/sportler\/#\/schema\/person\/89e18f4c3d09b5434dbc2dc0cefbcd30\"},\"breadcrumb\":{\"@id\":\"https:\/\/www.skimo.at\/sportler\/3433\/weltcup-mondole-tag-1-streckenbesichtigung\/#breadcrumb\"},\"inLanguage\":\"de\",\"potentialAction\":[{\"@type\":\"ReadAction\",\"target\":[\"https:\/\/www.skimo.at\/sportler\/3433\/weltcup-mondole-tag-1-streckenbesichtigung\/\"]}]},{\"@type\":\"BreadcrumbList\",\"@id\":\"https:\/\/www.skimo.at\/sportler\/3433\/weltcup-mondole-tag-1-streckenbesichtigung\/#breadcrumb\",\"itemListElement\":[{\"@type\":\"ListItem\",\"position\":1,\"item\":{\"@type\":\"WebPage\",\"@id\":\"https:\/\/skimo.73.jarolim.eu\/sportler\/\",\"url\":\"https:\/\/skimo.73.jarolim.eu\/sportler\/\",\"name\":\"Home\"}},{\"@type\":\"ListItem\",\"position\":2,\"item\":{\"@id\":\"https:\/\/www.skimo.at\/sportler\/3433\/weltcup-mondole-tag-1-streckenbesichtigung\/#webpage\"}}]},{\"@type\":\"Person\",\"@id\":\"https:\/\/skimo.73.jarolim.eu\/sportler\/#\/schema\/person\/89e18f4c3d09b5434dbc2dc0cefbcd30\",\"name\":\"aspielbuechler\",\"image\":{\"@type\":\"ImageObject\",\"@id\":\"https:\/\/skimo.73.jarolim.eu\/sportler\/#personlogo\",\"inLanguage\":\"de\",\"url\":\"https:\/\/secure.gravatar.com\/avatar\/1220d25619b41a33e4710c8b968dc56e?s=96&r=g\",\"contentUrl\":\"https:\/\/secure.gravatar.com\/avatar\/1220d25619b41a33e4710c8b968dc56e?s=96&r=g\",\"caption\":\"aspielbuechler\"},\"url\":\"https:\/\/www.skimo.at\/sportler\/author\/aspielbuechler\/\"}]}<\/script>\n<!-- \/ Yoast SEO plugin. -->","_links":{"self":[{"href":"https:\/\/www.skimo.at\/sportler\/wp-json\/wp\/v2\/posts\/3433"}],"collection":[{"href":"https:\/\/www.skimo.at\/sportler\/wp-json\/wp\/v2\/posts"}],"about":[{"href":"https:\/\/www.skimo.at\/sportler\/wp-json\/wp\/v2\/types\/post"}],"author":[{"embeddable":true,"href":"https:\/\/www.skimo.at\/sportler\/wp-json\/wp\/v2\/users\/4"}],"replies":[{"embeddable":true,"href":"https:\/\/www.skimo.at\/sportler\/wp-json\/wp\/v2\/comments?post=3433"}],"version-history":[{"count":3,"href":"https:\/\/www.skimo.at\/sportler\/wp-json\/wp\/v2\/posts\/3433\/revisions"}],"predecessor-version":[{"id":3450,"href":"https:\/\/www.skimo.at\/sportler\/wp-json\/wp\/v2\/posts\/3433\/revisions\/3450"}],"wp:featuredmedia":[{"embeddable":true,"href":"https:\/\/www.skimo.at\/sportler\/wp-json\/wp\/v2\/media\/3446"}],"wp:attachment":[{"href":"https:\/\/www.skimo.at\/sportler\/wp-json\/wp\/v2\/media?parent=3433"}],"wp:term":[{"taxonomy":"category","embeddable":true,"href":"https:\/\/www.skimo.at\/sportler\/wp-json\/wp\/v2\/categories?post=3433"},{"taxonomy":"post_tag","embeddable":true,"href":"https:\/\/www.skimo.at\/sportler\/wp-json\/wp\/v2\/tags?post=3433"}],"curies":[{"name":"wp","href":"https:\/\/api.w.org\/{rel}","templated":true}]}}