{"id":3424,"date":"2015-03-26T11:54:50","date_gmt":"2015-03-26T09:54:50","guid":{"rendered":"http:\/\/www.skimo.at\/sportler\/?p=3424"},"modified":"2021-01-05T19:32:06","modified_gmt":"2021-01-05T17:32:06","slug":"weltcupfinale-fuer-das-nationalteam-in-italien","status":"publish","type":"post","link":"https:\/\/www.skimo.at\/sportler\/3424\/weltcupfinale-fuer-das-nationalteam-in-italien\/","title":{"rendered":"Weltcupfinale f\u00fcr das Nationalteam in Italien"},"content":{"rendered":"\n<p>Tief winterlich (man beachte dabei die Bilder von Willi Seebacher und Alex Lugger, die vom Fr\u00fchling weit entfernt sind&#8230;) pr\u00e4sentiert sich die letzte Weltcupstation der Skibergsteiger in dieser Saison. Die \u00d6sterreichische Nationalmannschaft reiste gestern ins italienische Piemont (Mondole), um in den n\u00e4chsten Tagen das gro\u00dfe Weltcupfinale zu bestreiten. Drei Rennen stehen f\u00fcr die Nationalteamathleten am Programm: Morgen startet das Rennwochenende mit dem Vertical Race, am Samstag folgt die K\u00f6nigsdisziplin mit dem Individual Race, bevor der Sonntag mit dem Sprint Race abschlie\u00dft. <a href=\"http:\/\/www.mondoleskialp.it\/index.php\/en\/\" target=\"_blank\" rel=\"noopener\">(Unter diesem Link das genaue Programm auf der Webseite des Veranstalters)<\/a><\/p>\n\n\n\n<p>Die Erk\u00e4ltungswelle ist leider an den \u00f6sterreichischen Athleten in den letzten Tagen auch nicht spurlos vorbei gegangen, aus diesem Grund musste Headcoach Alexander Lugger die Mannschaft zu Beginn der Woche neu aufstellen. \u00d6sterreichs aktuell bester Athlet, der Osttiroler Martin Wei\u00dfkopf, wird daher im Weltcupfinale nicht dabei sein, genauso wie der urspr\u00fcnglich eingeplante Salzburger Jakob Herrmann aufgrund eines angebrochenen Wirbels eine Rennpause einlegen muss. Voll motiviert ist hingegen der Vorarlberger <strong>Daniel Zugg<\/strong>, der sich gerade letzte Woche den \u00d6sterreichischen Meistertitel holte:<\/p>\n\n\n\n<blockquote class=\"wp-block-quote\"><p>\u201eIch werde nat\u00fcrlich beim Abschluss noch einmal richtig Gas geben. Der Sieg bei der \u00d6M Wertung am letzten Wochenende hat einen ordentlichen Motivationsschub gegeben, ich hoffe daher, dass sich im Weltcup in der Espoirklasse zum Abschluss ebenso noch einmal so ein gutes Ergebnis ausgeht \u2013 ich werde mein Bestes geben.\u201c<\/p><\/blockquote>\n\n\n\n<p>Fix dabei sind auch die zwei Salzburgerinnen <strong>Verena Streitberger<\/strong> und<strong> Ina Forchthammer<\/strong>. Verena kann bereits jetzt auf ihre erfolgreichste Saison zur\u00fcckblicken und vielleicht geht sich in einem der Abschlussbewerbe noch ein zus\u00e4tzliches Highlight f\u00fcr die 17-j\u00e4hrige Maishofnerin aus?<\/p>\n\n\n\n<blockquote class=\"wp-block-quote\"><p>\u201eRang 3 im Weltcup, Bronze bei der Weltmeisterschaft und letzte Woche noch eine \u00d6M Goldene, die Saison ist bisher super gelaufen. Jetzt hoffe ich noch auf ein gutes Finale an diesem Wochenende, denn ein zus\u00e4tzlicher Podestplatz w\u00e4re nat\u00fcrlich ein genialer Abschluss&#8220;<\/p><cite>Verena Streitberger<\/cite><\/blockquote>\n\n\n\n<p>Ina Forchthammer (St. Johann\/Pg.) ist im Laufe der Saison immer besser geworden, auch die 19-j\u00e4hrige Nationalteamathletin kann in den n\u00e4chsten drei Tagen durchaus f\u00fcr \u00dcberraschungen sorgen.<\/p>\n\n\n\n<p>Durch die frei gewordenen Pl\u00e4tze hat Headcoach Alexander Lugger zwei Antragsstellern zur Aufnahme ins Nationalteam die Chance gegeben, sich im Weltcup auszuzeichnen und das erste Mal internationale Rennatmosph\u00e4re zu schnuppern. <strong>Patrick Innerhofer<\/strong> (Bludesch\/Vorarlberg) und <strong>Armin H\u00f6fl<\/strong> (Krakau\/Steiermark) werden in den n\u00e4chsten drei Tagen ihre beste Leistung zeigen, nachdem beide im Zuge der letzten Rennen eine sehr gute Form bewiesen haben.<\/p>\n\n\n\n<p>Wir werden nat\u00fcrlich sobald aktuelle Infos aus Italien vorliegen in gewohnter Weise berichten.<\/p>\n","protected":false},"excerpt":{"rendered":"<p>Tief winterlich (man beachte dabei die Bilder von Willi Seebacher und Alex Lugger, die vom Fr\u00fchling weit entfernt sind&#8230;) pr\u00e4sentiert sich die letzte Weltcupstation der Skibergsteiger in dieser Saison. Die \u00d6sterreichische Nationalmannschaft reiste gestern ins italienische Piemont (Mondole), um in den n\u00e4chsten Tagen das gro\u00dfe Weltcupfinale zu bestreiten. Drei Rennen stehen f\u00fcr die Nationalteamathleten am [&hellip;]<\/p>\n","protected":false},"author":4,"featured_media":3431,"comment_status":"closed","ping_status":"closed","sticky":false,"template":"","format":"standard","meta":[],"categories":[1,3],"tags":[51,90,36,30,13,91,32,12,66],"yoast_head":"<!-- This site is optimized with the Yoast SEO plugin v16.3 - https:\/\/yoast.com\/wordpress\/plugins\/seo\/ -->\n<title>Weltcupfinale f\u00fcr das Nationalteam in Italien - Sportler<\/title>\n<meta name=\"robots\" content=\"index, follow, max-snippet:-1, max-image-preview:large, max-video-preview:-1\" \/>\n<link rel=\"canonical\" href=\"https:\/\/www.skimo.at\/sportler\/3424\/weltcupfinale-fuer-das-nationalteam-in-italien\/\" \/>\n<meta property=\"og:locale\" content=\"de_DE\" \/>\n<meta property=\"og:type\" content=\"article\" \/>\n<meta property=\"og:title\" content=\"Weltcupfinale f\u00fcr das Nationalteam in Italien - Sportler\" \/>\n<meta property=\"og:description\" content=\"Tief winterlich (man beachte dabei die Bilder von Willi Seebacher und Alex Lugger, die vom Fr\u00fchling weit entfernt sind&#8230;) pr\u00e4sentiert sich die letzte Weltcupstation der Skibergsteiger in dieser Saison. Die \u00d6sterreichische Nationalmannschaft reiste gestern ins italienische Piemont (Mondole), um in den n\u00e4chsten Tagen das gro\u00dfe Weltcupfinale zu bestreiten. Drei Rennen stehen f\u00fcr die Nationalteamathleten am [&hellip;]\" \/>\n<meta property=\"og:url\" content=\"https:\/\/www.skimo.at\/sportler\/3424\/weltcupfinale-fuer-das-nationalteam-in-italien\/\" \/>\n<meta property=\"og:site_name\" content=\"Sportler\" \/>\n<meta property=\"article:published_time\" content=\"2015-03-26T09:54:50+00:00\" \/>\n<meta property=\"article:modified_time\" content=\"2021-01-05T17:32:06+00:00\" \/>\n<meta property=\"og:image\" content=\"https:\/\/skimo.73.jarolim.eu\/sportler\/files\/2015\/03\/Weltcup-Piemont-2015_Anreise_1_Willi-Seebacher-LR-Kopie.jpg\" \/>\n\t<meta property=\"og:image:width\" content=\"1772\" \/>\n\t<meta property=\"og:image:height\" content=\"1181\" \/>\n<meta name=\"twitter:card\" content=\"summary\" \/>\n<meta name=\"twitter:label1\" content=\"Gesch\u00e4tzte Lesezeit\">\n\t<meta name=\"twitter:data1\" content=\"2\u00a0Minuten\">\n<script type=\"application\/ld+json\" class=\"yoast-schema-graph\">{\"@context\":\"https:\/\/schema.org\",\"@graph\":[{\"@type\":\"WebSite\",\"@id\":\"https:\/\/skimo.73.jarolim.eu\/sportler\/#website\",\"url\":\"https:\/\/skimo.73.jarolim.eu\/sportler\/\",\"name\":\"Sportler\",\"description\":\"\",\"potentialAction\":[{\"@type\":\"SearchAction\",\"target\":\"https:\/\/skimo.73.jarolim.eu\/sportler\/?s={search_term_string}\",\"query-input\":\"required name=search_term_string\"}],\"inLanguage\":\"de\"},{\"@type\":\"ImageObject\",\"@id\":\"https:\/\/www.skimo.at\/sportler\/3424\/weltcupfinale-fuer-das-nationalteam-in-italien\/#primaryimage\",\"inLanguage\":\"de\",\"url\":\"https:\/\/www.skimo.at\/sportler\/files\/2015\/03\/Weltcup-Piemont-2015_Anreise_1_Willi-Seebacher-LR-Kopie.jpg\",\"contentUrl\":\"https:\/\/www.skimo.at\/sportler\/files\/2015\/03\/Weltcup-Piemont-2015_Anreise_1_Willi-Seebacher-LR-Kopie.jpg\",\"width\":1772,\"height\":1181},{\"@type\":\"WebPage\",\"@id\":\"https:\/\/www.skimo.at\/sportler\/3424\/weltcupfinale-fuer-das-nationalteam-in-italien\/#webpage\",\"url\":\"https:\/\/www.skimo.at\/sportler\/3424\/weltcupfinale-fuer-das-nationalteam-in-italien\/\",\"name\":\"Weltcupfinale f\\u00fcr das Nationalteam in Italien - Sportler\",\"isPartOf\":{\"@id\":\"https:\/\/skimo.73.jarolim.eu\/sportler\/#website\"},\"primaryImageOfPage\":{\"@id\":\"https:\/\/www.skimo.at\/sportler\/3424\/weltcupfinale-fuer-das-nationalteam-in-italien\/#primaryimage\"},\"datePublished\":\"2015-03-26T09:54:50+00:00\",\"dateModified\":\"2021-01-05T17:32:06+00:00\",\"author\":{\"@id\":\"https:\/\/skimo.73.jarolim.eu\/sportler\/#\/schema\/person\/89e18f4c3d09b5434dbc2dc0cefbcd30\"},\"breadcrumb\":{\"@id\":\"https:\/\/www.skimo.at\/sportler\/3424\/weltcupfinale-fuer-das-nationalteam-in-italien\/#breadcrumb\"},\"inLanguage\":\"de\",\"potentialAction\":[{\"@type\":\"ReadAction\",\"target\":[\"https:\/\/www.skimo.at\/sportler\/3424\/weltcupfinale-fuer-das-nationalteam-in-italien\/\"]}]},{\"@type\":\"BreadcrumbList\",\"@id\":\"https:\/\/www.skimo.at\/sportler\/3424\/weltcupfinale-fuer-das-nationalteam-in-italien\/#breadcrumb\",\"itemListElement\":[{\"@type\":\"ListItem\",\"position\":1,\"item\":{\"@type\":\"WebPage\",\"@id\":\"https:\/\/skimo.73.jarolim.eu\/sportler\/\",\"url\":\"https:\/\/skimo.73.jarolim.eu\/sportler\/\",\"name\":\"Home\"}},{\"@type\":\"ListItem\",\"position\":2,\"item\":{\"@id\":\"https:\/\/www.skimo.at\/sportler\/3424\/weltcupfinale-fuer-das-nationalteam-in-italien\/#webpage\"}}]},{\"@type\":\"Person\",\"@id\":\"https:\/\/skimo.73.jarolim.eu\/sportler\/#\/schema\/person\/89e18f4c3d09b5434dbc2dc0cefbcd30\",\"name\":\"aspielbuechler\",\"image\":{\"@type\":\"ImageObject\",\"@id\":\"https:\/\/skimo.73.jarolim.eu\/sportler\/#personlogo\",\"inLanguage\":\"de\",\"url\":\"https:\/\/secure.gravatar.com\/avatar\/1220d25619b41a33e4710c8b968dc56e?s=96&r=g\",\"contentUrl\":\"https:\/\/secure.gravatar.com\/avatar\/1220d25619b41a33e4710c8b968dc56e?s=96&r=g\",\"caption\":\"aspielbuechler\"},\"url\":\"https:\/\/www.skimo.at\/sportler\/author\/aspielbuechler\/\"}]}<\/script>\n<!-- \/ Yoast SEO plugin. -->","_links":{"self":[{"href":"https:\/\/www.skimo.at\/sportler\/wp-json\/wp\/v2\/posts\/3424"}],"collection":[{"href":"https:\/\/www.skimo.at\/sportler\/wp-json\/wp\/v2\/posts"}],"about":[{"href":"https:\/\/www.skimo.at\/sportler\/wp-json\/wp\/v2\/types\/post"}],"author":[{"embeddable":true,"href":"https:\/\/www.skimo.at\/sportler\/wp-json\/wp\/v2\/users\/4"}],"replies":[{"embeddable":true,"href":"https:\/\/www.skimo.at\/sportler\/wp-json\/wp\/v2\/comments?post=3424"}],"version-history":[{"count":2,"href":"https:\/\/www.skimo.at\/sportler\/wp-json\/wp\/v2\/posts\/3424\/revisions"}],"predecessor-version":[{"id":15665,"href":"https:\/\/www.skimo.at\/sportler\/wp-json\/wp\/v2\/posts\/3424\/revisions\/15665"}],"wp:featuredmedia":[{"embeddable":true,"href":"https:\/\/www.skimo.at\/sportler\/wp-json\/wp\/v2\/media\/3431"}],"wp:attachment":[{"href":"https:\/\/www.skimo.at\/sportler\/wp-json\/wp\/v2\/media?parent=3424"}],"wp:term":[{"taxonomy":"category","embeddable":true,"href":"https:\/\/www.skimo.at\/sportler\/wp-json\/wp\/v2\/categories?post=3424"},{"taxonomy":"post_tag","embeddable":true,"href":"https:\/\/www.skimo.at\/sportler\/wp-json\/wp\/v2\/tags?post=3424"}],"curies":[{"name":"wp","href":"https:\/\/api.w.org\/{rel}","templated":true}]}}