{"id":3414,"date":"2015-03-15T10:57:49","date_gmt":"2015-03-15T08:57:49","guid":{"rendered":"http:\/\/www.skimo.at\/sportler\/?p=3414"},"modified":"2015-03-15T10:57:49","modified_gmt":"2015-03-15T08:57:49","slug":"pierra-menta-2015-4-etappe-ergebnisliste-vom-14-3-2015","status":"publish","type":"post","link":"https:\/\/www.skimo.at\/sportler\/3414\/pierra-menta-2015-4-etappe-ergebnisliste-vom-14-3-2015\/","title":{"rendered":"Pierra Menta 2015 \u2013 4. Etappe: Ergebnisliste vom 14.3.2015"},"content":{"rendered":"<p>Einen w\u00fcrdigen Abschluss fand die Pierra Menta gestern mit der vierten Etappe. Die Bilder sagen alles&#8230;\u00a0Und heute hat uns auch noch die Ergebnisliste des gestrigen Rennens erreicht und die guten Leistungen der \u00d6sterreicher best\u00e4tigt.<\/p>\n<p>Das \u00f6sterreichische Team adidas outdoor mit Martin Wei\u00dfkopf und Jakob Herrmann schaffte heute noch einen hervorragenden 10. Rang und beendet damit die Pierra Menta nach der vierten Etappe als Gesamt 12. Der Sieg des 4-t\u00e4gigen Events in Frankreich mit \u00fcber 400 Startern ging an das italienische Team mit Damiano Lenzi und Matteo Eydallin, bei den Damen an das gemischt franz\u00f6sisch-spanische Team mit Laetitia Roux und Mireia Miro Varela.<\/p>\n<p>Bilder der vierten\u00a0Etappe\u00a0von Carlo\u00a0Ceola, Marco Colleselli, Riccardo Selvatico (MONTURA)<\/p>\n","protected":false},"excerpt":{"rendered":"<p>Einen w\u00fcrdigen Abschluss fand die Pierra Menta gestern mit der vierten Etappe. Die Bilder sagen alles&#8230;\u00a0Und heute hat uns auch noch die Ergebnisliste des gestrigen Rennens erreicht und die guten Leistungen der \u00d6sterreicher best\u00e4tigt. Das \u00f6sterreichische Team adidas outdoor mit Martin Wei\u00dfkopf und Jakob Herrmann schaffte heute noch einen hervorragenden 10. Rang und beendet damit [&hellip;]<\/p>\n","protected":false},"author":4,"featured_media":3418,"comment_status":"closed","ping_status":"closed","sticky":false,"template":"","format":"standard","meta":[],"categories":[1,3],"tags":[],"yoast_head":"<!-- This site is optimized with the Yoast SEO plugin v16.3 - https:\/\/yoast.com\/wordpress\/plugins\/seo\/ -->\n<title>Pierra Menta 2015 \u2013 4. Etappe: Ergebnisliste vom 14.3.2015 - Sportler<\/title>\n<meta name=\"robots\" content=\"index, follow, max-snippet:-1, max-image-preview:large, max-video-preview:-1\" \/>\n<link rel=\"canonical\" href=\"https:\/\/www.skimo.at\/sportler\/3414\/pierra-menta-2015-4-etappe-ergebnisliste-vom-14-3-2015\/\" \/>\n<meta property=\"og:locale\" content=\"de_DE\" \/>\n<meta property=\"og:type\" content=\"article\" \/>\n<meta property=\"og:title\" content=\"Pierra Menta 2015 \u2013 4. Etappe: Ergebnisliste vom 14.3.2015 - Sportler\" \/>\n<meta property=\"og:description\" content=\"Einen w\u00fcrdigen Abschluss fand die Pierra Menta gestern mit der vierten Etappe. Die Bilder sagen alles&#8230;\u00a0Und heute hat uns auch noch die Ergebnisliste des gestrigen Rennens erreicht und die guten Leistungen der \u00d6sterreicher best\u00e4tigt. Das \u00f6sterreichische Team adidas outdoor mit Martin Wei\u00dfkopf und Jakob Herrmann schaffte heute noch einen hervorragenden 10. Rang und beendet damit [&hellip;]\" \/>\n<meta property=\"og:url\" content=\"https:\/\/www.skimo.at\/sportler\/3414\/pierra-menta-2015-4-etappe-ergebnisliste-vom-14-3-2015\/\" \/>\n<meta property=\"og:site_name\" content=\"Sportler\" \/>\n<meta property=\"article:published_time\" content=\"2015-03-15T08:57:49+00:00\" \/>\n<meta property=\"og:image\" content=\"https:\/\/skimo.73.jarolim.eu\/sportler\/files\/2015\/03\/Pierra-Menta_Wei\u00dfkopf-und-Herrmann-1_4.Etappe_Bild-Montura-Ceola-Colleselli-Selvatico.jpg\" \/>\n\t<meta property=\"og:image:width\" content=\"960\" \/>\n\t<meta property=\"og:image:height\" content=\"640\" \/>\n<meta name=\"twitter:card\" content=\"summary\" \/>\n<meta name=\"twitter:label1\" content=\"Gesch\u00e4tzte Lesezeit\">\n\t<meta name=\"twitter:data1\" content=\"1\u00a0Minute\">\n<script type=\"application\/ld+json\" class=\"yoast-schema-graph\">{\"@context\":\"https:\/\/schema.org\",\"@graph\":[{\"@type\":\"WebSite\",\"@id\":\"https:\/\/skimo.73.jarolim.eu\/sportler\/#website\",\"url\":\"https:\/\/skimo.73.jarolim.eu\/sportler\/\",\"name\":\"Sportler\",\"description\":\"\",\"potentialAction\":[{\"@type\":\"SearchAction\",\"target\":\"https:\/\/skimo.73.jarolim.eu\/sportler\/?s={search_term_string}\",\"query-input\":\"required name=search_term_string\"}],\"inLanguage\":\"de\"},{\"@type\":\"ImageObject\",\"@id\":\"https:\/\/www.skimo.at\/sportler\/3414\/pierra-menta-2015-4-etappe-ergebnisliste-vom-14-3-2015\/#primaryimage\",\"inLanguage\":\"de\",\"url\":\"https:\/\/www.skimo.at\/sportler\/files\/2015\/03\/Pierra-Menta_Wei\\u00dfkopf-und-Herrmann-1_4.Etappe_Bild-Montura-Ceola-Colleselli-Selvatico.jpg\",\"contentUrl\":\"https:\/\/www.skimo.at\/sportler\/files\/2015\/03\/Pierra-Menta_Wei\\u00dfkopf-und-Herrmann-1_4.Etappe_Bild-Montura-Ceola-Colleselli-Selvatico.jpg\",\"width\":960,\"height\":640},{\"@type\":\"WebPage\",\"@id\":\"https:\/\/www.skimo.at\/sportler\/3414\/pierra-menta-2015-4-etappe-ergebnisliste-vom-14-3-2015\/#webpage\",\"url\":\"https:\/\/www.skimo.at\/sportler\/3414\/pierra-menta-2015-4-etappe-ergebnisliste-vom-14-3-2015\/\",\"name\":\"Pierra Menta 2015 \\u2013 4. Etappe: Ergebnisliste vom 14.3.2015 - Sportler\",\"isPartOf\":{\"@id\":\"https:\/\/skimo.73.jarolim.eu\/sportler\/#website\"},\"primaryImageOfPage\":{\"@id\":\"https:\/\/www.skimo.at\/sportler\/3414\/pierra-menta-2015-4-etappe-ergebnisliste-vom-14-3-2015\/#primaryimage\"},\"datePublished\":\"2015-03-15T08:57:49+00:00\",\"dateModified\":\"2015-03-15T08:57:49+00:00\",\"author\":{\"@id\":\"https:\/\/skimo.73.jarolim.eu\/sportler\/#\/schema\/person\/89e18f4c3d09b5434dbc2dc0cefbcd30\"},\"breadcrumb\":{\"@id\":\"https:\/\/www.skimo.at\/sportler\/3414\/pierra-menta-2015-4-etappe-ergebnisliste-vom-14-3-2015\/#breadcrumb\"},\"inLanguage\":\"de\",\"potentialAction\":[{\"@type\":\"ReadAction\",\"target\":[\"https:\/\/www.skimo.at\/sportler\/3414\/pierra-menta-2015-4-etappe-ergebnisliste-vom-14-3-2015\/\"]}]},{\"@type\":\"BreadcrumbList\",\"@id\":\"https:\/\/www.skimo.at\/sportler\/3414\/pierra-menta-2015-4-etappe-ergebnisliste-vom-14-3-2015\/#breadcrumb\",\"itemListElement\":[{\"@type\":\"ListItem\",\"position\":1,\"item\":{\"@type\":\"WebPage\",\"@id\":\"https:\/\/skimo.73.jarolim.eu\/sportler\/\",\"url\":\"https:\/\/skimo.73.jarolim.eu\/sportler\/\",\"name\":\"Home\"}},{\"@type\":\"ListItem\",\"position\":2,\"item\":{\"@id\":\"https:\/\/www.skimo.at\/sportler\/3414\/pierra-menta-2015-4-etappe-ergebnisliste-vom-14-3-2015\/#webpage\"}}]},{\"@type\":\"Person\",\"@id\":\"https:\/\/skimo.73.jarolim.eu\/sportler\/#\/schema\/person\/89e18f4c3d09b5434dbc2dc0cefbcd30\",\"name\":\"aspielbuechler\",\"image\":{\"@type\":\"ImageObject\",\"@id\":\"https:\/\/skimo.73.jarolim.eu\/sportler\/#personlogo\",\"inLanguage\":\"de\",\"url\":\"https:\/\/secure.gravatar.com\/avatar\/1220d25619b41a33e4710c8b968dc56e?s=96&r=g\",\"contentUrl\":\"https:\/\/secure.gravatar.com\/avatar\/1220d25619b41a33e4710c8b968dc56e?s=96&r=g\",\"caption\":\"aspielbuechler\"},\"url\":\"https:\/\/www.skimo.at\/sportler\/author\/aspielbuechler\/\"}]}<\/script>\n<!-- \/ Yoast SEO plugin. -->","_links":{"self":[{"href":"https:\/\/www.skimo.at\/sportler\/wp-json\/wp\/v2\/posts\/3414"}],"collection":[{"href":"https:\/\/www.skimo.at\/sportler\/wp-json\/wp\/v2\/posts"}],"about":[{"href":"https:\/\/www.skimo.at\/sportler\/wp-json\/wp\/v2\/types\/post"}],"author":[{"embeddable":true,"href":"https:\/\/www.skimo.at\/sportler\/wp-json\/wp\/v2\/users\/4"}],"replies":[{"embeddable":true,"href":"https:\/\/www.skimo.at\/sportler\/wp-json\/wp\/v2\/comments?post=3414"}],"version-history":[{"count":2,"href":"https:\/\/www.skimo.at\/sportler\/wp-json\/wp\/v2\/posts\/3414\/revisions"}],"predecessor-version":[{"id":3422,"href":"https:\/\/www.skimo.at\/sportler\/wp-json\/wp\/v2\/posts\/3414\/revisions\/3422"}],"wp:featuredmedia":[{"embeddable":true,"href":"https:\/\/www.skimo.at\/sportler\/wp-json\/wp\/v2\/media\/3418"}],"wp:attachment":[{"href":"https:\/\/www.skimo.at\/sportler\/wp-json\/wp\/v2\/media?parent=3414"}],"wp:term":[{"taxonomy":"category","embeddable":true,"href":"https:\/\/www.skimo.at\/sportler\/wp-json\/wp\/v2\/categories?post=3414"},{"taxonomy":"post_tag","embeddable":true,"href":"https:\/\/www.skimo.at\/sportler\/wp-json\/wp\/v2\/tags?post=3414"}],"curies":[{"name":"wp","href":"https:\/\/api.w.org\/{rel}","templated":true}]}}