{"id":3400,"date":"2015-03-13T18:29:18","date_gmt":"2015-03-13T16:29:18","guid":{"rendered":"http:\/\/www.skimo.at\/sportler\/?p=3400"},"modified":"2021-01-05T19:30:46","modified_gmt":"2021-01-05T17:30:46","slug":"pierra-menta-2015-3-etappe-ergebnisliste-vom-13-3-2015","status":"publish","type":"post","link":"https:\/\/www.skimo.at\/sportler\/3400\/pierra-menta-2015-3-etappe-ergebnisliste-vom-13-3-2015\/","title":{"rendered":"Pierra Menta 2015 \u2013 3. Etappe: Ergebnisliste vom 13.3.2015"},"content":{"rendered":"<blockquote><p>&#8222;Es wurde ein Wahnsinns-Rennen!!! 2870 hm 32,82 km!&#8220;<\/p><\/blockquote>\n<p>Thomas Koller spricht wohl mit dieser Aussage allen Teilnehmern aus der Seele. Bei perfektem Wetter ging beute die dritte Etappe der Pierra Menta \u00fcber die B\u00fchne der Berge Frankreichs.<\/p>\n<p>Unsere Nationalteamathleten Martin Wei\u00dfkopf und Jakob Herrmann konnten wieder ihren 11. Rang verteidigen. Morgen auf der letzten Etappe wollen die beiden noch mal Gas geben &#8211; vielleicht geht sich noch ein Top10 Platz noch aus???<\/p>\n<p>Aktuell befinden sich die zwei in der Zwischenwertung auf Rang 12 nach nun drei der vier Etappen.<\/p>\n<p>Helga Koller hat mit ihren Bildern heute viele gl\u00fcckliche Gesichter im Ziel eingefangen.<\/p>\n","protected":false},"excerpt":{"rendered":"<p>&#8222;Es wurde ein Wahnsinns-Rennen!!! 2870 hm 32,82 km!&#8220; Thomas Koller spricht wohl mit dieser Aussage allen Teilnehmern aus der Seele. Bei perfektem Wetter ging beute die dritte Etappe der Pierra Menta \u00fcber die B\u00fchne der Berge Frankreichs. Unsere Nationalteamathleten Martin Wei\u00dfkopf und Jakob Herrmann konnten wieder ihren 11. Rang verteidigen. Morgen auf der letzten Etappe [&hellip;]<\/p>\n","protected":false},"author":4,"featured_media":3408,"comment_status":"closed","ping_status":"closed","sticky":false,"template":"","format":"standard","meta":[],"categories":[1,3],"tags":[],"yoast_head":"<!-- This site is optimized with the Yoast SEO plugin v16.3 - https:\/\/yoast.com\/wordpress\/plugins\/seo\/ -->\n<title>Pierra Menta 2015 \u2013 3. Etappe: Ergebnisliste vom 13.3.2015 - Sportler<\/title>\n<meta name=\"robots\" content=\"index, follow, max-snippet:-1, max-image-preview:large, max-video-preview:-1\" \/>\n<link rel=\"canonical\" href=\"https:\/\/www.skimo.at\/sportler\/3400\/pierra-menta-2015-3-etappe-ergebnisliste-vom-13-3-2015\/\" \/>\n<meta property=\"og:locale\" content=\"de_DE\" \/>\n<meta property=\"og:type\" content=\"article\" \/>\n<meta property=\"og:title\" content=\"Pierra Menta 2015 \u2013 3. Etappe: Ergebnisliste vom 13.3.2015 - Sportler\" \/>\n<meta property=\"og:description\" content=\"&#8222;Es wurde ein Wahnsinns-Rennen!!! 2870 hm 32,82 km!&#8220; Thomas Koller spricht wohl mit dieser Aussage allen Teilnehmern aus der Seele. Bei perfektem Wetter ging beute die dritte Etappe der Pierra Menta \u00fcber die B\u00fchne der Berge Frankreichs. Unsere Nationalteamathleten Martin Wei\u00dfkopf und Jakob Herrmann konnten wieder ihren 11. Rang verteidigen. Morgen auf der letzten Etappe [&hellip;]\" \/>\n<meta property=\"og:url\" content=\"https:\/\/www.skimo.at\/sportler\/3400\/pierra-menta-2015-3-etappe-ergebnisliste-vom-13-3-2015\/\" \/>\n<meta property=\"og:site_name\" content=\"Sportler\" \/>\n<meta property=\"article:published_time\" content=\"2015-03-13T16:29:18+00:00\" \/>\n<meta property=\"article:modified_time\" content=\"2021-01-05T17:30:46+00:00\" \/>\n<meta property=\"og:image\" content=\"https:\/\/skimo.73.jarolim.eu\/sportler\/files\/2015\/03\/Pierra-Menta_3_Wei\u00dfkopf-und-Herrmann-3_Bild-Helga-Koller.jpg\" \/>\n\t<meta property=\"og:image:width\" content=\"1500\" \/>\n\t<meta property=\"og:image:height\" content=\"1000\" \/>\n<meta name=\"twitter:card\" content=\"summary\" \/>\n<meta name=\"twitter:label1\" content=\"Gesch\u00e4tzte Lesezeit\">\n\t<meta name=\"twitter:data1\" content=\"1\u00a0Minute\">\n<script type=\"application\/ld+json\" class=\"yoast-schema-graph\">{\"@context\":\"https:\/\/schema.org\",\"@graph\":[{\"@type\":\"WebSite\",\"@id\":\"https:\/\/skimo.73.jarolim.eu\/sportler\/#website\",\"url\":\"https:\/\/skimo.73.jarolim.eu\/sportler\/\",\"name\":\"Sportler\",\"description\":\"\",\"potentialAction\":[{\"@type\":\"SearchAction\",\"target\":\"https:\/\/skimo.73.jarolim.eu\/sportler\/?s={search_term_string}\",\"query-input\":\"required name=search_term_string\"}],\"inLanguage\":\"de\"},{\"@type\":\"ImageObject\",\"@id\":\"https:\/\/www.skimo.at\/sportler\/3400\/pierra-menta-2015-3-etappe-ergebnisliste-vom-13-3-2015\/#primaryimage\",\"inLanguage\":\"de\",\"url\":\"https:\/\/www.skimo.at\/sportler\/files\/2015\/03\/Pierra-Menta_3_Wei\\u00dfkopf-und-Herrmann-3_Bild-Helga-Koller.jpg\",\"contentUrl\":\"https:\/\/www.skimo.at\/sportler\/files\/2015\/03\/Pierra-Menta_3_Wei\\u00dfkopf-und-Herrmann-3_Bild-Helga-Koller.jpg\",\"width\":1500,\"height\":1000},{\"@type\":\"WebPage\",\"@id\":\"https:\/\/www.skimo.at\/sportler\/3400\/pierra-menta-2015-3-etappe-ergebnisliste-vom-13-3-2015\/#webpage\",\"url\":\"https:\/\/www.skimo.at\/sportler\/3400\/pierra-menta-2015-3-etappe-ergebnisliste-vom-13-3-2015\/\",\"name\":\"Pierra Menta 2015 \\u2013 3. Etappe: Ergebnisliste vom 13.3.2015 - Sportler\",\"isPartOf\":{\"@id\":\"https:\/\/skimo.73.jarolim.eu\/sportler\/#website\"},\"primaryImageOfPage\":{\"@id\":\"https:\/\/www.skimo.at\/sportler\/3400\/pierra-menta-2015-3-etappe-ergebnisliste-vom-13-3-2015\/#primaryimage\"},\"datePublished\":\"2015-03-13T16:29:18+00:00\",\"dateModified\":\"2021-01-05T17:30:46+00:00\",\"author\":{\"@id\":\"https:\/\/skimo.73.jarolim.eu\/sportler\/#\/schema\/person\/89e18f4c3d09b5434dbc2dc0cefbcd30\"},\"breadcrumb\":{\"@id\":\"https:\/\/www.skimo.at\/sportler\/3400\/pierra-menta-2015-3-etappe-ergebnisliste-vom-13-3-2015\/#breadcrumb\"},\"inLanguage\":\"de\",\"potentialAction\":[{\"@type\":\"ReadAction\",\"target\":[\"https:\/\/www.skimo.at\/sportler\/3400\/pierra-menta-2015-3-etappe-ergebnisliste-vom-13-3-2015\/\"]}]},{\"@type\":\"BreadcrumbList\",\"@id\":\"https:\/\/www.skimo.at\/sportler\/3400\/pierra-menta-2015-3-etappe-ergebnisliste-vom-13-3-2015\/#breadcrumb\",\"itemListElement\":[{\"@type\":\"ListItem\",\"position\":1,\"item\":{\"@type\":\"WebPage\",\"@id\":\"https:\/\/skimo.73.jarolim.eu\/sportler\/\",\"url\":\"https:\/\/skimo.73.jarolim.eu\/sportler\/\",\"name\":\"Home\"}},{\"@type\":\"ListItem\",\"position\":2,\"item\":{\"@id\":\"https:\/\/www.skimo.at\/sportler\/3400\/pierra-menta-2015-3-etappe-ergebnisliste-vom-13-3-2015\/#webpage\"}}]},{\"@type\":\"Person\",\"@id\":\"https:\/\/skimo.73.jarolim.eu\/sportler\/#\/schema\/person\/89e18f4c3d09b5434dbc2dc0cefbcd30\",\"name\":\"aspielbuechler\",\"image\":{\"@type\":\"ImageObject\",\"@id\":\"https:\/\/skimo.73.jarolim.eu\/sportler\/#personlogo\",\"inLanguage\":\"de\",\"url\":\"https:\/\/secure.gravatar.com\/avatar\/1220d25619b41a33e4710c8b968dc56e?s=96&r=g\",\"contentUrl\":\"https:\/\/secure.gravatar.com\/avatar\/1220d25619b41a33e4710c8b968dc56e?s=96&r=g\",\"caption\":\"aspielbuechler\"},\"url\":\"https:\/\/www.skimo.at\/sportler\/author\/aspielbuechler\/\"}]}<\/script>\n<!-- \/ Yoast SEO plugin. -->","_links":{"self":[{"href":"https:\/\/www.skimo.at\/sportler\/wp-json\/wp\/v2\/posts\/3400"}],"collection":[{"href":"https:\/\/www.skimo.at\/sportler\/wp-json\/wp\/v2\/posts"}],"about":[{"href":"https:\/\/www.skimo.at\/sportler\/wp-json\/wp\/v2\/types\/post"}],"author":[{"embeddable":true,"href":"https:\/\/www.skimo.at\/sportler\/wp-json\/wp\/v2\/users\/4"}],"replies":[{"embeddable":true,"href":"https:\/\/www.skimo.at\/sportler\/wp-json\/wp\/v2\/comments?post=3400"}],"version-history":[{"count":3,"href":"https:\/\/www.skimo.at\/sportler\/wp-json\/wp\/v2\/posts\/3400\/revisions"}],"predecessor-version":[{"id":15663,"href":"https:\/\/www.skimo.at\/sportler\/wp-json\/wp\/v2\/posts\/3400\/revisions\/15663"}],"wp:featuredmedia":[{"embeddable":true,"href":"https:\/\/www.skimo.at\/sportler\/wp-json\/wp\/v2\/media\/3408"}],"wp:attachment":[{"href":"https:\/\/www.skimo.at\/sportler\/wp-json\/wp\/v2\/media?parent=3400"}],"wp:term":[{"taxonomy":"category","embeddable":true,"href":"https:\/\/www.skimo.at\/sportler\/wp-json\/wp\/v2\/categories?post=3400"},{"taxonomy":"post_tag","embeddable":true,"href":"https:\/\/www.skimo.at\/sportler\/wp-json\/wp\/v2\/tags?post=3400"}],"curies":[{"name":"wp","href":"https:\/\/api.w.org\/{rel}","templated":true}]}}