{"id":3350,"date":"2015-03-01T16:23:19","date_gmt":"2015-03-01T14:23:19","guid":{"rendered":"http:\/\/www.skimo.at\/sportler\/?p=3350"},"modified":"2021-01-05T19:29:45","modified_gmt":"2021-01-05T17:29:45","slug":"weltcup-marmotta-trophy-tag-3-drei-top-platzierungen-im-sprint-race-bildbericht-mit-ergebnissen","status":"publish","type":"post","link":"https:\/\/www.skimo.at\/sportler\/3350\/weltcup-marmotta-trophy-tag-3-drei-top-platzierungen-im-sprint-race-bildbericht-mit-ergebnissen\/","title":{"rendered":"Weltcup Marmotta Trophy Tag 3: drei Top-Platzierungen im Sprint Race \u2013 Bildbericht mit Ergebnissen"},"content":{"rendered":"\n<p>Mit einem spannenden Sprint Rennen hat das Weltcup Wochenende der Skibergsteiger im Martelltal in S\u00fcdtirol (ITA) seinen Abschluss gefunden. Das Individual Race hat die weltbesten Athleten gestern Samstag 28.2.2015 in die atemberaubende Bergwelt der Ortlergruppe gef\u00fchrt, heute Sonntag ging das Sprint Race im Biathlonzentrum Martell Grogg \u00fcber die B\u00fchne.<\/p>\n\n\n\n<p>Auf einem kurzen Rundparcours von insgesamt 1 km und 80 hm, in dem alle Facetten des Skibergsteigens \u2013 mehrere Wechsel, Aufstieg, Tragepassage, Abfahrt mit Spr\u00fcngen und Richtungstoren \u2013 eingebaut worden sind, k\u00e4mpften rund 85 Athleten um die begehrten Weltcup Punkte. Davon waren heute insgesamt auch sechs \u00d6sterreicher am Start.<\/p>\n\n\n\n<p><strong>Ina Forchthammer<\/strong> best\u00e4tigte erneut mit einem 5. Rang ihre aktuell gute Leistung in der Juniorenklasse. Vom Blick in die Ergebnisliste darf man sich (wie bereits gestern) nicht t\u00e4uschen lassen, denn die Beteiligung am Rennen war in der Juniorenklasse erneut sehr gering. Betrachtet man jedoch die guten Laufzeiten &nbsp;von Ina Forchthammer in den vergangenen Tagen, so wird ihre starke Leistung deutlich, denn immerhin sind an diesem Rennwochenende nur die besten Konkurrentinnen vor Ort gewesen. Dabei h\u00e4tte sie heute sogar noch schneller sein k\u00f6nnen<em>:<\/em><\/p>\n\n\n\n<blockquote class=\"wp-block-quote\"><p><em> \u201eIch hatte beim Wechsel nach der Tragepassage Probleme die Ski aus der Halterung des Rucksackes zu bekommen und dabei sicher sieben bis acht Sekunden verloren. Trotzdem bin ich mit zwei f\u00fcnften Pl\u00e4tzen an diesem Wochenende sehr zufrieden\u201c<\/em><\/p><cite>so die 19-j\u00e4hrige Nachwuchsathletin aus St. Johann\/Pongau (Salzburg)<\/cite><\/blockquote>\n\n\n\n<p>Erneute einen Top5 Platz schaffte <strong>Daniel Zugg<\/strong> (St. Gallenkirch). Der 22-j\u00e4hrige Vorarlberger darf sich nach seinem vierten Rang von gestern heute \u00fcber Platz 5 in der Espoirklasse freuen: <\/p>\n\n\n\n<blockquote class=\"wp-block-quote\"><p>\u201eIch habe mir heute nicht viel erhofft, denn in den letzten Sprints habe ich immer knapp den Einzug in die Finalrunden verpasst. Dieses Mal habe ich mich trotzdem besser darauf vorbereitet und die Wechsel noch mal ordentlich trainiert. Das hat geholfen! Die Konkurrenten waren alle sehr dicht beisammen, ich mir daher wirklich sehr zufrieden mit meinem f\u00fcnften Rang der Espoirklasse.\u201c<\/p><\/blockquote>\n\n\n\n<p>Nachdem das gestrige Ergebnis absolut nicht zufriedenstellend war, hat der 24-j\u00e4hrige Osttiroler <strong>Martin Wei\u00dfkopf<\/strong> (Pr\u00e4graten) heute daf\u00fcr umso mehr bewiesen, dass er zu den weltbesten Skibergsteigern geh\u00f6rt. Mit drei guten L\u00e4ufen verpasste er zwar knapp den Einzug ins Finale, er darf sich aber aufgrund der hervorragenden Laufzeiten \u00fcber einen 10. Rang freuen:<\/p>\n\n\n\n<blockquote class=\"wp-block-quote\"><p><em>\u201eHeute ist es einfach super gelaufen, ich konnte voll auf Geschwindigkeit gehen und hatte auch das, f\u00fcr einen Sprint notwendige, Gl\u00fcck auf meiner Seite, denn ins Halbfinale zog ich als Lucky Loser ein.\u201c<\/em><\/p><p><\/p><\/blockquote>\n\n\n\n<p>Der Sieg in der allgemeinen Senior Klasse ging an den Sepp Rottmoser (GER) vor Robert Antonioli (ITA) und Toni Lautenbacher (GER). Bei den Damen siegte Laetitia Roux (FRA).<\/p>\n\n\n\n<p>Weniger gut lief es heute f\u00fcr Daniel Rohringer (Gosau\/O\u00d6), Thomas Wallner (Bischofshofen\/SBG) und Philipp Brugger (Sistrans\/Tirol). F\u00fcr alle drei war nach der Qualifikationsrunde bereits Schluss.<\/p>\n\n\n\n<p>Das Res\u00fcmee von <strong>Headcoach Alexander Lugger<\/strong> ist nach dem heutigen Renntag durchaus positiv: <\/p>\n\n\n\n<blockquote class=\"wp-block-quote\"><p>\u201eUnsere drei Leistungstr\u00e4ger konnten zuschlagen. Ina hat sich im kleinen aber sehr starken Feld gut behaupten k\u00f6nnen. Der f\u00fcnfte Rang in der Espoirklasse von Daniel Zugg war eine sehr positive \u00dcberraschung, ein solcher Platz z\u00e4hlt bei der heutigen Konkurrenz viel. Bei Martin Wei\u00dfkopf war es der Wunsch, dass er einen Top10 Platz schafft, dieses Ziel ist ihm gelungen.\u201c<\/p><\/blockquote>\n\n\n\n<p>F\u00fcr die Nationalteamathleten geht es am 27.M\u00e4rz 2015 zum gro\u00dfen Weltcupfinale. In Prato Nevoso (ITA) steht ein hartes, dreit\u00e4giges Rennwochenende mit Vertical Race, Sprint Race und Individual Race am Programm.<\/p>\n","protected":false},"excerpt":{"rendered":"<p>Mit einem spannenden Sprint Rennen hat das Weltcup Wochenende der Skibergsteiger im Martelltal in S\u00fcdtirol (ITA) seinen Abschluss gefunden. Das Individual Race hat die weltbesten Athleten gestern Samstag 28.2.2015 in die atemberaubende Bergwelt der Ortlergruppe gef\u00fchrt, heute Sonntag ging das Sprint Race im Biathlonzentrum Martell Grogg \u00fcber die B\u00fchne. Auf einem kurzen Rundparcours von insgesamt [&hellip;]<\/p>\n","protected":false},"author":4,"featured_media":3378,"comment_status":"closed","ping_status":"closed","sticky":false,"template":"","format":"standard","meta":[],"categories":[1,3,7],"tags":[],"yoast_head":"<!-- This site is optimized with the Yoast SEO plugin v16.3 - https:\/\/yoast.com\/wordpress\/plugins\/seo\/ -->\n<title>Weltcup Marmotta Trophy Tag 3: drei Top-Platzierungen im Sprint Race \u2013 Bildbericht mit Ergebnissen - Sportler<\/title>\n<meta name=\"robots\" content=\"index, follow, max-snippet:-1, max-image-preview:large, max-video-preview:-1\" \/>\n<link rel=\"canonical\" href=\"https:\/\/www.skimo.at\/sportler\/3350\/weltcup-marmotta-trophy-tag-3-drei-top-platzierungen-im-sprint-race-bildbericht-mit-ergebnissen\/\" \/>\n<meta property=\"og:locale\" content=\"de_DE\" \/>\n<meta property=\"og:type\" content=\"article\" \/>\n<meta property=\"og:title\" content=\"Weltcup Marmotta Trophy Tag 3: drei Top-Platzierungen im Sprint Race \u2013 Bildbericht mit Ergebnissen - Sportler\" \/>\n<meta property=\"og:description\" content=\"Mit einem spannenden Sprint Rennen hat das Weltcup Wochenende der Skibergsteiger im Martelltal in S\u00fcdtirol (ITA) seinen Abschluss gefunden. Das Individual Race hat die weltbesten Athleten gestern Samstag 28.2.2015 in die atemberaubende Bergwelt der Ortlergruppe gef\u00fchrt, heute Sonntag ging das Sprint Race im Biathlonzentrum Martell Grogg \u00fcber die B\u00fchne. Auf einem kurzen Rundparcours von insgesamt [&hellip;]\" \/>\n<meta property=\"og:url\" content=\"https:\/\/www.skimo.at\/sportler\/3350\/weltcup-marmotta-trophy-tag-3-drei-top-platzierungen-im-sprint-race-bildbericht-mit-ergebnissen\/\" \/>\n<meta property=\"og:site_name\" content=\"Sportler\" \/>\n<meta property=\"article:published_time\" content=\"2015-03-01T14:23:19+00:00\" \/>\n<meta property=\"article:modified_time\" content=\"2021-01-05T17:29:45+00:00\" \/>\n<meta property=\"og:image\" content=\"https:\/\/skimo.73.jarolim.eu\/sportler\/files\/2015\/03\/Marmotta-Trophy-2015_Sprint_Daniel-Rohringer-38_Willi-Seebacher-LR.jpg\" \/>\n\t<meta property=\"og:image:width\" content=\"1772\" \/>\n\t<meta property=\"og:image:height\" content=\"1181\" \/>\n<meta name=\"twitter:card\" content=\"summary\" \/>\n<meta name=\"twitter:label1\" content=\"Gesch\u00e4tzte Lesezeit\">\n\t<meta name=\"twitter:data1\" content=\"3\u00a0Minuten\">\n<script type=\"application\/ld+json\" class=\"yoast-schema-graph\">{\"@context\":\"https:\/\/schema.org\",\"@graph\":[{\"@type\":\"WebSite\",\"@id\":\"https:\/\/skimo.73.jarolim.eu\/sportler\/#website\",\"url\":\"https:\/\/skimo.73.jarolim.eu\/sportler\/\",\"name\":\"Sportler\",\"description\":\"\",\"potentialAction\":[{\"@type\":\"SearchAction\",\"target\":\"https:\/\/skimo.73.jarolim.eu\/sportler\/?s={search_term_string}\",\"query-input\":\"required name=search_term_string\"}],\"inLanguage\":\"de\"},{\"@type\":\"ImageObject\",\"@id\":\"https:\/\/www.skimo.at\/sportler\/3350\/weltcup-marmotta-trophy-tag-3-drei-top-platzierungen-im-sprint-race-bildbericht-mit-ergebnissen\/#primaryimage\",\"inLanguage\":\"de\",\"url\":\"https:\/\/www.skimo.at\/sportler\/files\/2015\/03\/Marmotta-Trophy-2015_Sprint_Daniel-Rohringer-38_Willi-Seebacher-LR.jpg\",\"contentUrl\":\"https:\/\/www.skimo.at\/sportler\/files\/2015\/03\/Marmotta-Trophy-2015_Sprint_Daniel-Rohringer-38_Willi-Seebacher-LR.jpg\",\"width\":1772,\"height\":1181},{\"@type\":\"WebPage\",\"@id\":\"https:\/\/www.skimo.at\/sportler\/3350\/weltcup-marmotta-trophy-tag-3-drei-top-platzierungen-im-sprint-race-bildbericht-mit-ergebnissen\/#webpage\",\"url\":\"https:\/\/www.skimo.at\/sportler\/3350\/weltcup-marmotta-trophy-tag-3-drei-top-platzierungen-im-sprint-race-bildbericht-mit-ergebnissen\/\",\"name\":\"Weltcup Marmotta Trophy Tag 3: drei Top-Platzierungen im Sprint Race \\u2013 Bildbericht mit Ergebnissen - Sportler\",\"isPartOf\":{\"@id\":\"https:\/\/skimo.73.jarolim.eu\/sportler\/#website\"},\"primaryImageOfPage\":{\"@id\":\"https:\/\/www.skimo.at\/sportler\/3350\/weltcup-marmotta-trophy-tag-3-drei-top-platzierungen-im-sprint-race-bildbericht-mit-ergebnissen\/#primaryimage\"},\"datePublished\":\"2015-03-01T14:23:19+00:00\",\"dateModified\":\"2021-01-05T17:29:45+00:00\",\"author\":{\"@id\":\"https:\/\/skimo.73.jarolim.eu\/sportler\/#\/schema\/person\/89e18f4c3d09b5434dbc2dc0cefbcd30\"},\"breadcrumb\":{\"@id\":\"https:\/\/www.skimo.at\/sportler\/3350\/weltcup-marmotta-trophy-tag-3-drei-top-platzierungen-im-sprint-race-bildbericht-mit-ergebnissen\/#breadcrumb\"},\"inLanguage\":\"de\",\"potentialAction\":[{\"@type\":\"ReadAction\",\"target\":[\"https:\/\/www.skimo.at\/sportler\/3350\/weltcup-marmotta-trophy-tag-3-drei-top-platzierungen-im-sprint-race-bildbericht-mit-ergebnissen\/\"]}]},{\"@type\":\"BreadcrumbList\",\"@id\":\"https:\/\/www.skimo.at\/sportler\/3350\/weltcup-marmotta-trophy-tag-3-drei-top-platzierungen-im-sprint-race-bildbericht-mit-ergebnissen\/#breadcrumb\",\"itemListElement\":[{\"@type\":\"ListItem\",\"position\":1,\"item\":{\"@type\":\"WebPage\",\"@id\":\"https:\/\/skimo.73.jarolim.eu\/sportler\/\",\"url\":\"https:\/\/skimo.73.jarolim.eu\/sportler\/\",\"name\":\"Home\"}},{\"@type\":\"ListItem\",\"position\":2,\"item\":{\"@id\":\"https:\/\/www.skimo.at\/sportler\/3350\/weltcup-marmotta-trophy-tag-3-drei-top-platzierungen-im-sprint-race-bildbericht-mit-ergebnissen\/#webpage\"}}]},{\"@type\":\"Person\",\"@id\":\"https:\/\/skimo.73.jarolim.eu\/sportler\/#\/schema\/person\/89e18f4c3d09b5434dbc2dc0cefbcd30\",\"name\":\"aspielbuechler\",\"image\":{\"@type\":\"ImageObject\",\"@id\":\"https:\/\/skimo.73.jarolim.eu\/sportler\/#personlogo\",\"inLanguage\":\"de\",\"url\":\"https:\/\/secure.gravatar.com\/avatar\/1220d25619b41a33e4710c8b968dc56e?s=96&r=g\",\"contentUrl\":\"https:\/\/secure.gravatar.com\/avatar\/1220d25619b41a33e4710c8b968dc56e?s=96&r=g\",\"caption\":\"aspielbuechler\"},\"url\":\"https:\/\/www.skimo.at\/sportler\/author\/aspielbuechler\/\"}]}<\/script>\n<!-- \/ Yoast SEO plugin. -->","_links":{"self":[{"href":"https:\/\/www.skimo.at\/sportler\/wp-json\/wp\/v2\/posts\/3350"}],"collection":[{"href":"https:\/\/www.skimo.at\/sportler\/wp-json\/wp\/v2\/posts"}],"about":[{"href":"https:\/\/www.skimo.at\/sportler\/wp-json\/wp\/v2\/types\/post"}],"author":[{"embeddable":true,"href":"https:\/\/www.skimo.at\/sportler\/wp-json\/wp\/v2\/users\/4"}],"replies":[{"embeddable":true,"href":"https:\/\/www.skimo.at\/sportler\/wp-json\/wp\/v2\/comments?post=3350"}],"version-history":[{"count":3,"href":"https:\/\/www.skimo.at\/sportler\/wp-json\/wp\/v2\/posts\/3350\/revisions"}],"predecessor-version":[{"id":15661,"href":"https:\/\/www.skimo.at\/sportler\/wp-json\/wp\/v2\/posts\/3350\/revisions\/15661"}],"wp:featuredmedia":[{"embeddable":true,"href":"https:\/\/www.skimo.at\/sportler\/wp-json\/wp\/v2\/media\/3378"}],"wp:attachment":[{"href":"https:\/\/www.skimo.at\/sportler\/wp-json\/wp\/v2\/media?parent=3350"}],"wp:term":[{"taxonomy":"category","embeddable":true,"href":"https:\/\/www.skimo.at\/sportler\/wp-json\/wp\/v2\/categories?post=3350"},{"taxonomy":"post_tag","embeddable":true,"href":"https:\/\/www.skimo.at\/sportler\/wp-json\/wp\/v2\/tags?post=3350"}],"curies":[{"name":"wp","href":"https:\/\/api.w.org\/{rel}","templated":true}]}}