{"id":3286,"date":"2015-02-28T17:11:00","date_gmt":"2015-02-28T15:11:00","guid":{"rendered":"http:\/\/www.skimo.at\/sportler\/?p=3286"},"modified":"2021-01-05T19:28:22","modified_gmt":"2021-01-05T17:28:22","slug":"weltcup-marmotta-trophy-tag-2-das-klassische-individualrennen-bildbericht-mit-ergebnissen","status":"publish","type":"post","link":"https:\/\/www.skimo.at\/sportler\/3286\/weltcup-marmotta-trophy-tag-2-das-klassische-individualrennen-bildbericht-mit-ergebnissen\/","title":{"rendered":"Weltcup Marmotta Trophy Tag 2: das klassische Individualrennen &#8211; Bildbericht mit Ergebnissen"},"content":{"rendered":"\n<p>Zum achten Mal fand heute die Marmotta Trophy im Martelltal in S\u00fcdtirol (ITA) statt. Die vorletzte Station im Weltcup bietet durch das Setting in der Ortlergruppe, heuer perfektes Wetter und wie immer eine super anspruchsvolle Strecke ein besonderes Erlebnis f\u00fcr die \u00fcber 200 Sportler, die heute \u00fcber die Startlinie gingen.<\/p>\n\n\n\n<p>Heute am Samstag ging das Individual Rennen \u00fcber die B\u00fchne. Nach dem Start der Damen und Junioren um 9:00 Uhr gingen um 9.20 die Herren der Senioren und Espoir Klasse \u00fcber die Startlinie am entlegenen und k\u00e4lteschlotternden Talschluss. Die Streckenf\u00fchrung entsprach allen Anforderungen eines alpinen Individual Rennens: die Athleten mussten auf einer Strecke von 15 km im Wechsel vier Aufstiege (inklusive zwei intensive Tragepassagen) und drei Abfahrten von insgesamt jeweils 1.677 hm bew\u00e4ltigen. Die Damen der Klasse Senior mussten sich auf einer 1.280 hm umfassenden Strecke behaupten (ebenfalls vier Aufstiege mit zwei Tragepassagen und drei Abfahrten), die Juniorinnen erreichten nach starken 950 hm das Ziel.<\/p>\n\n\n\n<p>Die \u00f6sterreichische Teilnahme diesem Weltcup Rennen war sehr hoch, Headcoach Alexander Lugger nominierte 13 Sportler des Nationalteams, durch krankheitsbedingte Ausf\u00e4lle von <strong>Verena Streitberger (Maishofen)<\/strong>, <strong>Heidi Bernsteiner (Werfenweng)<\/strong> und <strong>Jakob Herrmann (Werfenweng)<\/strong> gingen schlie\u00dflich 10 \u00d6sterreicher mit Nationaldress ins Rennen. Zudem starteten \u00d6sterreicher aus den Landesreferaten Steiermark und Vorarlberg ebenso wie eine Mannschaft von Cross the Alps im offenen Bewerb.<\/p>\n\n\n\n<p>Ganz knapp schrammten die \u00d6sterreicher heute an zwei Medaillen vorbei. Der Vorarlberger <strong>Daniel Zugg (St. Gallenkirch)<\/strong> belegte in der Espoirklasse den vierten Rang:<\/p>\n\n\n\n<blockquote class=\"wp-block-quote\"><p><br>\u201eZwischendurch war das Rennen echt hart, durch die K\u00e4lte ist mir mein Getr\u00e4nk eingefroren, die Finger waren auch knapp dran. Trotzdem habe ich durchgebissen, denn physisch ist es mir echt super gegangen. In der letzten Abfahrt konnte ich dann sogar noch einen Platz gut machen und das Rennen somit an vierter Stelle beenden.\u201c<\/p><\/blockquote>\n\n\n\n<p>Ebenso lieferte die Salzburgerin Ina <strong>Forchthammer (St. Johann\/Pongau)<\/strong> ein gutes Rennen, lag lange an vierter Position und schaffte es schlussendlich als f\u00fcnfte der Juniorenklasse ins Ziel<em>.<\/em><\/p>\n\n\n\n<blockquote class=\"wp-block-quote\"><p><em><br><\/em>\u201eMir ist es heute wirklich gut gegangen, vor allem die flachen Abschnitte konnte ich gut nutzen und habe hier viel Zeit gut machen k\u00f6nnen. Die letzte Abfahrt war sehr schwierig, da habe ich den vierten Platz leider knapp verschenkt\u201c<\/p><\/blockquote>\n\n\n\n<p>In der allgemeinen Senior Klasse wurde das Rennen lange Zeit vom spanischen Doppelweltmeister Kilian Jornet angef\u00fchrt, verfolgt vom Franzosen William Bon Mardion. Nach st\u00e4ndigen F\u00fchrungswechseln setzte sich der brutale Abfahrer Bon Mardion schlussendlich durch und gewann in einer Laufzeit von 1:44:09 Stunden vor Jornet und Xavier Garchet (FRA).<br>F\u00fcr die \u00d6sterreicher verlief das Rennen in der Seniorklasse kaum zufriedenstellend: Als bester konnte der Osttiroler <strong>Martin Wei\u00dfkopf (Pr\u00e4graten)<\/strong> den Bewerb an 25. Position beenden:<\/p>\n\n\n\n<blockquote class=\"wp-block-quote\"><p>&nbsp;<em>\u201eDas war heute sicherlich das schlechteste Rennen meiner ganzen Saison. Ich hatte von Beginn weg sehr schwere Beine, es ging einfach gar nichts.\u201c<\/em><\/p><\/blockquote>\n\n\n\n<p><em><br><\/em>Sein Tiroler Nationalteamkollege <strong>Alex Fasser (Lermoos)<\/strong> erreichte am 38. Rang das Ziel, Philipp <strong>Brugger (Sistrans)<\/strong> als 40.<\/p>\n\n\n\n<blockquote class=\"wp-block-quote\"><p><em>&#8222;Ich hatte heute schwere Beine vom Anfang bis zum Schluss&#8220;<\/em><\/p><cite>Philipp Brugger entt\u00e4uscht nach dem Rennen.<\/cite><\/blockquote>\n\n\n\n<p>Der Osttiroler <strong>Johannes Walder (Kartitsch)<\/strong> kann bei seinem Weltcupdeb\u00fct Rang 43 vorweisen:\u00a0<\/p>\n\n\n\n<blockquote class=\"wp-block-quote\"><p>\u201eDas super schnelle Anfangstempo hat mir Probleme gemacht, alles in Allem bin ich aber f\u00fcrs erste Weltcuprennen zufrieden.\u201c<\/p><\/blockquote>\n\n\n\n<p><em><br><\/em>Ausgesprochen schlecht lief es f\u00fcr <strong>Thomas Wallner (Bischofshofen),<\/strong> der als 44. Das Rennen beendete:<\/p>\n\n\n\n<blockquote class=\"wp-block-quote\"><p>\u201eIm ersten Anstieg hatte ich keine Luft, danach ist mir der Camelbak eingefroren, zweimal habe ich das Fell verloren. Sch\u00f6ne Landschaft, schlimmes Rennen.\u201c<\/p><\/blockquote>\n\n\n\n<p><br>Der einzige Ober\u00f6sterreicher der Mannschaft, <strong>Daniel Rohringer(Gosau)<\/strong>, freute sich im Ziel nur m\u00e4\u00dfig \u00fcber die Leistung im Individual Race. Er finishte an 42. Stelle<em>:\u00a0<\/em><\/p>\n\n\n\n<blockquote class=\"wp-block-quote\"><p>\u201eGut ist das Rennen heute nicht gelaufen. Vor allem nach der zweiten Tragepassage ist mir auf den letzten H\u00f6henmetern total die Kraft ausgegangen und ich habe dadurch leider auch noch einige Pl\u00e4tze verloren.\u201c<\/p><\/blockquote>\n\n\n\n<p>Bei den Damen dominierte einmal mehr Laetitia Roux das Individual Race. Sie siegte in 1:38:52 vor Axelle Molaret (FRAU) und Amelie Forsberg (SWE). <strong>Michaela E\u00dfl (Abtenau\/Salzburg)<\/strong> beendete &nbsp;ihr erstes Weltcup Rennen nach einer fast zweij\u00e4hrigen Pause im internationalen Rennzirkus als 11.<\/p>\n\n\n\n<p>\u00d6sterreichs st\u00e4rkste Nachwuchshoffnung, <strong>Jakob Siedler (Alpbachtal\/Tirol),<\/strong> nahm in der offenen Cadetklasse am Rennen teil. Aufgrund des internationalen Reglements findet man die Cadeten beim Weltcup im Vergleich zur Welt- und Europameisterschaft nicht in der internationalen ISMF Wertung, sondern sie sind nur in der offenen Klasse dabei. Der 15-j\u00e4hrige Jakob Siedler schlug sich dabei hervorragend inmitten der italienischen Konkurrenz und siegte mit einem deutlichen Vorsprung auf seine Verfolger<em>.<\/em><\/p>\n\n\n\n<blockquote class=\"wp-block-quote\"><p><br>\u201eIm ersten Anstieg lag ich noch etwas hinten, im Vergleich zur Weltmeisterschaft, bei der ich zu fr\u00fch Gas gegeben habe, hielt ich mich heute etwas zur\u00fcck. Das war eine richtige Entscheidung, ich konnte meine Konkurrenten gut \u00fcberholen und nach einer sehr schwierigen letzten Abfahrt den Sieg souver\u00e4n ins Ziel bringen\u201c<\/p><cite>der \u00fcbergl\u00fcckliche Jakob Sieder nach dem Rennen<\/cite><\/blockquote>\n\n\n\n<p>Das Res\u00fcmee von Headcoach <strong>Alexander Lugger<\/strong> ist nach dem heutigen Renntag zweigeteilt:<\/p>\n\n\n\n<blockquote class=\"wp-block-quote\"><p><br>\u201eUnsere Nachwuchsathleten haben sehr gute Leistungen geliefert. Jakob Siedler hatte zwar nur wenig Konkurrenz, diesen ist er aber mit einem Vorsprung von XX deutlich davon gezogen. Auch Ina ist sehr gut gelaufen, Rang 4 war in Reichweite, ihr ist halt einfach die letzte, sehr schwere Abfahrt nicht mehr gelegen. Und Daniel Zugg hat heute wohl nach dem Teambewerb bei der Weltmeisterschaft, wo er gemeinsam mit Martin Wei\u00dfkopf Rang 9 erreichte, sein bestes Rennen der Saison geliefert.\u201c <\/p><\/blockquote>\n\n\n\n<p>Nicht zufrieden hingegen ist Lugger mit den Ergebnissen und R\u00fcckst\u00e4nden der Athleten in der allgenmeinen Senior Klasse.<\/p>\n\n\n\n<p>Das morgige Sprint Rennen findet im Biathlonzentrum Martell Grogg statt. Die Junioren werden als erstes (9.00 Uhr) in den Rundkurs (ein Aufstieg mit Tragepassage am Ende und eine Abfahrt zur\u00fcck ins Stadion) starten. Ab 10.00 Uhr matchen sich dann Senioren und die Espoir Klasse um die Podiumspl\u00e4tze. Wir werden Sie nat\u00fcrlich wieder \u00fcber die aktuellen Ergebnisse der \u00f6sterreichischen Mannschaft informieren.<\/p>\n\n\n\n<p>Nachfolgend die Ergebnisse der Weltcupklasse, das Ranking der offenen Klasse sollte demn\u00e4chst auf der <a href=\"http:\/\/www.marmotta-trophy.it\/marmotta_tropy\/de\/ergebnisse.php\">Webseite der Veranstalter<\/a> online gehen.<\/p>\n","protected":false},"excerpt":{"rendered":"<p>Zum achten Mal fand heute die Marmotta Trophy im Martelltal in S\u00fcdtirol (ITA) statt. Die vorletzte Station im Weltcup bietet durch das Setting in der Ortlergruppe, heuer perfektes Wetter und wie immer eine super anspruchsvolle Strecke ein besonderes Erlebnis f\u00fcr die \u00fcber 200 Sportler, die heute \u00fcber die Startlinie gingen. Heute am Samstag ging das [&hellip;]<\/p>\n","protected":false},"author":3,"featured_media":3328,"comment_status":"closed","ping_status":"closed","sticky":false,"template":"","format":"standard","meta":[],"categories":[1,9,3,7],"tags":[34,36,45,30,61,78,86,88,89,44,16,87],"yoast_head":"<!-- This site is optimized with the Yoast SEO plugin v16.3 - https:\/\/yoast.com\/wordpress\/plugins\/seo\/ -->\n<title>Weltcup Marmotta Trophy Tag 2: das klassische Individualrennen - Bildbericht mit Ergebnissen - Sportler<\/title>\n<meta name=\"robots\" content=\"index, follow, max-snippet:-1, max-image-preview:large, max-video-preview:-1\" \/>\n<link rel=\"canonical\" href=\"https:\/\/www.skimo.at\/sportler\/3286\/weltcup-marmotta-trophy-tag-2-das-klassische-individualrennen-bildbericht-mit-ergebnissen\/\" \/>\n<meta property=\"og:locale\" content=\"de_DE\" \/>\n<meta property=\"og:type\" content=\"article\" \/>\n<meta property=\"og:title\" content=\"Weltcup Marmotta Trophy Tag 2: das klassische Individualrennen - Bildbericht mit Ergebnissen - Sportler\" \/>\n<meta property=\"og:description\" content=\"Zum achten Mal fand heute die Marmotta Trophy im Martelltal in S\u00fcdtirol (ITA) statt. Die vorletzte Station im Weltcup bietet durch das Setting in der Ortlergruppe, heuer perfektes Wetter und wie immer eine super anspruchsvolle Strecke ein besonderes Erlebnis f\u00fcr die \u00fcber 200 Sportler, die heute \u00fcber die Startlinie gingen. Heute am Samstag ging das [&hellip;]\" \/>\n<meta property=\"og:url\" content=\"https:\/\/www.skimo.at\/sportler\/3286\/weltcup-marmotta-trophy-tag-2-das-klassische-individualrennen-bildbericht-mit-ergebnissen\/\" \/>\n<meta property=\"og:site_name\" content=\"Sportler\" \/>\n<meta property=\"article:published_time\" content=\"2015-02-28T15:11:00+00:00\" \/>\n<meta property=\"article:modified_time\" content=\"2021-01-05T17:28:22+00:00\" \/>\n<meta property=\"og:image\" content=\"https:\/\/skimo.73.jarolim.eu\/sportler\/files\/2015\/02\/Marmotta-Trophy-2015_Individual_74_Willi-Seebacher-LR.jpg\" \/>\n\t<meta property=\"og:image:width\" content=\"1772\" \/>\n\t<meta property=\"og:image:height\" content=\"1181\" \/>\n<meta name=\"twitter:card\" content=\"summary\" \/>\n<meta name=\"twitter:label1\" content=\"Gesch\u00e4tzte Lesezeit\">\n\t<meta name=\"twitter:data1\" content=\"5\u00a0Minuten\">\n<script type=\"application\/ld+json\" class=\"yoast-schema-graph\">{\"@context\":\"https:\/\/schema.org\",\"@graph\":[{\"@type\":\"WebSite\",\"@id\":\"https:\/\/skimo.73.jarolim.eu\/sportler\/#website\",\"url\":\"https:\/\/skimo.73.jarolim.eu\/sportler\/\",\"name\":\"Sportler\",\"description\":\"\",\"potentialAction\":[{\"@type\":\"SearchAction\",\"target\":\"https:\/\/skimo.73.jarolim.eu\/sportler\/?s={search_term_string}\",\"query-input\":\"required name=search_term_string\"}],\"inLanguage\":\"de\"},{\"@type\":\"ImageObject\",\"@id\":\"https:\/\/www.skimo.at\/sportler\/3286\/weltcup-marmotta-trophy-tag-2-das-klassische-individualrennen-bildbericht-mit-ergebnissen\/#primaryimage\",\"inLanguage\":\"de\",\"url\":\"https:\/\/www.skimo.at\/sportler\/files\/2015\/02\/Marmotta-Trophy-2015_Individual_74_Willi-Seebacher-LR.jpg\",\"contentUrl\":\"https:\/\/www.skimo.at\/sportler\/files\/2015\/02\/Marmotta-Trophy-2015_Individual_74_Willi-Seebacher-LR.jpg\",\"width\":1772,\"height\":1181},{\"@type\":\"WebPage\",\"@id\":\"https:\/\/www.skimo.at\/sportler\/3286\/weltcup-marmotta-trophy-tag-2-das-klassische-individualrennen-bildbericht-mit-ergebnissen\/#webpage\",\"url\":\"https:\/\/www.skimo.at\/sportler\/3286\/weltcup-marmotta-trophy-tag-2-das-klassische-individualrennen-bildbericht-mit-ergebnissen\/\",\"name\":\"Weltcup Marmotta Trophy Tag 2: das klassische Individualrennen - Bildbericht mit Ergebnissen - Sportler\",\"isPartOf\":{\"@id\":\"https:\/\/skimo.73.jarolim.eu\/sportler\/#website\"},\"primaryImageOfPage\":{\"@id\":\"https:\/\/www.skimo.at\/sportler\/3286\/weltcup-marmotta-trophy-tag-2-das-klassische-individualrennen-bildbericht-mit-ergebnissen\/#primaryimage\"},\"datePublished\":\"2015-02-28T15:11:00+00:00\",\"dateModified\":\"2021-01-05T17:28:22+00:00\",\"author\":{\"@id\":\"https:\/\/skimo.73.jarolim.eu\/sportler\/#\/schema\/person\/796ecbce6796efca58bf848ca63ec12c\"},\"breadcrumb\":{\"@id\":\"https:\/\/www.skimo.at\/sportler\/3286\/weltcup-marmotta-trophy-tag-2-das-klassische-individualrennen-bildbericht-mit-ergebnissen\/#breadcrumb\"},\"inLanguage\":\"de\",\"potentialAction\":[{\"@type\":\"ReadAction\",\"target\":[\"https:\/\/www.skimo.at\/sportler\/3286\/weltcup-marmotta-trophy-tag-2-das-klassische-individualrennen-bildbericht-mit-ergebnissen\/\"]}]},{\"@type\":\"BreadcrumbList\",\"@id\":\"https:\/\/www.skimo.at\/sportler\/3286\/weltcup-marmotta-trophy-tag-2-das-klassische-individualrennen-bildbericht-mit-ergebnissen\/#breadcrumb\",\"itemListElement\":[{\"@type\":\"ListItem\",\"position\":1,\"item\":{\"@type\":\"WebPage\",\"@id\":\"https:\/\/skimo.73.jarolim.eu\/sportler\/\",\"url\":\"https:\/\/skimo.73.jarolim.eu\/sportler\/\",\"name\":\"Home\"}},{\"@type\":\"ListItem\",\"position\":2,\"item\":{\"@id\":\"https:\/\/www.skimo.at\/sportler\/3286\/weltcup-marmotta-trophy-tag-2-das-klassische-individualrennen-bildbericht-mit-ergebnissen\/#webpage\"}}]},{\"@type\":\"Person\",\"@id\":\"https:\/\/skimo.73.jarolim.eu\/sportler\/#\/schema\/person\/796ecbce6796efca58bf848ca63ec12c\",\"name\":\"kposch\",\"image\":{\"@type\":\"ImageObject\",\"@id\":\"https:\/\/skimo.73.jarolim.eu\/sportler\/#personlogo\",\"inLanguage\":\"de\",\"url\":\"https:\/\/secure.gravatar.com\/avatar\/e9f5f28da60e5e563d3f4d3cc0b9b425?s=96&r=g\",\"contentUrl\":\"https:\/\/secure.gravatar.com\/avatar\/e9f5f28da60e5e563d3f4d3cc0b9b425?s=96&r=g\",\"caption\":\"kposch\"},\"url\":\"https:\/\/www.skimo.at\/sportler\/author\/kposch\/\"}]}<\/script>\n<!-- \/ Yoast SEO plugin. -->","_links":{"self":[{"href":"https:\/\/www.skimo.at\/sportler\/wp-json\/wp\/v2\/posts\/3286"}],"collection":[{"href":"https:\/\/www.skimo.at\/sportler\/wp-json\/wp\/v2\/posts"}],"about":[{"href":"https:\/\/www.skimo.at\/sportler\/wp-json\/wp\/v2\/types\/post"}],"author":[{"embeddable":true,"href":"https:\/\/www.skimo.at\/sportler\/wp-json\/wp\/v2\/users\/3"}],"replies":[{"embeddable":true,"href":"https:\/\/www.skimo.at\/sportler\/wp-json\/wp\/v2\/comments?post=3286"}],"version-history":[{"count":6,"href":"https:\/\/www.skimo.at\/sportler\/wp-json\/wp\/v2\/posts\/3286\/revisions"}],"predecessor-version":[{"id":15659,"href":"https:\/\/www.skimo.at\/sportler\/wp-json\/wp\/v2\/posts\/3286\/revisions\/15659"}],"wp:featuredmedia":[{"embeddable":true,"href":"https:\/\/www.skimo.at\/sportler\/wp-json\/wp\/v2\/media\/3328"}],"wp:attachment":[{"href":"https:\/\/www.skimo.at\/sportler\/wp-json\/wp\/v2\/media?parent=3286"}],"wp:term":[{"taxonomy":"category","embeddable":true,"href":"https:\/\/www.skimo.at\/sportler\/wp-json\/wp\/v2\/categories?post=3286"},{"taxonomy":"post_tag","embeddable":true,"href":"https:\/\/www.skimo.at\/sportler\/wp-json\/wp\/v2\/tags?post=3286"}],"curies":[{"name":"wp","href":"https:\/\/api.w.org\/{rel}","templated":true}]}}