{"id":3269,"date":"2015-02-27T21:01:46","date_gmt":"2015-02-27T19:01:46","guid":{"rendered":"http:\/\/www.skimo.at\/sportler\/?p=3269"},"modified":"2015-02-27T23:02:42","modified_gmt":"2015-02-27T21:02:42","slug":"weltcup-marmotta-trophy-tag-1-entsendung-und-erste-bilder-der-streckenbesichtigung","status":"publish","type":"post","link":"https:\/\/www.skimo.at\/sportler\/3269\/weltcup-marmotta-trophy-tag-1-entsendung-und-erste-bilder-der-streckenbesichtigung\/","title":{"rendered":"Weltcup Marmotta Trophy Tag 1: Entsendung und erste Bilder der Streckenbesichtigung"},"content":{"rendered":"<p>Die Weltmeisterschaft im Skibergsteigen ist Geschichte, nun geht\u2019s f\u00fcr die \u00f6sterreichische Nationalmannschaft wieder weiter zu den Weltcup Rennen. Nachdem die Athleten der \u00d6SV Sparte Skibergsteigen nun erfolgreich am Gro\u00dfevent in Verbier (SUI) teilgenommen haben und mit einer Medaille im Gep\u00e4ck nach Hause gekommen sind, hei\u00dft es nun erneut bei dem f\u00fcr heuer vorletzten Weltcup Wochenende noch mal ordentlich Gas geben. Das \u00f6sterreichische Nationalteam f\u00fchrt es diesmal zu einem altbekannten Rennen: zur Marmotta Trophy ins benachbarte S\u00fcdtirol (Martelltal).<\/p>\n<p>Im Jahr 2012 war die Marmotta Trophy das letzte Mal eine Weltcup Veranstaltung, nebenbei auch noch einige Male ein Bewerb im ASTC, der Elite Rennserie im deutschsprachigen Alpenraum \u2013 f\u00fcr so manchen Athleten also bereits in den letzten Jahren ein Pflichttermin. Dementsprechend umfangreich f\u00e4llt diesmal die Entsendung aus. Headcoach Alexander Lugger hat 11 Sportler f\u00fcr die Teilnahme am Weltcup Rennen nominiert.<\/p>\n<p>F\u00fcr das Bundesland Tirol stehen Martin Wei\u00dfkopf (Pr\u00e4graten), Alexander Fasser (Lermoos), Johannes Walder (Kartitsch) und Philipp Brugger (Sistrans) am Start. Der 15-j\u00e4hrige Alpbachtaler Jakob Siedler wird in der offenen Klasse teilnehmen, da ein Start in der Weltcup Klasse mit seinem Jahrgang laut Reglement noch nicht m\u00f6glich ist. Nichtsdestotrotz wird sich die \u00f6sterreichische Zukunftshoffnung bei diesem, erfahrungsgem\u00e4\u00df sehr stark besetztem, Rennen mit der Konkurrenz duellieren \u2013 und daher trotz offener Wertung ein international aussagekr\u00e4ftiges Rennen bestreiten k\u00f6nnen.<\/p>\n<p>F\u00fcr das Bundesland Salzburg sind Thomas Wallner (Bischofshofen) und Michaela Essl (Abtenau) am Start. Nach ihrer Weltcup Pause seit mehr als einem Jahr ist Michaela Essl nun bei der Marmotta Trophy erstmals wieder in der K\u00f6nigsklasse der internationalen Wettkampfszene im Skibergsteigen mit dabei. Jakob Herrmann (Werfenweng) und Heidi Bernsteiner (Piesendorf) mussten ihre Teilnahme heute kankheitsbedingt leider absagen. Um einen Stockerlplatz mitk\u00e4mpfen k\u00f6nnte diesmal wieder die 17-j\u00e4hrige Maishofenerin Verena Streitberger. Zwei Bronze Medaillen hat sie in dieser Saison schon gewonnen, eine davon im Weltcup, eine bei der Weltmeisterschaft. Mit ihr k\u00e4mpft in der Juniorenklasse Ina Forchthammer (St. Johann i. Pg.) um bestm\u00f6gliche Platzierungen f\u00fcr \u00d6sterreich.<\/p>\n<p>Ebenso ist\u00a0Daniel Zugg (St. Gallenkirch, Vorarlberg) in der Espoirklasse mit dabei , ein Top10 Platz ist f\u00fcr ihn durchaus wieder realistisch. Mit Daniel Rohringer (Gosau) ist auch ein Ober\u00f6sterreicher im internationalen Rennzirkus vertreten.<\/p>\n<p>Ein Wettkampfwochenende mit zwei verschiedenen Bewerben steht f\u00fcr die Athleten diesmal am Programm. Los geht es am Samstag 28.2.2015 mit dem Individual Race (mehrere Aufstiege inklusive Tragepassagen und Abfahrten im freien Gel\u00e4nde), am zweiten Renntag, Sonntag 1.3.2015, folgt das Sprint Race. Headcoach Alex Lugger ist guter Dinge, dass an diesem Rennwochenende f\u00fcr sein Team vieles m\u00f6glich sein kann: \u201eWir hoffen nat\u00fcrlich den ein oder anderen Top5 Platz erreichen zu k\u00f6nnen und somit die guten Ergebnisse der vergangenen Rennen und der Weltmeisterschaft zu wiederholen. Beim Sprint ist wie immer alles m\u00f6glich. Mit einem guten Lauf und etwas Gl\u00fcck kann jeder der teilnehmenden Athleten hier f\u00fcr \u00dcberraschungen sorgen, genauso mit Pech aber auch voll abst\u00fcrzen.\u201c<\/p>\n<p>F\u00fcr alle elf Teilnehmer ist es nat\u00fcrlich das oberste Ziel, an diesem Wochenende m\u00f6glichst weit vorne in den Ergebnislisten zu stehen und sich so wertvolle Weltcup Punkte f\u00fcr die Gesamtwertung zu sichern.<\/p>\n<p>Wir werden Euch nat\u00fcrlich im Laufe des Wochenendes \u00fcber die aktuellen Ergebnisse der \u00f6sterreichischen Mannschaft informieren, sobald die ersten Informationen aus Italien vorliegen.<\/p>\n","protected":false},"excerpt":{"rendered":"<p>Die Weltmeisterschaft im Skibergsteigen ist Geschichte, nun geht\u2019s f\u00fcr die \u00f6sterreichische Nationalmannschaft wieder weiter zu den Weltcup Rennen. Nachdem die Athleten der \u00d6SV Sparte Skibergsteigen nun erfolgreich am Gro\u00dfevent in Verbier (SUI) teilgenommen haben und mit einer Medaille im Gep\u00e4ck nach Hause gekommen sind, hei\u00dft es nun erneut bei dem f\u00fcr heuer vorletzten Weltcup Wochenende [&hellip;]<\/p>\n","protected":false},"author":4,"featured_media":3275,"comment_status":"closed","ping_status":"closed","sticky":false,"template":"","format":"standard","meta":[],"categories":[1,3],"tags":[],"yoast_head":"<!-- This site is optimized with the Yoast SEO plugin v16.3 - https:\/\/yoast.com\/wordpress\/plugins\/seo\/ -->\n<title>Weltcup Marmotta Trophy Tag 1: Entsendung und erste Bilder der Streckenbesichtigung - Sportler<\/title>\n<meta name=\"robots\" content=\"index, follow, max-snippet:-1, max-image-preview:large, max-video-preview:-1\" \/>\n<link rel=\"canonical\" href=\"https:\/\/www.skimo.at\/sportler\/3269\/weltcup-marmotta-trophy-tag-1-entsendung-und-erste-bilder-der-streckenbesichtigung\/\" \/>\n<meta property=\"og:locale\" content=\"de_DE\" \/>\n<meta property=\"og:type\" content=\"article\" \/>\n<meta property=\"og:title\" content=\"Weltcup Marmotta Trophy Tag 1: Entsendung und erste Bilder der Streckenbesichtigung - Sportler\" \/>\n<meta property=\"og:description\" content=\"Die Weltmeisterschaft im Skibergsteigen ist Geschichte, nun geht\u2019s f\u00fcr die \u00f6sterreichische Nationalmannschaft wieder weiter zu den Weltcup Rennen. Nachdem die Athleten der \u00d6SV Sparte Skibergsteigen nun erfolgreich am Gro\u00dfevent in Verbier (SUI) teilgenommen haben und mit einer Medaille im Gep\u00e4ck nach Hause gekommen sind, hei\u00dft es nun erneut bei dem f\u00fcr heuer vorletzten Weltcup Wochenende [&hellip;]\" \/>\n<meta property=\"og:url\" content=\"https:\/\/www.skimo.at\/sportler\/3269\/weltcup-marmotta-trophy-tag-1-entsendung-und-erste-bilder-der-streckenbesichtigung\/\" \/>\n<meta property=\"og:site_name\" content=\"Sportler\" \/>\n<meta property=\"article:published_time\" content=\"2015-02-27T19:01:46+00:00\" \/>\n<meta property=\"article:modified_time\" content=\"2015-02-27T21:02:42+00:00\" \/>\n<meta property=\"og:image\" content=\"https:\/\/skimo.73.jarolim.eu\/sportler\/files\/2015\/02\/Marmotta-Trophy_Tag-1_Breifing_Bild-Karl-Posch.jpg\" \/>\n\t<meta property=\"og:image:width\" content=\"1632\" \/>\n\t<meta property=\"og:image:height\" content=\"918\" \/>\n<meta name=\"twitter:card\" content=\"summary\" \/>\n<meta name=\"twitter:label1\" content=\"Gesch\u00e4tzte Lesezeit\">\n\t<meta name=\"twitter:data1\" content=\"3\u00a0Minuten\">\n<script type=\"application\/ld+json\" class=\"yoast-schema-graph\">{\"@context\":\"https:\/\/schema.org\",\"@graph\":[{\"@type\":\"WebSite\",\"@id\":\"https:\/\/skimo.73.jarolim.eu\/sportler\/#website\",\"url\":\"https:\/\/skimo.73.jarolim.eu\/sportler\/\",\"name\":\"Sportler\",\"description\":\"\",\"potentialAction\":[{\"@type\":\"SearchAction\",\"target\":\"https:\/\/skimo.73.jarolim.eu\/sportler\/?s={search_term_string}\",\"query-input\":\"required name=search_term_string\"}],\"inLanguage\":\"de\"},{\"@type\":\"ImageObject\",\"@id\":\"https:\/\/www.skimo.at\/sportler\/3269\/weltcup-marmotta-trophy-tag-1-entsendung-und-erste-bilder-der-streckenbesichtigung\/#primaryimage\",\"inLanguage\":\"de\",\"url\":\"https:\/\/www.skimo.at\/sportler\/files\/2015\/02\/Marmotta-Trophy_Tag-1_Breifing_Bild-Karl-Posch.jpg\",\"contentUrl\":\"https:\/\/www.skimo.at\/sportler\/files\/2015\/02\/Marmotta-Trophy_Tag-1_Breifing_Bild-Karl-Posch.jpg\",\"width\":1632,\"height\":918},{\"@type\":\"WebPage\",\"@id\":\"https:\/\/www.skimo.at\/sportler\/3269\/weltcup-marmotta-trophy-tag-1-entsendung-und-erste-bilder-der-streckenbesichtigung\/#webpage\",\"url\":\"https:\/\/www.skimo.at\/sportler\/3269\/weltcup-marmotta-trophy-tag-1-entsendung-und-erste-bilder-der-streckenbesichtigung\/\",\"name\":\"Weltcup Marmotta Trophy Tag 1: Entsendung und erste Bilder der Streckenbesichtigung - Sportler\",\"isPartOf\":{\"@id\":\"https:\/\/skimo.73.jarolim.eu\/sportler\/#website\"},\"primaryImageOfPage\":{\"@id\":\"https:\/\/www.skimo.at\/sportler\/3269\/weltcup-marmotta-trophy-tag-1-entsendung-und-erste-bilder-der-streckenbesichtigung\/#primaryimage\"},\"datePublished\":\"2015-02-27T19:01:46+00:00\",\"dateModified\":\"2015-02-27T21:02:42+00:00\",\"author\":{\"@id\":\"https:\/\/skimo.73.jarolim.eu\/sportler\/#\/schema\/person\/89e18f4c3d09b5434dbc2dc0cefbcd30\"},\"breadcrumb\":{\"@id\":\"https:\/\/www.skimo.at\/sportler\/3269\/weltcup-marmotta-trophy-tag-1-entsendung-und-erste-bilder-der-streckenbesichtigung\/#breadcrumb\"},\"inLanguage\":\"de\",\"potentialAction\":[{\"@type\":\"ReadAction\",\"target\":[\"https:\/\/www.skimo.at\/sportler\/3269\/weltcup-marmotta-trophy-tag-1-entsendung-und-erste-bilder-der-streckenbesichtigung\/\"]}]},{\"@type\":\"BreadcrumbList\",\"@id\":\"https:\/\/www.skimo.at\/sportler\/3269\/weltcup-marmotta-trophy-tag-1-entsendung-und-erste-bilder-der-streckenbesichtigung\/#breadcrumb\",\"itemListElement\":[{\"@type\":\"ListItem\",\"position\":1,\"item\":{\"@type\":\"WebPage\",\"@id\":\"https:\/\/skimo.73.jarolim.eu\/sportler\/\",\"url\":\"https:\/\/skimo.73.jarolim.eu\/sportler\/\",\"name\":\"Home\"}},{\"@type\":\"ListItem\",\"position\":2,\"item\":{\"@id\":\"https:\/\/www.skimo.at\/sportler\/3269\/weltcup-marmotta-trophy-tag-1-entsendung-und-erste-bilder-der-streckenbesichtigung\/#webpage\"}}]},{\"@type\":\"Person\",\"@id\":\"https:\/\/skimo.73.jarolim.eu\/sportler\/#\/schema\/person\/89e18f4c3d09b5434dbc2dc0cefbcd30\",\"name\":\"aspielbuechler\",\"image\":{\"@type\":\"ImageObject\",\"@id\":\"https:\/\/skimo.73.jarolim.eu\/sportler\/#personlogo\",\"inLanguage\":\"de\",\"url\":\"https:\/\/secure.gravatar.com\/avatar\/1220d25619b41a33e4710c8b968dc56e?s=96&r=g\",\"contentUrl\":\"https:\/\/secure.gravatar.com\/avatar\/1220d25619b41a33e4710c8b968dc56e?s=96&r=g\",\"caption\":\"aspielbuechler\"},\"url\":\"https:\/\/www.skimo.at\/sportler\/author\/aspielbuechler\/\"}]}<\/script>\n<!-- \/ Yoast SEO plugin. -->","_links":{"self":[{"href":"https:\/\/www.skimo.at\/sportler\/wp-json\/wp\/v2\/posts\/3269"}],"collection":[{"href":"https:\/\/www.skimo.at\/sportler\/wp-json\/wp\/v2\/posts"}],"about":[{"href":"https:\/\/www.skimo.at\/sportler\/wp-json\/wp\/v2\/types\/post"}],"author":[{"embeddable":true,"href":"https:\/\/www.skimo.at\/sportler\/wp-json\/wp\/v2\/users\/4"}],"replies":[{"embeddable":true,"href":"https:\/\/www.skimo.at\/sportler\/wp-json\/wp\/v2\/comments?post=3269"}],"version-history":[{"count":2,"href":"https:\/\/www.skimo.at\/sportler\/wp-json\/wp\/v2\/posts\/3269\/revisions"}],"predecessor-version":[{"id":3277,"href":"https:\/\/www.skimo.at\/sportler\/wp-json\/wp\/v2\/posts\/3269\/revisions\/3277"}],"wp:featuredmedia":[{"embeddable":true,"href":"https:\/\/www.skimo.at\/sportler\/wp-json\/wp\/v2\/media\/3275"}],"wp:attachment":[{"href":"https:\/\/www.skimo.at\/sportler\/wp-json\/wp\/v2\/media?parent=3269"}],"wp:term":[{"taxonomy":"category","embeddable":true,"href":"https:\/\/www.skimo.at\/sportler\/wp-json\/wp\/v2\/categories?post=3269"},{"taxonomy":"post_tag","embeddable":true,"href":"https:\/\/www.skimo.at\/sportler\/wp-json\/wp\/v2\/tags?post=3269"}],"curies":[{"name":"wp","href":"https:\/\/api.w.org\/{rel}","templated":true}]}}