{"id":3261,"date":"2015-02-26T13:09:28","date_gmt":"2015-02-26T11:09:28","guid":{"rendered":"http:\/\/www.skimo.at\/sportler\/?p=3261"},"modified":"2015-02-26T13:11:42","modified_gmt":"2015-02-26T11:11:42","slug":"skibergsteigerin-michaela-essl-fuer-die-leonidas-wahl-2015-nominiert","status":"publish","type":"post","link":"https:\/\/www.skimo.at\/sportler\/3261\/skibergsteigerin-michaela-essl-fuer-die-leonidas-wahl-2015-nominiert\/","title":{"rendered":"Skibergsteigerin Michaela Essl f\u00fcr die Leonidas-Wahl 2015 nominiert"},"content":{"rendered":"<p>Seit J\u00e4nner und noch <strong>bis zum 22.M\u00e4rz 2015<\/strong> k\u00f6nnen \u00fcber die &#8222;Salzburger Nachrichten&#8220; wieder die Salzburger Sportfavoriten rund um die Leonidas-Wahl gew\u00e4hlt werden. In der Kategorie Sportlerin ist die Skibergsteigerin Michaela Essl mit im Rennen. Daher ein Aufruf an alle Anh\u00e4nger des Tourensports: abstimmen f\u00fcr Michi!!! Die Abstimmung ist technisch einfach und l\u00e4uft im Internet unter <a href=\"http:\/\/www.salzburg.com\/leonidas\" target=\"_blank\">www.salzburg.com\/leonidas<\/a>.<\/p>\n","protected":false},"excerpt":{"rendered":"<p>Seit J\u00e4nner und noch bis zum 22.M\u00e4rz 2015 k\u00f6nnen \u00fcber die &#8222;Salzburger Nachrichten&#8220; wieder die Salzburger Sportfavoriten rund um die Leonidas-Wahl gew\u00e4hlt werden. In der Kategorie Sportlerin ist die Skibergsteigerin Michaela Essl mit im Rennen. Daher ein Aufruf an alle Anh\u00e4nger des Tourensports: abstimmen f\u00fcr Michi!!! Die Abstimmung ist technisch einfach und l\u00e4uft im Internet [&hellip;]<\/p>\n","protected":false},"author":4,"featured_media":3264,"comment_status":"closed","ping_status":"closed","sticky":false,"template":"","format":"standard","meta":[],"categories":[1,3,7],"tags":[],"yoast_head":"<!-- This site is optimized with the Yoast SEO plugin v16.3 - https:\/\/yoast.com\/wordpress\/plugins\/seo\/ -->\n<title>Skibergsteigerin Michaela Essl f\u00fcr die Leonidas-Wahl 2015 nominiert - Sportler<\/title>\n<meta name=\"robots\" content=\"index, follow, max-snippet:-1, max-image-preview:large, max-video-preview:-1\" \/>\n<link rel=\"canonical\" href=\"https:\/\/www.skimo.at\/sportler\/3261\/skibergsteigerin-michaela-essl-fuer-die-leonidas-wahl-2015-nominiert\/\" \/>\n<meta property=\"og:locale\" content=\"de_DE\" \/>\n<meta property=\"og:type\" content=\"article\" \/>\n<meta property=\"og:title\" content=\"Skibergsteigerin Michaela Essl f\u00fcr die Leonidas-Wahl 2015 nominiert - Sportler\" \/>\n<meta property=\"og:description\" content=\"Seit J\u00e4nner und noch bis zum 22.M\u00e4rz 2015 k\u00f6nnen \u00fcber die &#8222;Salzburger Nachrichten&#8220; wieder die Salzburger Sportfavoriten rund um die Leonidas-Wahl gew\u00e4hlt werden. In der Kategorie Sportlerin ist die Skibergsteigerin Michaela Essl mit im Rennen. Daher ein Aufruf an alle Anh\u00e4nger des Tourensports: abstimmen f\u00fcr Michi!!! Die Abstimmung ist technisch einfach und l\u00e4uft im Internet [&hellip;]\" \/>\n<meta property=\"og:url\" content=\"https:\/\/www.skimo.at\/sportler\/3261\/skibergsteigerin-michaela-essl-fuer-die-leonidas-wahl-2015-nominiert\/\" \/>\n<meta property=\"og:site_name\" content=\"Sportler\" \/>\n<meta property=\"article:published_time\" content=\"2015-02-26T11:09:28+00:00\" \/>\n<meta property=\"article:modified_time\" content=\"2015-02-26T11:11:42+00:00\" \/>\n<meta property=\"og:image\" content=\"https:\/\/skimo.73.jarolim.eu\/sportler\/files\/2015\/02\/start-frei-fuer-die-sn-sportlerwahl-2015-Bild-Robert-Ratzer-SN.jpg\" \/>\n\t<meta property=\"og:image:width\" content=\"1280\" \/>\n\t<meta property=\"og:image:height\" content=\"720\" \/>\n<meta name=\"twitter:card\" content=\"summary\" \/>\n<script type=\"application\/ld+json\" class=\"yoast-schema-graph\">{\"@context\":\"https:\/\/schema.org\",\"@graph\":[{\"@type\":\"WebSite\",\"@id\":\"https:\/\/skimo.73.jarolim.eu\/sportler\/#website\",\"url\":\"https:\/\/skimo.73.jarolim.eu\/sportler\/\",\"name\":\"Sportler\",\"description\":\"\",\"potentialAction\":[{\"@type\":\"SearchAction\",\"target\":\"https:\/\/skimo.73.jarolim.eu\/sportler\/?s={search_term_string}\",\"query-input\":\"required name=search_term_string\"}],\"inLanguage\":\"de\"},{\"@type\":\"ImageObject\",\"@id\":\"https:\/\/www.skimo.at\/sportler\/3261\/skibergsteigerin-michaela-essl-fuer-die-leonidas-wahl-2015-nominiert\/#primaryimage\",\"inLanguage\":\"de\",\"url\":\"https:\/\/www.skimo.at\/sportler\/files\/2015\/02\/start-frei-fuer-die-sn-sportlerwahl-2015-Bild-Robert-Ratzer-SN.jpg\",\"contentUrl\":\"https:\/\/www.skimo.at\/sportler\/files\/2015\/02\/start-frei-fuer-die-sn-sportlerwahl-2015-Bild-Robert-Ratzer-SN.jpg\",\"width\":1280,\"height\":720},{\"@type\":\"WebPage\",\"@id\":\"https:\/\/www.skimo.at\/sportler\/3261\/skibergsteigerin-michaela-essl-fuer-die-leonidas-wahl-2015-nominiert\/#webpage\",\"url\":\"https:\/\/www.skimo.at\/sportler\/3261\/skibergsteigerin-michaela-essl-fuer-die-leonidas-wahl-2015-nominiert\/\",\"name\":\"Skibergsteigerin Michaela Essl f\\u00fcr die Leonidas-Wahl 2015 nominiert - Sportler\",\"isPartOf\":{\"@id\":\"https:\/\/skimo.73.jarolim.eu\/sportler\/#website\"},\"primaryImageOfPage\":{\"@id\":\"https:\/\/www.skimo.at\/sportler\/3261\/skibergsteigerin-michaela-essl-fuer-die-leonidas-wahl-2015-nominiert\/#primaryimage\"},\"datePublished\":\"2015-02-26T11:09:28+00:00\",\"dateModified\":\"2015-02-26T11:11:42+00:00\",\"author\":{\"@id\":\"https:\/\/skimo.73.jarolim.eu\/sportler\/#\/schema\/person\/89e18f4c3d09b5434dbc2dc0cefbcd30\"},\"breadcrumb\":{\"@id\":\"https:\/\/www.skimo.at\/sportler\/3261\/skibergsteigerin-michaela-essl-fuer-die-leonidas-wahl-2015-nominiert\/#breadcrumb\"},\"inLanguage\":\"de\",\"potentialAction\":[{\"@type\":\"ReadAction\",\"target\":[\"https:\/\/www.skimo.at\/sportler\/3261\/skibergsteigerin-michaela-essl-fuer-die-leonidas-wahl-2015-nominiert\/\"]}]},{\"@type\":\"BreadcrumbList\",\"@id\":\"https:\/\/www.skimo.at\/sportler\/3261\/skibergsteigerin-michaela-essl-fuer-die-leonidas-wahl-2015-nominiert\/#breadcrumb\",\"itemListElement\":[{\"@type\":\"ListItem\",\"position\":1,\"item\":{\"@type\":\"WebPage\",\"@id\":\"https:\/\/skimo.73.jarolim.eu\/sportler\/\",\"url\":\"https:\/\/skimo.73.jarolim.eu\/sportler\/\",\"name\":\"Home\"}},{\"@type\":\"ListItem\",\"position\":2,\"item\":{\"@id\":\"https:\/\/www.skimo.at\/sportler\/3261\/skibergsteigerin-michaela-essl-fuer-die-leonidas-wahl-2015-nominiert\/#webpage\"}}]},{\"@type\":\"Person\",\"@id\":\"https:\/\/skimo.73.jarolim.eu\/sportler\/#\/schema\/person\/89e18f4c3d09b5434dbc2dc0cefbcd30\",\"name\":\"aspielbuechler\",\"image\":{\"@type\":\"ImageObject\",\"@id\":\"https:\/\/skimo.73.jarolim.eu\/sportler\/#personlogo\",\"inLanguage\":\"de\",\"url\":\"https:\/\/secure.gravatar.com\/avatar\/1220d25619b41a33e4710c8b968dc56e?s=96&r=g\",\"contentUrl\":\"https:\/\/secure.gravatar.com\/avatar\/1220d25619b41a33e4710c8b968dc56e?s=96&r=g\",\"caption\":\"aspielbuechler\"},\"url\":\"https:\/\/www.skimo.at\/sportler\/author\/aspielbuechler\/\"}]}<\/script>\n<!-- \/ Yoast SEO plugin. -->","_links":{"self":[{"href":"https:\/\/www.skimo.at\/sportler\/wp-json\/wp\/v2\/posts\/3261"}],"collection":[{"href":"https:\/\/www.skimo.at\/sportler\/wp-json\/wp\/v2\/posts"}],"about":[{"href":"https:\/\/www.skimo.at\/sportler\/wp-json\/wp\/v2\/types\/post"}],"author":[{"embeddable":true,"href":"https:\/\/www.skimo.at\/sportler\/wp-json\/wp\/v2\/users\/4"}],"replies":[{"embeddable":true,"href":"https:\/\/www.skimo.at\/sportler\/wp-json\/wp\/v2\/comments?post=3261"}],"version-history":[{"count":3,"href":"https:\/\/www.skimo.at\/sportler\/wp-json\/wp\/v2\/posts\/3261\/revisions"}],"predecessor-version":[{"id":3268,"href":"https:\/\/www.skimo.at\/sportler\/wp-json\/wp\/v2\/posts\/3261\/revisions\/3268"}],"wp:featuredmedia":[{"embeddable":true,"href":"https:\/\/www.skimo.at\/sportler\/wp-json\/wp\/v2\/media\/3264"}],"wp:attachment":[{"href":"https:\/\/www.skimo.at\/sportler\/wp-json\/wp\/v2\/media?parent=3261"}],"wp:term":[{"taxonomy":"category","embeddable":true,"href":"https:\/\/www.skimo.at\/sportler\/wp-json\/wp\/v2\/categories?post=3261"},{"taxonomy":"post_tag","embeddable":true,"href":"https:\/\/www.skimo.at\/sportler\/wp-json\/wp\/v2\/tags?post=3261"}],"curies":[{"name":"wp","href":"https:\/\/api.w.org\/{rel}","templated":true}]}}