{"id":3219,"date":"2015-02-12T17:05:14","date_gmt":"2015-02-12T15:05:14","guid":{"rendered":"http:\/\/www.skimo.at\/sportler\/?p=3219"},"modified":"2021-01-05T19:24:35","modified_gmt":"2021-01-05T17:24:35","slug":"weltmeisterschaft-verbier-tag-8-platz-5-in-der-herrenstaffel-jugendstaffel-ehrenvoll-im-abschlussbewerb","status":"publish","type":"post","link":"https:\/\/www.skimo.at\/sportler\/3219\/weltmeisterschaft-verbier-tag-8-platz-5-in-der-herrenstaffel-jugendstaffel-ehrenvoll-im-abschlussbewerb\/","title":{"rendered":"Weltmeisterschaft Verbier Tag 8: Platz 5 in der Herrenstaffel, Jugendstaffel ehrenvoll im Abschlussbewerb"},"content":{"rendered":"<p>Als Abschlussbewerb der WM der Skibergsteiger in Verbier (SUI) wurde heute das Staffelrennen veranstaltet. Auf einer kurzen Wettkampfstrecke mit allen Elementen des Skibergsteigens treten in dieser wohl spannendsten Disziplin bei den Herren 4er Staffeln und in der Jugend und bei den Damen 3er Staffeln an, wobei bei den Jugendstaffeln mindestens ein M\u00e4dchen am Start sein muss. Das Rennen fand heute wieder im Tal statt, am selben Ort, an dem\u00a0die WM letzte Woche begonnen hatte, n\u00e4mlich am Gel\u00e4nde des Sprintrennens. Die Begeisterung der Bev\u00f6lkerung rundherum war heute wieder sensationell, sowohl auf der Strecke als auch im Ziel wurden die Athleten von ersten bis zum letzten voll angefeuert- nat\u00fcrlich eine wahnsinns Motivation f\u00fcr alle Teilnehmer, ob Jugend oder Senior. Ein gro\u00dfer Vorteil war heute wieder, dass die gesamt Strecke einsehbar war. Die Positionsk\u00e4mpfe an den vordersten R\u00e4ngen &#8211; und das waren nicht wenig, auch bei den \u00d6sterreichern &#8211; konnten durchgehend mitverfolgt werden.<\/p>\n<p>F\u00fcr \u00d6sterreich gingen heute jeweils eine Jugend- und eine Herrenstaffel an den Start, wobei die ambitionierte Jugendstaffel die einzige im Feld war, die 2 M\u00e4dchen ins Rennen schickte. Ein taktischer Nachteil, aber allemal ein Zeichen f\u00fcr die St\u00e4rke unserer Jung-Athletinnen. Die Staffel ging in der Reihenfolge <strong>Ina Forchthammer (18, St. Johann\/Salzburg), Jakob Siedler (15, Alpbach\/Tirol)<\/strong> und <strong>Verena Streitberger (17, Maishofen\/Salzburg) <\/strong>ins Rennen.<strong> Ina Forchthammer<\/strong>\u00a0 startete als erste ins Rennen und legte einen guten Lauf hin. Enorm stark lief heute <strong>Jakob Siedler<\/strong>, er schaffte bei seinen gleichaltrigen Cadet-Kollegen die drittbeste Zeit:<\/p>\n<blockquote><p><em>\u201eHeute bin ich ohne Erwartungen ins Rennen gegangen und es hat gut geklappt, ich bin mit meinem Lauf doch recht zufrieden.\u201c<\/em><\/p><\/blockquote>\n<p>Gegen die Konkurrenz der m\u00e4nnlichen Athleten der Juniorenklasse hatte die dritte Starterin <strong>Verena Streitberger<\/strong>\u00a0nat\u00fcrlich keine Chance, sie beendete aber trotzdem tapfer und mit einer guten Zeit die Runde. F\u00fcr die drei Athleten diente die heutige Staffel zu Trainingszwecken, denn dass eine Gruppe bestehend aus zwei Damen und einem Herren gegen die anderen Nationen mit zwei Herren und einer Dame keine Chance hat, war von Anfang an klar, mit einem f\u00fcnften Rang bei den startenden f\u00fcnf Staffeln hat daher jeder gerechnet. Dabei sind die \u00d6sterreichischen Jungathleten dann sogar noch auf Rang vier vorger\u00fcckt, denn die Schweizer wurden aufgrund eines ausgelassenen Tores bei der Abfahrt disqualifiziert.\u00a0Der Sieg ging an die favorisierten Italienerinnen\u00a0Alba de Silvestro \/ Andrea Prandi \/ Davide Magnini in 30:10 Minuten, die Pl\u00e4tze gingen an Frankreich und Spanien.<\/p>\n<p>Das Damenrennen dominierte wenig \u00fcberraschend die franz\u00f6sische Equipe. Das Team Axelle Mollaret \/ Marion Maneglia \/ Laetitia Roux fuhr den Sieg in 32:06 Minuten ein, gefolgt von den Damen aus der Schweiz und Spanien.<\/p>\n<p>Hei\u00df zur Sache ging es bei den Herrenstaffeln. William Bion Mardion (FRA) lief als erster bei den Franzosen ein gewaltig starkes Rennen und holte f\u00fcr seine Mannschaft einen gro\u00dfen Vorsprung heraus. Hart war der Kampf an den folgenden Positionen. Und dabei eine Sensation f\u00fcr \u00d6sterreich: <strong>Martin Wei\u00dfkopf<\/strong>\u00a0<strong>(Pr\u00e4graten\/Tirol)<\/strong> kam nahezu zeitgleich mit Sepp Rottmoser (GER) zur \u00dcbergabe in den Start-\/Zielbereich. \u00d6sterreich schien als dritter in der Liste auf, ein harter Brocken kam auf den zweiten Athleten der Staffel, <strong>Tom Wallner\u00a0(Bischofshofen\/Salzburg)<\/strong> zu. Er musste die Zeit so gut es ging halten. Der Vorsprung auf seine Verfolger (Lenzi, ITA und Ecoeur, SUI) betrug acht Sekunden, Cornelius Unger (GER) startete zeitgleich mit ihm weg. Tom \u00fcberholte gleich zu Beginn Unger und lag doch einige Zeit im ersten Anstieg an zweiter Stelle, bis ihn Lenzi und Ecoeur \u00fcberholten.<strong> Daniel Rohringer\u00a0(Gosau\/Ober\u00f6sterreich)<\/strong> konnte als dritter Starter der \u00d6sterreicher noch gut die Zeit halten und ging an f\u00fcnfter Position ins Rennen. Denn inzwischen hatte sich auch die spanische Staffel eingemischt und Rang vier eingenommen, zwischen Deutschland und \u00d6sterreich herrschte damit ab jetzt zwischen <strong>Daniel Rohringer<\/strong> und Toni Lautenbacher ein Kampf um Rang 5 und dadurch um den Platz am Podium der Siegerehrung. Toni kam knapp vor Daniel in Ziel, \u00d6sterreich damit vorl\u00e4ufig auf sechster Stelle. In der letzten Runde schickten die Nationen nat\u00fcrlich nun noch ihre Joker ins Rennen, <strong>Jakob Herrmann\u00a0(Werfenweng\/Salzburg) <\/strong>trat dabei gegen Kilian Jornet und Toni Palzer an. W\u00e4hrend die ersten drei Mannschaften harte Duelle mit nur ganz geringen Abst\u00e4nden auf der letzten Runde durchfochten, ging Kilian Jornet ein solides Rennen f\u00fcr Spanien, gefolgt von Toni Palzer hinter ihm und dann ganz knapp dahinter <strong>Jakob Herrmann<\/strong>. Jakob lie\u00df sich von Toni nicht abh\u00e4ngen \u2013 zum Gl\u00fcck! Denn Palzer st\u00fcrzte in der Abfahrt, <strong>Jakob Herrmann<\/strong> konnte in den gewonnenen Sekunden \u00fcberholen und somit Platz 5 (37:25 Minuten) f\u00fcr \u00d6sterreich ins Ziel fahren.<\/p>\n<p>Mit ein Grund f\u00fcr den Erfolg war wohl auch der super Servicemann des Teams. <strong>Daniel Zugg<\/strong> war heute in der Betreuerrolle seiner Teamkollegen und pr\u00e4parierte ihre Ski perfekt \u2013 Material, Leistung und auch Gl\u00fcck haben heute grandios zusammengespielt.<\/p>\n<p>Noch ein Detail am Rande:\u00a0nicht nur aufgrund der Positionsk\u00e4mpfe war es ein Zittern bis zuletzt: Wei\u00dfkopf und Wallner haben sich ganz am Ende der gekennzeichneten Zone ber\u00fchrt um zu \u00fcbergeben. Ein Zielfoto hat erst nach dem Bewerb entschieden, dass es sich um rund 20 cm noch ausgegangen ist, ansonsten h\u00e4tte eine Strafe gedroht und damit ev. der Verlust des f\u00fcnften Ranges.. aber das Gl\u00fcck war damit heute definitiv endlich auf \u00f6sterreichischer Seite.<\/p>\n<p><strong>Die Kommentare im Ziel:<\/strong><\/p>\n<p><strong>Martin Weisskopf:<\/strong> \u201c<em>War ein perfektes Rennen heute, alles ideal gelaufen, h\u00e4tte nicht besser laufen k\u00f6nnen.\u201d<br \/>\n<\/em><strong>Thomas Wallner:<\/strong> <em>\u201eIch bin super weggekommen, habe um jede Sekunde gek\u00e4mpft. Eins der besten Rennen meiner Karriere!\u201c<br \/>\n<\/em><strong>Daniel Rohringer:<\/strong> <em>\u201e Ein super Rennen mit wunderbarer Stimmung. Ich konnte vor allem in den Tragepassagen punkten und auf den Abfahrten.\u201c<br \/>\n<\/em><strong>Jakob Herrmann:<\/strong> <em>\u201eWas f\u00fcr ein Rennen! Ich habe nicht nachgegeben und lie\u00df mich von Palzer nicht absch\u00fctteln. Ich hoffe, dass ihm beim Sturz nichts passiert ist, aber bin \u00fcbergl\u00fccklich, den 5. Rang eingefahren zu haben!\u201c<\/em><\/p>\n<p><strong>Alexander Lugger<\/strong> war als Headcoach bei allen Entscheidungen auf dem engen Raum der Staffel-Strecke live dabei. Mit den abschlie\u00dfenden Leistungen der \u00d6sterreichischen Athleten ist er sehr zufrieden:<\/p>\n<blockquote>\n<p style=\"padding-left: 30px\"><em>\u201eBei der Jugendstaffel war durch die Zusammensetzung mit 2 M\u00e4dchen und einem Burschen klar, dass wir praktisch chancenlos sind. Was die drei dann trotzdem geleistet haben, verdient h\u00f6chsten Respekt. Bei der Herrenstaffel ist das Abschneiden nach der intensiven Woche eine absolute Sensation. Mit extremem Kampfgeist haben sich unsere Burschen den 5. Platz in der absoluten Weltspitze erarbeitet. Das ist der Weg in die Zukunft.&#8220;<\/em><\/p>\n<\/blockquote>\n<p>Mit einem L\u00e4cheln f\u00fcgt er in Hinblick auf die Pechserie am Beginn der WM Woche hinzu:<\/p>\n<blockquote>\n<p style=\"padding-left: 30px\"><em>\u201eGerne blieben wir noch eine Woche in Verbier, unsere Sportler werden ja jeden Tag besser.\u201c<\/em><\/p>\n<\/blockquote>\n<p>In der Nationenwertung landete \u00d6sterreich unter Ber\u00fccksichtigung aller Bewerbe mit 478 Punkten auf Rang 6 und wurde damit gegen\u00fcber der EM 2014 von Deutschland (505 Punkte) \u00fcberholt. <strong>Karl Posch<\/strong> als sportlicher Leiter der Sparte Skibergsteigen im \u00d6SV freut sich dennoch \u00fcber das Gesamtergebnis:<\/p>\n<blockquote>\n<p style=\"padding-left: 30px\"><em>\u201eWir haben gezeigt, dass die Aufbruchsstimmung im \u00d6sterreichischen Skibergsteigen nach der Integration in den \u00d6SV enorm ist. Die Leistungen im Kader und vor allem bei den Jugendlichen waren auf Top-Niveau und sind eine Basis f\u00fcr die bereits begonnene Aufbauarbeit. Unsere Athleten haben hervorragende Leistungen gezeigt. Die Jugend ist unser Kapital und wir werden f\u00fcr die Zukunft besonderes Augenmerk auf den Nachwuchs richten.&#8220;\u00a0<\/em><\/p>\n<\/blockquote>\n<p>Und erg\u00e4nzend zur in Verbier viel diskutierten Nationenwertung:<\/p>\n<blockquote>\n<p style=\"padding-left: 30px\"><em>\u201eDiese Quotenregelung der Top-Nationen muss zweifellos \u00fcberarbeitet werden. Wenn die Italiener und Franzosen dreimal so viele Athleten in die Rennen schicken d\u00fcrfen als wir, dann ist das keine Chancengleichheit. Dass wir als Au\u00dfenseiter trotzdem punkten k\u00f6nnen, haben wir in dieser Woche eindrucksvoll bewiesen.\u201c<\/em><\/p>\n<\/blockquote>\n<p>Nun geht\u2019s f\u00fcr die Mannschaft noch zur Siegerehrung, bevor morgen die lange Reise nach Hause am Programm steht. Aber mit den Leistungen\u00a0der letzten Tage l\u00e4sst sich diese recht leicht antreten.<\/p>\n<p><a href=\"http:\/\/ismf-ski.org\/www\/node\/205\">Hier der Link zur abschlie\u00dfenden Nationenwertung der ISMF<\/a>.<\/p>\n<p>Danke an alle, die w\u00e4hrend der WM so brav unsere Berichte gelesen und Daumen gehalten haben!<\/p>\n","protected":false},"excerpt":{"rendered":"<p>Als Abschlussbewerb der WM der Skibergsteiger in Verbier (SUI) wurde heute das Staffelrennen veranstaltet. Auf einer kurzen Wettkampfstrecke mit allen Elementen des Skibergsteigens treten in dieser wohl spannendsten Disziplin bei den Herren 4er Staffeln und in der Jugend und bei den Damen 3er Staffeln an, wobei bei den Jugendstaffeln mindestens ein M\u00e4dchen am Start sein [&hellip;]<\/p>\n","protected":false},"author":4,"featured_media":3251,"comment_status":"closed","ping_status":"closed","sticky":false,"template":"","format":"standard","meta":[],"categories":[1,9,3,7],"tags":[73,85,79,54,82,76,45,13,78,49,84,83,37,74,44,16,47,52,75,40,66],"yoast_head":"<!-- This site is optimized with the Yoast SEO plugin v16.3 - https:\/\/yoast.com\/wordpress\/plugins\/seo\/ -->\n<title>Weltmeisterschaft Verbier Tag 8: Platz 5 in der Herrenstaffel, Jugendstaffel ehrenvoll im Abschlussbewerb - Sportler<\/title>\n<meta name=\"robots\" content=\"index, follow, max-snippet:-1, max-image-preview:large, max-video-preview:-1\" \/>\n<link rel=\"canonical\" href=\"https:\/\/www.skimo.at\/sportler\/3219\/weltmeisterschaft-verbier-tag-8-platz-5-in-der-herrenstaffel-jugendstaffel-ehrenvoll-im-abschlussbewerb\/\" \/>\n<meta property=\"og:locale\" content=\"de_DE\" \/>\n<meta property=\"og:type\" content=\"article\" \/>\n<meta property=\"og:title\" content=\"Weltmeisterschaft Verbier Tag 8: Platz 5 in der Herrenstaffel, Jugendstaffel ehrenvoll im Abschlussbewerb - Sportler\" \/>\n<meta property=\"og:description\" content=\"Als Abschlussbewerb der WM der Skibergsteiger in Verbier (SUI) wurde heute das Staffelrennen veranstaltet. Auf einer kurzen Wettkampfstrecke mit allen Elementen des Skibergsteigens treten in dieser wohl spannendsten Disziplin bei den Herren 4er Staffeln und in der Jugend und bei den Damen 3er Staffeln an, wobei bei den Jugendstaffeln mindestens ein M\u00e4dchen am Start sein [&hellip;]\" \/>\n<meta property=\"og:url\" content=\"https:\/\/www.skimo.at\/sportler\/3219\/weltmeisterschaft-verbier-tag-8-platz-5-in-der-herrenstaffel-jugendstaffel-ehrenvoll-im-abschlussbewerb\/\" \/>\n<meta property=\"og:site_name\" content=\"Sportler\" \/>\n<meta property=\"article:published_time\" content=\"2015-02-12T15:05:14+00:00\" \/>\n<meta property=\"article:modified_time\" content=\"2021-01-05T17:24:35+00:00\" \/>\n<meta property=\"og:image\" content=\"https:\/\/skimo.73.jarolim.eu\/sportler\/files\/2015\/02\/World-Championships-Verbier-2015_Relay_Gruppenbild-1_Photo-Willi-Seebacher-LR.jpg\" \/>\n\t<meta property=\"og:image:width\" content=\"1772\" \/>\n\t<meta property=\"og:image:height\" content=\"1181\" \/>\n<meta name=\"twitter:card\" content=\"summary\" \/>\n<meta name=\"twitter:label1\" content=\"Gesch\u00e4tzte Lesezeit\">\n\t<meta name=\"twitter:data1\" content=\"7\u00a0Minuten\">\n<script type=\"application\/ld+json\" class=\"yoast-schema-graph\">{\"@context\":\"https:\/\/schema.org\",\"@graph\":[{\"@type\":\"WebSite\",\"@id\":\"https:\/\/skimo.73.jarolim.eu\/sportler\/#website\",\"url\":\"https:\/\/skimo.73.jarolim.eu\/sportler\/\",\"name\":\"Sportler\",\"description\":\"\",\"potentialAction\":[{\"@type\":\"SearchAction\",\"target\":\"https:\/\/skimo.73.jarolim.eu\/sportler\/?s={search_term_string}\",\"query-input\":\"required name=search_term_string\"}],\"inLanguage\":\"de\"},{\"@type\":\"ImageObject\",\"@id\":\"https:\/\/www.skimo.at\/sportler\/3219\/weltmeisterschaft-verbier-tag-8-platz-5-in-der-herrenstaffel-jugendstaffel-ehrenvoll-im-abschlussbewerb\/#primaryimage\",\"inLanguage\":\"de\",\"url\":\"https:\/\/www.skimo.at\/sportler\/files\/2015\/02\/World-Championships-Verbier-2015_Relay_Gruppenbild-1_Photo-Willi-Seebacher-LR.jpg\",\"contentUrl\":\"https:\/\/www.skimo.at\/sportler\/files\/2015\/02\/World-Championships-Verbier-2015_Relay_Gruppenbild-1_Photo-Willi-Seebacher-LR.jpg\",\"width\":1772,\"height\":1181},{\"@type\":\"WebPage\",\"@id\":\"https:\/\/www.skimo.at\/sportler\/3219\/weltmeisterschaft-verbier-tag-8-platz-5-in-der-herrenstaffel-jugendstaffel-ehrenvoll-im-abschlussbewerb\/#webpage\",\"url\":\"https:\/\/www.skimo.at\/sportler\/3219\/weltmeisterschaft-verbier-tag-8-platz-5-in-der-herrenstaffel-jugendstaffel-ehrenvoll-im-abschlussbewerb\/\",\"name\":\"Weltmeisterschaft Verbier Tag 8: Platz 5 in der Herrenstaffel, Jugendstaffel ehrenvoll im Abschlussbewerb - Sportler\",\"isPartOf\":{\"@id\":\"https:\/\/skimo.73.jarolim.eu\/sportler\/#website\"},\"primaryImageOfPage\":{\"@id\":\"https:\/\/www.skimo.at\/sportler\/3219\/weltmeisterschaft-verbier-tag-8-platz-5-in-der-herrenstaffel-jugendstaffel-ehrenvoll-im-abschlussbewerb\/#primaryimage\"},\"datePublished\":\"2015-02-12T15:05:14+00:00\",\"dateModified\":\"2021-01-05T17:24:35+00:00\",\"author\":{\"@id\":\"https:\/\/skimo.73.jarolim.eu\/sportler\/#\/schema\/person\/89e18f4c3d09b5434dbc2dc0cefbcd30\"},\"breadcrumb\":{\"@id\":\"https:\/\/www.skimo.at\/sportler\/3219\/weltmeisterschaft-verbier-tag-8-platz-5-in-der-herrenstaffel-jugendstaffel-ehrenvoll-im-abschlussbewerb\/#breadcrumb\"},\"inLanguage\":\"de\",\"potentialAction\":[{\"@type\":\"ReadAction\",\"target\":[\"https:\/\/www.skimo.at\/sportler\/3219\/weltmeisterschaft-verbier-tag-8-platz-5-in-der-herrenstaffel-jugendstaffel-ehrenvoll-im-abschlussbewerb\/\"]}]},{\"@type\":\"BreadcrumbList\",\"@id\":\"https:\/\/www.skimo.at\/sportler\/3219\/weltmeisterschaft-verbier-tag-8-platz-5-in-der-herrenstaffel-jugendstaffel-ehrenvoll-im-abschlussbewerb\/#breadcrumb\",\"itemListElement\":[{\"@type\":\"ListItem\",\"position\":1,\"item\":{\"@type\":\"WebPage\",\"@id\":\"https:\/\/skimo.73.jarolim.eu\/sportler\/\",\"url\":\"https:\/\/skimo.73.jarolim.eu\/sportler\/\",\"name\":\"Home\"}},{\"@type\":\"ListItem\",\"position\":2,\"item\":{\"@id\":\"https:\/\/www.skimo.at\/sportler\/3219\/weltmeisterschaft-verbier-tag-8-platz-5-in-der-herrenstaffel-jugendstaffel-ehrenvoll-im-abschlussbewerb\/#webpage\"}}]},{\"@type\":\"Person\",\"@id\":\"https:\/\/skimo.73.jarolim.eu\/sportler\/#\/schema\/person\/89e18f4c3d09b5434dbc2dc0cefbcd30\",\"name\":\"aspielbuechler\",\"image\":{\"@type\":\"ImageObject\",\"@id\":\"https:\/\/skimo.73.jarolim.eu\/sportler\/#personlogo\",\"inLanguage\":\"de\",\"url\":\"https:\/\/secure.gravatar.com\/avatar\/1220d25619b41a33e4710c8b968dc56e?s=96&r=g\",\"contentUrl\":\"https:\/\/secure.gravatar.com\/avatar\/1220d25619b41a33e4710c8b968dc56e?s=96&r=g\",\"caption\":\"aspielbuechler\"},\"url\":\"https:\/\/www.skimo.at\/sportler\/author\/aspielbuechler\/\"}]}<\/script>\n<!-- \/ Yoast SEO plugin. -->","_links":{"self":[{"href":"https:\/\/www.skimo.at\/sportler\/wp-json\/wp\/v2\/posts\/3219"}],"collection":[{"href":"https:\/\/www.skimo.at\/sportler\/wp-json\/wp\/v2\/posts"}],"about":[{"href":"https:\/\/www.skimo.at\/sportler\/wp-json\/wp\/v2\/types\/post"}],"author":[{"embeddable":true,"href":"https:\/\/www.skimo.at\/sportler\/wp-json\/wp\/v2\/users\/4"}],"replies":[{"embeddable":true,"href":"https:\/\/www.skimo.at\/sportler\/wp-json\/wp\/v2\/comments?post=3219"}],"version-history":[{"count":7,"href":"https:\/\/www.skimo.at\/sportler\/wp-json\/wp\/v2\/posts\/3219\/revisions"}],"predecessor-version":[{"id":15657,"href":"https:\/\/www.skimo.at\/sportler\/wp-json\/wp\/v2\/posts\/3219\/revisions\/15657"}],"wp:featuredmedia":[{"embeddable":true,"href":"https:\/\/www.skimo.at\/sportler\/wp-json\/wp\/v2\/media\/3251"}],"wp:attachment":[{"href":"https:\/\/www.skimo.at\/sportler\/wp-json\/wp\/v2\/media?parent=3219"}],"wp:term":[{"taxonomy":"category","embeddable":true,"href":"https:\/\/www.skimo.at\/sportler\/wp-json\/wp\/v2\/categories?post=3219"},{"taxonomy":"post_tag","embeddable":true,"href":"https:\/\/www.skimo.at\/sportler\/wp-json\/wp\/v2\/tags?post=3219"}],"curies":[{"name":"wp","href":"https:\/\/api.w.org\/{rel}","templated":true}]}}