{"id":3189,"date":"2015-02-11T16:31:21","date_gmt":"2015-02-11T14:31:21","guid":{"rendered":"http:\/\/www.skimo.at\/sportler\/?p=3189"},"modified":"2021-01-05T19:23:21","modified_gmt":"2021-01-05T17:23:21","slug":"weltmeisterschaft-verbier-tag-7-ueberraschend-platz-9-und-17-im-team-bewerb","status":"publish","type":"post","link":"https:\/\/www.skimo.at\/sportler\/3189\/weltmeisterschaft-verbier-tag-7-ueberraschend-platz-9-und-17-im-team-bewerb\/","title":{"rendered":"Weltmeisterschaft Verbier Tag 7: \u00fcberraschend Platz 9 und 17 im Team Bewerb"},"content":{"rendered":"<p>Die \u00e4lteste Disziplin der Wettkampf-Skibergsteiger, das 2er Teamrennen, wurde heute in Verbier am vorletzten Tag der WM der Skibergsteiger veranstaltet. Die Veranstalter haben offenbar das gute Wetter gepachtet, denn auch heute strahlte die Sonne vom wolkenlosen Himmel, als 37 Herrenteams und 19 Damenteams auf die 2.290 H\u00f6henmeter messende Rennstrecke starteten. Die 5\u00a0Anstiege, 5\u00a0Abfahrten und 2\u00a0extrem lange Tragepassagen umfassende Strecke wurde bei den Herren am Schnellsten vom Italienischen Duo Matteo Eydallin\/Damiano Lenzi in 2:10:47 Stunden bew\u00e4ltigt, auf den Pl\u00e4tzen folgten Roberto Antoniolli\/Michele Boscachi (ITA) in 2:12:20 Stunden und Xavier Gachet\/Wiliam Bon Mardion (FRA) in 2:13:25 Stunden.<\/p>\n<p>Bei den Damen siegte auf einer 2.020 H\u00f6henmeter umfassenden Strecke das haushoch favorisierte franz\u00f6sische Team Axelle Mollaret\/Laetitia Roux in 2:28:52 Stunden vor Maude Mathys\/Severine Pont Combe (SUI) in 2:32:45 Stunden und Marta Riba Carlos\/Mireia Miro Varela (ESP) in 2:36:40 Stunden<\/p>\n<p>Nach den Ausf\u00e4llen von <strong>Alex Fasser (Lermoos\/Tirol) <\/strong>und <strong>Armin Neurauter (K\u00fchtai\/Tirol) <\/strong>\u2013 bei ihm hatte sich leider der Verdacht auf B\u00e4nderriss best\u00e4tigt, er wurde bereits am Mittwoch in der Innsbrucker Klinik operiert \u2013 gingen f\u00fcr \u00d6sterreich nur 2 Herrenteams an den Start. Die kleine Rumpfmannschaft sorgte jedoch mit perfekten L\u00e4ufen f\u00fcr unerwartete Top-Platzierungen. Ein Bravo an unsere 4 Helden, sie haben heute bis zum Umfallen gek\u00e4mpft!<\/p>\n<p><strong>\u00a0<\/strong><\/p>\n<p><strong>Martin Weisskopf (Pr\u00e4graten\/Tirol)<\/strong> startete zusammen mit <strong>Daniel Zugg (St. Gallenkirch\/Vorarlberg)<\/strong> ins Rennen. Den beiden gelang ein technisch und taktisch herausragender \u00a0Lauf. W\u00e4hrend des gesamten sehr schwierigen Rennens konnten sich die beiden um die 12. Stelle behaupten. Im Rennverlauf lief Zugg fast blau und hatte fast abgeschlossen, rappelte sich dann aber wieder auf und attackierte weiter. Als 10. Erreichten beide schlie\u00dflich den letzten Berg, und beschlossen volles Risiko zu gehen. \u00a0In der letzten Abfahrt attackierten sie erfolgreich ein Schweizer Team mit Ex-Weltmeister Florent Troillet und finishten schlie\u00dflich in 2:24:39 auf Platz 9. Die Erwartungen wurden damit deutlich \u00fcbertroffen. Entsprechend zufrieden waren beide im Ziel:<\/p>\n<blockquote>\n<p style=\"padding-left: 30px\">\u201cDer erste Anstieg war super schwierig, das war blankes Eis. Dort hatten aber alle Probleme und im Rennverlauf ging es f\u00fcr uns immer besser, wir haben perfekt zusammengepasst und uns gequ\u00e4lt, weil wir die Chance auf Top10 gesehen haben. Am letzten Gipfel waren wir rund eine Minute hinter den Schweizern tats\u00e4chlich auf dem 10 Platz und haben uns gedacht: die schnappen wir uns noch! In der letzten langen Abfahrt ins Ziel haben wir dann nochmal Vollgas gegeben und konnten tats\u00e4chlich den wichtigen Platz gut machen. Gl\u00fccklicher k\u00f6nnten wir nicht sein!\u201d<\/p>\n<\/blockquote>\n<p>Dem zweiten Team <strong>Thomas Wallner (Bischofshofen\/Salzburg) und Daniel Rohringer (Gosau\/Ober\u00f6sterreich) <\/strong>gelang ebenfalls ein sehr gutes Rennen. Sie konnten sehr lange konstant um den 15 Platz mitk\u00e4mpfen, teilten sich das sehr lange Rennen zu Beginn sehr gut ein. Rohringer war heute der st\u00e4rkere im Team, konnte Wallner \u00fcber zwei Einbr\u00fcche im 3. und 4. Anstieg hinweghelfen. Im letzten Anstieg wurden die \u00d6sterreicher noch von einem amerikanischen Team \u00fcberholt. Da ein Platz unter den Top15 damit bereits au\u00dfer Reichweite war wollten die beiden auch auf der letzten Abfahrt nichts mehr riskieren, sondern nur nach hinten absichern. Platz 17 in 2:35:36 Stunden \u00fcbertraf dennoch die Hoffnungen in das Team. Komplett ausgepumpt aber zufrieden meinten die beiden im Ziel:<\/p>\n<blockquote>\n<p style=\"padding-left: 30px\">\u201eWas f\u00fcr ein unglaubliches Rennen! Sicher eines der h\u00e4rtesten unserer Karriere, aber sicher eins der coolsten. In den Sonnenh\u00e4ngen war es sehr hei\u00df und der letzte Anstieg war f\u00fcr Tom absolut hart. Die extrem vielen Zuschauer, der Jubel und die super Strecke haben aber daf\u00fcr gesorgt, dass wir bis zu Schluss um jede Sekunde gek\u00e4mpft haben. Dani hatte einen starken Tag heute, aber im Teamrennen bleibt man zusammen. Mit ein bisschen mehr Kraft am Ende des Rennens w\u00e4r vielleicht Top15 drin gewesen\u2026aber mit dem 17. Platz sind wir definitiv auch sehr zufrieden. Ein Traumrennen mit Spitzenergebnis unter den Top20 der Welt!\u201c<\/p>\n<\/blockquote>\n<p>Res\u00fcmee des Trainers<\/p>\n<p>Headcoach<strong> Alexander Lugger <\/strong>war heute mit seinen Sportlern restlos zufrieden.<strong> \u00a0<\/strong>Die Leistungen im langen und schwierigen Teamrennen kommentiert er so:<\/p>\n<blockquote><p>\u201eHeute haben die Burschen gezeigt was ihnen steckt. Das K\u00f6nnen und die Leistung ist ohnehin zweifellos vorhanden, mit K\u00e4mpfergeist und Herz haben die beiden Teams heute aber auch das Gl\u00fcck auf ihre Seite gezwungen. Alle W\u00fcnsche sind heute erf\u00fcllt worden, Gratulation an die Athleten!\u201c<\/p><\/blockquote>\n<p><em>\u00a0<\/em><\/p>\n<p>Morgen Donnerstag 12.2.2015 wird im Abschlu\u00dfbewerb der WM, der Staffel, je ein Herrenteam und ein Jugendteam f\u00fcr \u00d6sterreich an den Start gehen.\u00a0Die Startreihenfolge der Teams:<br \/>\nWeisskopf, Wallner, Rohringer, Herrmann<br \/>\nForchthammer, Siedler, Streitberger<\/p>\n<p>\u00d6sterreich d\u00fcrfte mit den heutigen Top-Ergebnissen den 6. Nationenrang abgesichert haben, wie man auf der <a href=\"http:\/\/ismf-ski.org\/www\/node\/205\">aktuellen Rangliste der ISMF<\/a> sehen kann. Leider ist Platz 5 in uneinholbare Weite ger\u00fcckt, weil a) die deutschen Athleten unglaubliche Leistungen zeigen und b) wir durch diverse Ausf\u00e4lle\u00a0weniger Wertungen besetzen konnten als geplant.<\/p>\n","protected":false},"excerpt":{"rendered":"<p>Die \u00e4lteste Disziplin der Wettkampf-Skibergsteiger, das 2er Teamrennen, wurde heute in Verbier am vorletzten Tag der WM der Skibergsteiger veranstaltet. Die Veranstalter haben offenbar das gute Wetter gepachtet, denn auch heute strahlte die Sonne vom wolkenlosen Himmel, als 37 Herrenteams und 19 Damenteams auf die 2.290 H\u00f6henmeter messende Rennstrecke starteten. Die 5\u00a0Anstiege, 5\u00a0Abfahrten und 2\u00a0extrem [&hellip;]<\/p>\n","protected":false},"author":3,"featured_media":3211,"comment_status":"closed","ping_status":"closed","sticky":false,"template":"","format":"standard","meta":[],"categories":[1,9,3,7],"tags":[73,79,77,82,45,35,78,49,80,81,74,24,16,52,75,59],"yoast_head":"<!-- This site is optimized with the Yoast SEO plugin v16.3 - https:\/\/yoast.com\/wordpress\/plugins\/seo\/ -->\n<title>Weltmeisterschaft Verbier Tag 7: \u00fcberraschend Platz 9 und 17 im Team Bewerb - Sportler<\/title>\n<meta name=\"robots\" content=\"index, follow, max-snippet:-1, max-image-preview:large, max-video-preview:-1\" \/>\n<link rel=\"canonical\" href=\"https:\/\/www.skimo.at\/sportler\/3189\/weltmeisterschaft-verbier-tag-7-ueberraschend-platz-9-und-17-im-team-bewerb\/\" \/>\n<meta property=\"og:locale\" content=\"de_DE\" \/>\n<meta property=\"og:type\" content=\"article\" \/>\n<meta property=\"og:title\" content=\"Weltmeisterschaft Verbier Tag 7: \u00fcberraschend Platz 9 und 17 im Team Bewerb - Sportler\" \/>\n<meta property=\"og:description\" content=\"Die \u00e4lteste Disziplin der Wettkampf-Skibergsteiger, das 2er Teamrennen, wurde heute in Verbier am vorletzten Tag der WM der Skibergsteiger veranstaltet. Die Veranstalter haben offenbar das gute Wetter gepachtet, denn auch heute strahlte die Sonne vom wolkenlosen Himmel, als 37 Herrenteams und 19 Damenteams auf die 2.290 H\u00f6henmeter messende Rennstrecke starteten. Die 5\u00a0Anstiege, 5\u00a0Abfahrten und 2\u00a0extrem [&hellip;]\" \/>\n<meta property=\"og:url\" content=\"https:\/\/www.skimo.at\/sportler\/3189\/weltmeisterschaft-verbier-tag-7-ueberraschend-platz-9-und-17-im-team-bewerb\/\" \/>\n<meta property=\"og:site_name\" content=\"Sportler\" \/>\n<meta property=\"article:published_time\" content=\"2015-02-11T14:31:21+00:00\" \/>\n<meta property=\"article:modified_time\" content=\"2021-01-05T17:23:21+00:00\" \/>\n<meta property=\"og:image\" content=\"https:\/\/skimo.73.jarolim.eu\/sportler\/files\/2015\/02\/World-Championships-Verbier-2015_Team_Weisskopf_Zugg-4_Photo-Willi-Seebacher-LR.jpg\" \/>\n\t<meta property=\"og:image:width\" content=\"1772\" \/>\n\t<meta property=\"og:image:height\" content=\"1181\" \/>\n<meta name=\"twitter:card\" content=\"summary\" \/>\n<meta name=\"twitter:label1\" content=\"Gesch\u00e4tzte Lesezeit\">\n\t<meta name=\"twitter:data1\" content=\"4\u00a0Minuten\">\n<script type=\"application\/ld+json\" class=\"yoast-schema-graph\">{\"@context\":\"https:\/\/schema.org\",\"@graph\":[{\"@type\":\"WebSite\",\"@id\":\"https:\/\/skimo.73.jarolim.eu\/sportler\/#website\",\"url\":\"https:\/\/skimo.73.jarolim.eu\/sportler\/\",\"name\":\"Sportler\",\"description\":\"\",\"potentialAction\":[{\"@type\":\"SearchAction\",\"target\":\"https:\/\/skimo.73.jarolim.eu\/sportler\/?s={search_term_string}\",\"query-input\":\"required name=search_term_string\"}],\"inLanguage\":\"de\"},{\"@type\":\"ImageObject\",\"@id\":\"https:\/\/www.skimo.at\/sportler\/3189\/weltmeisterschaft-verbier-tag-7-ueberraschend-platz-9-und-17-im-team-bewerb\/#primaryimage\",\"inLanguage\":\"de\",\"url\":\"https:\/\/www.skimo.at\/sportler\/files\/2015\/02\/World-Championships-Verbier-2015_Team_Weisskopf_Zugg-4_Photo-Willi-Seebacher-LR.jpg\",\"contentUrl\":\"https:\/\/www.skimo.at\/sportler\/files\/2015\/02\/World-Championships-Verbier-2015_Team_Weisskopf_Zugg-4_Photo-Willi-Seebacher-LR.jpg\",\"width\":1772,\"height\":1181},{\"@type\":\"WebPage\",\"@id\":\"https:\/\/www.skimo.at\/sportler\/3189\/weltmeisterschaft-verbier-tag-7-ueberraschend-platz-9-und-17-im-team-bewerb\/#webpage\",\"url\":\"https:\/\/www.skimo.at\/sportler\/3189\/weltmeisterschaft-verbier-tag-7-ueberraschend-platz-9-und-17-im-team-bewerb\/\",\"name\":\"Weltmeisterschaft Verbier Tag 7: \\u00fcberraschend Platz 9 und 17 im Team Bewerb - Sportler\",\"isPartOf\":{\"@id\":\"https:\/\/skimo.73.jarolim.eu\/sportler\/#website\"},\"primaryImageOfPage\":{\"@id\":\"https:\/\/www.skimo.at\/sportler\/3189\/weltmeisterschaft-verbier-tag-7-ueberraschend-platz-9-und-17-im-team-bewerb\/#primaryimage\"},\"datePublished\":\"2015-02-11T14:31:21+00:00\",\"dateModified\":\"2021-01-05T17:23:21+00:00\",\"author\":{\"@id\":\"https:\/\/skimo.73.jarolim.eu\/sportler\/#\/schema\/person\/796ecbce6796efca58bf848ca63ec12c\"},\"breadcrumb\":{\"@id\":\"https:\/\/www.skimo.at\/sportler\/3189\/weltmeisterschaft-verbier-tag-7-ueberraschend-platz-9-und-17-im-team-bewerb\/#breadcrumb\"},\"inLanguage\":\"de\",\"potentialAction\":[{\"@type\":\"ReadAction\",\"target\":[\"https:\/\/www.skimo.at\/sportler\/3189\/weltmeisterschaft-verbier-tag-7-ueberraschend-platz-9-und-17-im-team-bewerb\/\"]}]},{\"@type\":\"BreadcrumbList\",\"@id\":\"https:\/\/www.skimo.at\/sportler\/3189\/weltmeisterschaft-verbier-tag-7-ueberraschend-platz-9-und-17-im-team-bewerb\/#breadcrumb\",\"itemListElement\":[{\"@type\":\"ListItem\",\"position\":1,\"item\":{\"@type\":\"WebPage\",\"@id\":\"https:\/\/skimo.73.jarolim.eu\/sportler\/\",\"url\":\"https:\/\/skimo.73.jarolim.eu\/sportler\/\",\"name\":\"Home\"}},{\"@type\":\"ListItem\",\"position\":2,\"item\":{\"@id\":\"https:\/\/www.skimo.at\/sportler\/3189\/weltmeisterschaft-verbier-tag-7-ueberraschend-platz-9-und-17-im-team-bewerb\/#webpage\"}}]},{\"@type\":\"Person\",\"@id\":\"https:\/\/skimo.73.jarolim.eu\/sportler\/#\/schema\/person\/796ecbce6796efca58bf848ca63ec12c\",\"name\":\"kposch\",\"image\":{\"@type\":\"ImageObject\",\"@id\":\"https:\/\/skimo.73.jarolim.eu\/sportler\/#personlogo\",\"inLanguage\":\"de\",\"url\":\"https:\/\/secure.gravatar.com\/avatar\/e9f5f28da60e5e563d3f4d3cc0b9b425?s=96&r=g\",\"contentUrl\":\"https:\/\/secure.gravatar.com\/avatar\/e9f5f28da60e5e563d3f4d3cc0b9b425?s=96&r=g\",\"caption\":\"kposch\"},\"url\":\"https:\/\/www.skimo.at\/sportler\/author\/kposch\/\"}]}<\/script>\n<!-- \/ Yoast SEO plugin. -->","_links":{"self":[{"href":"https:\/\/www.skimo.at\/sportler\/wp-json\/wp\/v2\/posts\/3189"}],"collection":[{"href":"https:\/\/www.skimo.at\/sportler\/wp-json\/wp\/v2\/posts"}],"about":[{"href":"https:\/\/www.skimo.at\/sportler\/wp-json\/wp\/v2\/types\/post"}],"author":[{"embeddable":true,"href":"https:\/\/www.skimo.at\/sportler\/wp-json\/wp\/v2\/users\/3"}],"replies":[{"embeddable":true,"href":"https:\/\/www.skimo.at\/sportler\/wp-json\/wp\/v2\/comments?post=3189"}],"version-history":[{"count":5,"href":"https:\/\/www.skimo.at\/sportler\/wp-json\/wp\/v2\/posts\/3189\/revisions"}],"predecessor-version":[{"id":15656,"href":"https:\/\/www.skimo.at\/sportler\/wp-json\/wp\/v2\/posts\/3189\/revisions\/15656"}],"wp:featuredmedia":[{"embeddable":true,"href":"https:\/\/www.skimo.at\/sportler\/wp-json\/wp\/v2\/media\/3211"}],"wp:attachment":[{"href":"https:\/\/www.skimo.at\/sportler\/wp-json\/wp\/v2\/media?parent=3189"}],"wp:term":[{"taxonomy":"category","embeddable":true,"href":"https:\/\/www.skimo.at\/sportler\/wp-json\/wp\/v2\/categories?post=3189"},{"taxonomy":"post_tag","embeddable":true,"href":"https:\/\/www.skimo.at\/sportler\/wp-json\/wp\/v2\/tags?post=3189"}],"curies":[{"name":"wp","href":"https:\/\/api.w.org\/{rel}","templated":true}]}}