{"id":3182,"date":"2015-02-10T19:31:09","date_gmt":"2015-02-10T17:31:09","guid":{"rendered":"http:\/\/www.skimo.at\/sportler\/?p=3182"},"modified":"2015-02-10T19:31:09","modified_gmt":"2015-02-10T17:31:09","slug":"startliste-fuers-morgige-teamrennen","status":"publish","type":"post","link":"https:\/\/www.skimo.at\/sportler\/3182\/startliste-fuers-morgige-teamrennen\/","title":{"rendered":"Startliste f\u00fcrs morgige Teamrennen"},"content":{"rendered":"<p>Nachdem die Anmeldung zum Teamrennen f\u00fcr morgen doch noch geklappt hat &#8211; war a bisserl knapp zwischen den Briefings &#8211; hier die eben ver\u00f6ffentlichte Startliste. Aufgrund der Ausf\u00e4lle von Armin Neurauter und Alex Fasser nur 2 Herrenteams aus \u00d6sterreich am Start, n\u00e4mlich Zugg\/Weisskopf und Wallner\/Rohringer.<\/p>\n<p>37 Herrenteams und 19 Damenteams sind morgen beim vorletzten Bewerb der WM im Einsatz.<\/p>\n","protected":false},"excerpt":{"rendered":"<p>Nachdem die Anmeldung zum Teamrennen f\u00fcr morgen doch noch geklappt hat &#8211; war a bisserl knapp zwischen den Briefings &#8211; hier die eben ver\u00f6ffentlichte Startliste. Aufgrund der Ausf\u00e4lle von Armin Neurauter und Alex Fasser nur 2 Herrenteams aus \u00d6sterreich am Start, n\u00e4mlich Zugg\/Weisskopf und Wallner\/Rohringer. 37 Herrenteams und 19 Damenteams sind morgen beim vorletzten Bewerb [&hellip;]<\/p>\n","protected":false},"author":3,"featured_media":0,"comment_status":"closed","ping_status":"closed","sticky":false,"template":"","format":"standard","meta":[],"categories":[1,11,3],"tags":[],"yoast_head":"<!-- This site is optimized with the Yoast SEO plugin v16.3 - https:\/\/yoast.com\/wordpress\/plugins\/seo\/ -->\n<title>Startliste f\u00fcrs morgige Teamrennen - Sportler<\/title>\n<meta name=\"robots\" content=\"index, follow, max-snippet:-1, max-image-preview:large, max-video-preview:-1\" \/>\n<link rel=\"canonical\" href=\"https:\/\/www.skimo.at\/sportler\/3182\/startliste-fuers-morgige-teamrennen\/\" \/>\n<meta property=\"og:locale\" content=\"de_DE\" \/>\n<meta property=\"og:type\" content=\"article\" \/>\n<meta property=\"og:title\" content=\"Startliste f\u00fcrs morgige Teamrennen - Sportler\" \/>\n<meta property=\"og:description\" content=\"Nachdem die Anmeldung zum Teamrennen f\u00fcr morgen doch noch geklappt hat &#8211; war a bisserl knapp zwischen den Briefings &#8211; hier die eben ver\u00f6ffentlichte Startliste. Aufgrund der Ausf\u00e4lle von Armin Neurauter und Alex Fasser nur 2 Herrenteams aus \u00d6sterreich am Start, n\u00e4mlich Zugg\/Weisskopf und Wallner\/Rohringer. 37 Herrenteams und 19 Damenteams sind morgen beim vorletzten Bewerb [&hellip;]\" \/>\n<meta property=\"og:url\" content=\"https:\/\/www.skimo.at\/sportler\/3182\/startliste-fuers-morgige-teamrennen\/\" \/>\n<meta property=\"og:site_name\" content=\"Sportler\" \/>\n<meta property=\"article:published_time\" content=\"2015-02-10T17:31:09+00:00\" \/>\n<meta name=\"twitter:card\" content=\"summary\" \/>\n<script type=\"application\/ld+json\" class=\"yoast-schema-graph\">{\"@context\":\"https:\/\/schema.org\",\"@graph\":[{\"@type\":\"WebSite\",\"@id\":\"https:\/\/skimo.73.jarolim.eu\/sportler\/#website\",\"url\":\"https:\/\/skimo.73.jarolim.eu\/sportler\/\",\"name\":\"Sportler\",\"description\":\"\",\"potentialAction\":[{\"@type\":\"SearchAction\",\"target\":\"https:\/\/skimo.73.jarolim.eu\/sportler\/?s={search_term_string}\",\"query-input\":\"required name=search_term_string\"}],\"inLanguage\":\"de\"},{\"@type\":\"WebPage\",\"@id\":\"https:\/\/www.skimo.at\/sportler\/3182\/startliste-fuers-morgige-teamrennen\/#webpage\",\"url\":\"https:\/\/www.skimo.at\/sportler\/3182\/startliste-fuers-morgige-teamrennen\/\",\"name\":\"Startliste f\\u00fcrs morgige Teamrennen - Sportler\",\"isPartOf\":{\"@id\":\"https:\/\/skimo.73.jarolim.eu\/sportler\/#website\"},\"datePublished\":\"2015-02-10T17:31:09+00:00\",\"dateModified\":\"2015-02-10T17:31:09+00:00\",\"author\":{\"@id\":\"https:\/\/skimo.73.jarolim.eu\/sportler\/#\/schema\/person\/796ecbce6796efca58bf848ca63ec12c\"},\"breadcrumb\":{\"@id\":\"https:\/\/www.skimo.at\/sportler\/3182\/startliste-fuers-morgige-teamrennen\/#breadcrumb\"},\"inLanguage\":\"de\",\"potentialAction\":[{\"@type\":\"ReadAction\",\"target\":[\"https:\/\/www.skimo.at\/sportler\/3182\/startliste-fuers-morgige-teamrennen\/\"]}]},{\"@type\":\"BreadcrumbList\",\"@id\":\"https:\/\/www.skimo.at\/sportler\/3182\/startliste-fuers-morgige-teamrennen\/#breadcrumb\",\"itemListElement\":[{\"@type\":\"ListItem\",\"position\":1,\"item\":{\"@type\":\"WebPage\",\"@id\":\"https:\/\/skimo.73.jarolim.eu\/sportler\/\",\"url\":\"https:\/\/skimo.73.jarolim.eu\/sportler\/\",\"name\":\"Home\"}},{\"@type\":\"ListItem\",\"position\":2,\"item\":{\"@id\":\"https:\/\/www.skimo.at\/sportler\/3182\/startliste-fuers-morgige-teamrennen\/#webpage\"}}]},{\"@type\":\"Person\",\"@id\":\"https:\/\/skimo.73.jarolim.eu\/sportler\/#\/schema\/person\/796ecbce6796efca58bf848ca63ec12c\",\"name\":\"kposch\",\"image\":{\"@type\":\"ImageObject\",\"@id\":\"https:\/\/skimo.73.jarolim.eu\/sportler\/#personlogo\",\"inLanguage\":\"de\",\"url\":\"https:\/\/secure.gravatar.com\/avatar\/e9f5f28da60e5e563d3f4d3cc0b9b425?s=96&r=g\",\"contentUrl\":\"https:\/\/secure.gravatar.com\/avatar\/e9f5f28da60e5e563d3f4d3cc0b9b425?s=96&r=g\",\"caption\":\"kposch\"},\"url\":\"https:\/\/www.skimo.at\/sportler\/author\/kposch\/\"}]}<\/script>\n<!-- \/ Yoast SEO plugin. -->","_links":{"self":[{"href":"https:\/\/www.skimo.at\/sportler\/wp-json\/wp\/v2\/posts\/3182"}],"collection":[{"href":"https:\/\/www.skimo.at\/sportler\/wp-json\/wp\/v2\/posts"}],"about":[{"href":"https:\/\/www.skimo.at\/sportler\/wp-json\/wp\/v2\/types\/post"}],"author":[{"embeddable":true,"href":"https:\/\/www.skimo.at\/sportler\/wp-json\/wp\/v2\/users\/3"}],"replies":[{"embeddable":true,"href":"https:\/\/www.skimo.at\/sportler\/wp-json\/wp\/v2\/comments?post=3182"}],"version-history":[{"count":1,"href":"https:\/\/www.skimo.at\/sportler\/wp-json\/wp\/v2\/posts\/3182\/revisions"}],"predecessor-version":[{"id":3184,"href":"https:\/\/www.skimo.at\/sportler\/wp-json\/wp\/v2\/posts\/3182\/revisions\/3184"}],"wp:attachment":[{"href":"https:\/\/www.skimo.at\/sportler\/wp-json\/wp\/v2\/media?parent=3182"}],"wp:term":[{"taxonomy":"category","embeddable":true,"href":"https:\/\/www.skimo.at\/sportler\/wp-json\/wp\/v2\/categories?post=3182"},{"taxonomy":"post_tag","embeddable":true,"href":"https:\/\/www.skimo.at\/sportler\/wp-json\/wp\/v2\/tags?post=3182"}],"curies":[{"name":"wp","href":"https:\/\/api.w.org\/{rel}","templated":true}]}}