{"id":318,"date":"2012-11-22T11:51:06","date_gmt":"2012-11-22T09:51:06","guid":{"rendered":"http:\/\/www.skimo.at\/sportler\/?p=318"},"modified":"2012-12-01T13:20:05","modified_gmt":"2012-12-01T11:20:05","slug":"trainingslager-nationalmannschaft-falcade-ita","status":"publish","type":"post","link":"https:\/\/www.skimo.at\/sportler\/318\/trainingslager-nationalmannschaft-falcade-ita\/","title":{"rendered":"Trainingslager Nationalmannschaft Falcade (ITA)"},"content":{"rendered":"<p>Auf Einladung des itailienischen Verbandes der Skibergsteiger FISI waren 6 unserer Nationalmannschafts-Athleten von 15. Bis 18.11.2012 in Falcade, gelegen zwischen Marmolada und Civetta. Trainer Alexander Lugger reiste am Donnerstag mit Martin Wei\u00dfkopf an und bestieg mit gleich einmal die Marmolada\u2026.ein perfekter Sonnenuntergang war der Lohn f\u00fcr die Anstrengung. Am Abend des Donnerstags folgten Michaela Essl, Ina Forchthammer, Alex Fasser, Jakob Herrmann und Clemens Steinberger, die \u00d6sterreichische Mannschaft war damit komplett. Ein gemeinsames Abendessen mit dem Italienischen Nationalteam und 2 Tschechischen Athleten war der offizielle Start der Trainingstage.<\/p>\n<p>Schon am Freitag Vormittag ging ess dann ordentlich ran, Alex Lugger nahem sich um die \u00d6sterreicher an, der Italienische Cheftrainer Oskar Angeloni dirigierte die Italiener. F\u00fcr die arrivierten Athleten stand Einzeltraining am Programm, die Ina und Clemens verbesserten unter der direkten Anleitung von Alex Lugger Ihre Technik bei den Wechseln. Eine Video- Bewegungsstudie mit intensiver Analyse beendete das Programm. Die verbrannten Kalorien wurden bei einer Einladung durch die Italiener zu Pizza und Rotwein wieder aufgef\u00fcllt.<\/p>\n<p>Am Samstag wurde dann von allen Nationen gemeinsam trainiert. Ein aufgebauter Parcours mit allen technischen Finessen war mehrfach zu absolvieren, Zeiten wurden herausgestoppt und genaue Vorgehensweisen besprochen. Nach dem Mittagessen wurde von Alex auch noch die Skatingtechnik unserer Athleten perfektioniert.<\/p>\n<p>Am Abend lud die FISI zu einem Abschluss-Fest ein, bei dem die Athleten der Italienischen Nationalmannschaft vorgestellt wurden und auch die \u00d6sterreicher unter dem Beifall zahlreicher Zuschauer auf die B\u00fchne durften, Den Rahmen der Veranstaltung nutzten auch einige Hersteller, um Ihre neuesten Produkte zu pr\u00e4sentieren, unsere Sportler konnten auch hier einige Kontakte kn\u00fcpfen. Die in Italien fast schon obligatorische Party bildete den Abschluss des Trainingslagers, am Sonntag reisten alle Sportler aus Falcade ab.<\/p>\n<p>Die sehr positive Erkenntnis des Trainingslagers war, dass die Familie der Skibergsteiger immer mehr zusammenw\u00e4chst und dabei auch gr\u00f6\u00dfer wird. Sehr angenehme Tage in Gesellschaft von 30 Gleichgesinnten, viel Spa\u00df, neue Freundschaften. Danke an die FISI, an das Italienische Nationalteam und vor allem an Oscar Angeloni f\u00fcr die freundliche Aufnahme!<br \/>\nWir hoffen, uns bald revanchieren zu k\u00f6nnen.<\/p>\n","protected":false},"excerpt":{"rendered":"<p>Auf Einladung des itailienischen Verbandes der Skibergsteiger FISI waren 6 unserer Nationalmannschafts-Athleten von 15. Bis 18.11.2012 in Falcade, gelegen zwischen Marmolada und Civetta. Trainer Alexander Lugger reiste am Donnerstag mit Martin Wei\u00dfkopf an und bestieg mit gleich einmal die Marmolada\u2026.ein perfekter Sonnenuntergang war der Lohn f\u00fcr die Anstrengung. Am Abend des Donnerstags folgten Michaela Essl, [&hellip;]<\/p>\n","protected":false},"author":3,"featured_media":364,"comment_status":"closed","ping_status":"closed","sticky":false,"template":"","format":"standard","meta":[],"categories":[1,9,3],"tags":[],"yoast_head":"<!-- This site is optimized with the Yoast SEO plugin v16.3 - https:\/\/yoast.com\/wordpress\/plugins\/seo\/ -->\n<title>Trainingslager Nationalmannschaft Falcade (ITA) - Sportler<\/title>\n<meta name=\"robots\" content=\"index, follow, max-snippet:-1, max-image-preview:large, max-video-preview:-1\" \/>\n<link rel=\"canonical\" href=\"https:\/\/www.skimo.at\/sportler\/318\/trainingslager-nationalmannschaft-falcade-ita\/\" \/>\n<meta property=\"og:locale\" content=\"de_DE\" \/>\n<meta property=\"og:type\" content=\"article\" \/>\n<meta property=\"og:title\" content=\"Trainingslager Nationalmannschaft Falcade (ITA) - Sportler\" \/>\n<meta property=\"og:description\" content=\"Auf Einladung des itailienischen Verbandes der Skibergsteiger FISI waren 6 unserer Nationalmannschafts-Athleten von 15. Bis 18.11.2012 in Falcade, gelegen zwischen Marmolada und Civetta. Trainer Alexander Lugger reiste am Donnerstag mit Martin Wei\u00dfkopf an und bestieg mit gleich einmal die Marmolada\u2026.ein perfekter Sonnenuntergang war der Lohn f\u00fcr die Anstrengung. Am Abend des Donnerstags folgten Michaela Essl, [&hellip;]\" \/>\n<meta property=\"og:url\" content=\"https:\/\/www.skimo.at\/sportler\/318\/trainingslager-nationalmannschaft-falcade-ita\/\" \/>\n<meta property=\"og:site_name\" content=\"Sportler\" \/>\n<meta property=\"article:published_time\" content=\"2012-11-22T09:51:06+00:00\" \/>\n<meta property=\"article:modified_time\" content=\"2012-12-01T11:20:05+00:00\" \/>\n<meta property=\"og:image\" content=\"https:\/\/skimo.73.jarolim.eu\/sportler\/files\/2012\/11\/Wechseltraining.jpg\" \/>\n\t<meta property=\"og:image:width\" content=\"1707\" \/>\n\t<meta property=\"og:image:height\" content=\"1280\" \/>\n<meta name=\"twitter:card\" content=\"summary\" \/>\n<meta name=\"twitter:label1\" content=\"Gesch\u00e4tzte Lesezeit\">\n\t<meta name=\"twitter:data1\" content=\"2\u00a0Minuten\">\n<script type=\"application\/ld+json\" class=\"yoast-schema-graph\">{\"@context\":\"https:\/\/schema.org\",\"@graph\":[{\"@type\":\"WebSite\",\"@id\":\"https:\/\/skimo.73.jarolim.eu\/sportler\/#website\",\"url\":\"https:\/\/skimo.73.jarolim.eu\/sportler\/\",\"name\":\"Sportler\",\"description\":\"\",\"potentialAction\":[{\"@type\":\"SearchAction\",\"target\":\"https:\/\/skimo.73.jarolim.eu\/sportler\/?s={search_term_string}\",\"query-input\":\"required name=search_term_string\"}],\"inLanguage\":\"de\"},{\"@type\":\"ImageObject\",\"@id\":\"https:\/\/www.skimo.at\/sportler\/318\/trainingslager-nationalmannschaft-falcade-ita\/#primaryimage\",\"inLanguage\":\"de\",\"url\":\"https:\/\/www.skimo.at\/sportler\/files\/2012\/11\/Wechseltraining.jpg\",\"contentUrl\":\"https:\/\/www.skimo.at\/sportler\/files\/2012\/11\/Wechseltraining.jpg\",\"width\":1707,\"height\":1280,\"caption\":\"Bild: Alexander Lugger\"},{\"@type\":\"WebPage\",\"@id\":\"https:\/\/www.skimo.at\/sportler\/318\/trainingslager-nationalmannschaft-falcade-ita\/#webpage\",\"url\":\"https:\/\/www.skimo.at\/sportler\/318\/trainingslager-nationalmannschaft-falcade-ita\/\",\"name\":\"Trainingslager Nationalmannschaft Falcade (ITA) - Sportler\",\"isPartOf\":{\"@id\":\"https:\/\/skimo.73.jarolim.eu\/sportler\/#website\"},\"primaryImageOfPage\":{\"@id\":\"https:\/\/www.skimo.at\/sportler\/318\/trainingslager-nationalmannschaft-falcade-ita\/#primaryimage\"},\"datePublished\":\"2012-11-22T09:51:06+00:00\",\"dateModified\":\"2012-12-01T11:20:05+00:00\",\"author\":{\"@id\":\"https:\/\/skimo.73.jarolim.eu\/sportler\/#\/schema\/person\/796ecbce6796efca58bf848ca63ec12c\"},\"breadcrumb\":{\"@id\":\"https:\/\/www.skimo.at\/sportler\/318\/trainingslager-nationalmannschaft-falcade-ita\/#breadcrumb\"},\"inLanguage\":\"de\",\"potentialAction\":[{\"@type\":\"ReadAction\",\"target\":[\"https:\/\/www.skimo.at\/sportler\/318\/trainingslager-nationalmannschaft-falcade-ita\/\"]}]},{\"@type\":\"BreadcrumbList\",\"@id\":\"https:\/\/www.skimo.at\/sportler\/318\/trainingslager-nationalmannschaft-falcade-ita\/#breadcrumb\",\"itemListElement\":[{\"@type\":\"ListItem\",\"position\":1,\"item\":{\"@type\":\"WebPage\",\"@id\":\"https:\/\/skimo.73.jarolim.eu\/sportler\/\",\"url\":\"https:\/\/skimo.73.jarolim.eu\/sportler\/\",\"name\":\"Home\"}},{\"@type\":\"ListItem\",\"position\":2,\"item\":{\"@id\":\"https:\/\/www.skimo.at\/sportler\/318\/trainingslager-nationalmannschaft-falcade-ita\/#webpage\"}}]},{\"@type\":\"Person\",\"@id\":\"https:\/\/skimo.73.jarolim.eu\/sportler\/#\/schema\/person\/796ecbce6796efca58bf848ca63ec12c\",\"name\":\"kposch\",\"image\":{\"@type\":\"ImageObject\",\"@id\":\"https:\/\/skimo.73.jarolim.eu\/sportler\/#personlogo\",\"inLanguage\":\"de\",\"url\":\"https:\/\/secure.gravatar.com\/avatar\/e9f5f28da60e5e563d3f4d3cc0b9b425?s=96&r=g\",\"contentUrl\":\"https:\/\/secure.gravatar.com\/avatar\/e9f5f28da60e5e563d3f4d3cc0b9b425?s=96&r=g\",\"caption\":\"kposch\"},\"url\":\"https:\/\/www.skimo.at\/sportler\/author\/kposch\/\"}]}<\/script>\n<!-- \/ Yoast SEO plugin. -->","_links":{"self":[{"href":"https:\/\/www.skimo.at\/sportler\/wp-json\/wp\/v2\/posts\/318"}],"collection":[{"href":"https:\/\/www.skimo.at\/sportler\/wp-json\/wp\/v2\/posts"}],"about":[{"href":"https:\/\/www.skimo.at\/sportler\/wp-json\/wp\/v2\/types\/post"}],"author":[{"embeddable":true,"href":"https:\/\/www.skimo.at\/sportler\/wp-json\/wp\/v2\/users\/3"}],"replies":[{"embeddable":true,"href":"https:\/\/www.skimo.at\/sportler\/wp-json\/wp\/v2\/comments?post=318"}],"version-history":[{"count":8,"href":"https:\/\/www.skimo.at\/sportler\/wp-json\/wp\/v2\/posts\/318\/revisions"}],"predecessor-version":[{"id":366,"href":"https:\/\/www.skimo.at\/sportler\/wp-json\/wp\/v2\/posts\/318\/revisions\/366"}],"wp:featuredmedia":[{"embeddable":true,"href":"https:\/\/www.skimo.at\/sportler\/wp-json\/wp\/v2\/media\/364"}],"wp:attachment":[{"href":"https:\/\/www.skimo.at\/sportler\/wp-json\/wp\/v2\/media?parent=318"}],"wp:term":[{"taxonomy":"category","embeddable":true,"href":"https:\/\/www.skimo.at\/sportler\/wp-json\/wp\/v2\/categories?post=318"},{"taxonomy":"post_tag","embeddable":true,"href":"https:\/\/www.skimo.at\/sportler\/wp-json\/wp\/v2\/tags?post=318"}],"curies":[{"name":"wp","href":"https:\/\/api.w.org\/{rel}","templated":true}]}}