{"id":3141,"date":"2015-02-10T15:58:06","date_gmt":"2015-02-10T13:58:06","guid":{"rendered":"http:\/\/www.skimo.at\/sportler\/?p=3141"},"modified":"2021-01-05T19:22:39","modified_gmt":"2021-01-05T17:22:39","slug":"weltmeisterschaft-verbier-tag-6-drei-athleten-drei-top-10-ergebnisse-im-individual-der-jugendklassen","status":"publish","type":"post","link":"https:\/\/www.skimo.at\/sportler\/3141\/weltmeisterschaft-verbier-tag-6-drei-athleten-drei-top-10-ergebnisse-im-individual-der-jugendklassen\/","title":{"rendered":"Weltmeisterschaft Verbier Tag 6: Drei Athleten, drei Top-10 Ergebnisse im Individual der Jugendklassen"},"content":{"rendered":"\n<p>Die jungen Athleten des Nationalteam zeigten heute Dienstag 10.2.2015, am sechsten Tag der Weltmeisterschaft im Skibergsteigen in Verbier (SUI), solide Leistungen in der \u201eK\u00f6nigsdisziplin\u201c des Skibergsteigens, dem Individual Race. Dieses Rennformat ist auf Grund der mehrfachen Wechsel zwischen Aufstiegen, Abfahrten und Tragepassagen gleichwohl f\u00fcr AthletenInnen und ZuschauerInnen interessant. Um 9.00 ging es bei Sonnenschein und Fr\u00fchlingstemperaturen f\u00fcr die Jugendklassen los. Die Junioren der Damen und die Cadetklassen erwarteten dabei 1160 hm aufgeteilt auf drei Anstiege inklusive zwei Tragepassagen und &nbsp;drei Abfahrten. Entlang der Strecke und auch im Zielgel\u00e4nde waren zahlreiche Fans erschienen und feuerten die TeilnehmerInnen dabei nach Schweizer Manier mit Glocken ordentlich an.<\/p>\n\n\n\n<p><strong>Verena Streitberger<\/strong> lief heute ihr zweites sensationelles Rennen dieser Weltmeisterschaftswoche und schaffte mit einem 5. Platz (Zeit: 1:27:39) in der Juniorenklasse auch noch den Sprung auf die Trib\u00fcne der Siegerehrung. Dabei begann das Rennen f\u00fcr sie alles andere als optimal. Am Start verlor sie ein Fell und ging daher ganz am Ende des Feldes ins Rennen. Den R\u00fcckstand holte sie aber gleich im ersten Anstieg wieder auf und k\u00e4mpfte lange zwischen vierter und f\u00fcnfter Position mit.<\/p>\n\n\n\n<blockquote class=\"wp-block-quote\"><p>\u201eDas gesamte Rennen ist eigentlich ganz gut f\u00fcr mich gelaufen. Die Abfahrten waren heftig, teilweise waren richtige Buckelpisten zu bew\u00e4ltigen. Ich bin durchaus zufrieden mit diesem Ergebnis, ein f\u00fcnfter Rang und eine Bronze Medaille sind ein gutes Res\u00fcmee f\u00fcr eine WM\u201c<\/p><cite>so die 17-j\u00e4hrige Maishofenerin<\/cite><\/blockquote>\n\n\n\n<p>Das beste Rennen der heurigen Saison \u2013 ebenfalls in der Juniorenklasse \u2013 lief <strong>Ina Forchthammer<\/strong> (St.Johann\/Pg.) Sie erreichte als 7. das Ziel (Zeit 1:29:51): <\/p>\n\n\n\n<blockquote class=\"wp-block-quote\"><p>\u201eBis zum letzten Anstieg ging es mir perfekt, ich lag lange an sechster Stelle. Erst in der letzten Tagepassage verlor ich etwas Zeit und wurde noch von einer Konkurrentin \u00fcberholt. Die Tragepassage war enorm lang und kostete viel Kraft. Bei der letzten Abfahrt \u00fcber die Buckelpiste bin ich dann regelrecht runtergekugelt. Aber ich bin sehr happy, eine gute Zeit und auch eine gute Position ins Ziel gebracht zu haben.\u201c <\/p><\/blockquote>\n\n\n\n<p>Der Sieg in der Juniorenklasse ging an Guilia Campagnoni (ITA) mit einer Zeit von 1:20:35.<\/p>\n\n\n\n<p>Nach der Pechstr\u00e4hne der ersten beiden Rennen hat sich heute j\u00fcngste Athlet im Team, <strong>Jakob Siedler<\/strong> (15, Alpbachtal) mit der Weltmeisterschaft heute wieder vers\u00f6hnt. Durch ein sehr gutes Rennen erreichte er als 6. das Ziel (Zeit 1:17:10). <\/p>\n\n\n\n<blockquote class=\"wp-block-quote\"><p>\u201eEs war eine super Bewerb, mit vielen steilen Passagen, die mir sehr gelegen sind. Von mir aus h\u00e4tten die Tragepassagen noch viel l\u00e4nger sein k\u00f6nnen, da habe ich erst richtig meine St\u00e4rke zeigen k\u00f6nnen und auch einige Konkurrenten \u00fcberholt.\u201c \u00a0<\/p><\/blockquote>\n\n\n\n<p>Auch in der Cadetklasse der Herren ging der Sieg an Italien durch Andrea Prandi (ITA) mit einer Zeit von 1:11:41.<\/p>\n\n\n\n<blockquote class=\"wp-block-quote\"><p> \u201eDie drei Jungathleten haben sich bei einem harten Rennen wirklich gut geschlagen, die Abst\u00e4nde zu den F\u00fchrenden sind realistisch und bei so einer langen und harten Strecke absolut ok. Die Sieger im heutigen Individual Race sind Athleten, die teilweise schon lange Rennerfahrung vorweisen k\u00f6nnen, das geht unseren noch etwas ab. Mir hat heute sehr gefallen, dass sich alle drei das Rennen sehr gut einteilen konnten und sie wirklich vom Start bis ins Ziel gute Leistung gezeigt haben.\u201c<\/p><cite>Headcoach <strong>Alexander Lugger<\/strong> ist heute recht zufrieden mit den Ergebnissen. <\/cite><\/blockquote>\n\n\n\n<p>Hier die gesamten Ergebnisse noch einmal im \u00dcberblick:<\/p>\n\n\n\n<p>Junioren Damen: 12 Starterinnen<br>1. Guilia Campagnoni (ITA) 1:20:35<br>2. Alba De Silvestro (ITA) 1:22:27<br>3. Lena Bonnel (FRA) 1:25:07<br>5. Verena Streitberger (AUT) 1:27:39<br>7. Ina Forchthammer (AUT) 1:29:51<\/p>\n\n\n\n<p>Cadet Damen: 11 Starterinnen<br>1. Justine Tonso 1:26:17<br>2. Meynet-Cordonnier 1:30:41<br>3. Guilia Murada 1:33:35<\/p>\n\n\n\n<p>Junioren Herren: 25 Starter<br>1. R\u00e9mi Bonnet (SUI) 1:20:33<br>2. Davide Magnini (ITA) 1:21:15<br>3. Swann Juillaguet (FRA) 1:26:15<\/p>\n\n\n\n<p>Cadet Herren: 18 Starter<br>1. Andrea Prandi (ITA) 1:11:41<br>2. Julien Ancey (SUI) 1:12:09<br>3. Davide Gusmeroli (ITA) 1:14:00<br>6. Jakob Siedler (AUT) 1:17:10<\/p>\n\n\n\n<p>Morgen starten die Herren in den Teambewerb, dem vorletzten Wettkampftag dieser WM. Daniel Rohringer (Gosau\/O\u00d6) wird gemeinsam mit Thomas Wallner (Bischofshofen\/SBG) ins Rennen gehen, Daniel Zugg&nbsp; (St. Gallenkirch\/VLBG) und Martin Wei\u00dfkopf (Pr\u00e4graten\/T) bilden das zweite \u00f6sterreichische Team. Wir werden nat\u00fcrlich wieder berichten, sobald erste Ergebnisse vorliegen.<\/p>\n\n\n\n<p>Danke Willi Seebacher und Alex Lugger f\u00fcr die Bilder, sowie Melanie Roth f\u00fcr die Unterst\u00fctzung im Text.<\/p>\n","protected":false},"excerpt":{"rendered":"<p>Die jungen Athleten des Nationalteam zeigten heute Dienstag 10.2.2015, am sechsten Tag der Weltmeisterschaft im Skibergsteigen in Verbier (SUI), solide Leistungen in der \u201eK\u00f6nigsdisziplin\u201c des Skibergsteigens, dem Individual Race. Dieses Rennformat ist auf Grund der mehrfachen Wechsel zwischen Aufstiegen, Abfahrten und Tragepassagen gleichwohl f\u00fcr AthletenInnen und ZuschauerInnen interessant. Um 9.00 ging es bei Sonnenschein und [&hellip;]<\/p>\n","protected":false},"author":4,"featured_media":3170,"comment_status":"closed","ping_status":"closed","sticky":false,"template":"","format":"standard","meta":[],"categories":[1,9,3],"tags":[],"yoast_head":"<!-- This site is optimized with the Yoast SEO plugin v16.3 - https:\/\/yoast.com\/wordpress\/plugins\/seo\/ -->\n<title>Weltmeisterschaft Verbier Tag 6: Drei Athleten, drei Top-10 Ergebnisse im Individual der Jugendklassen - Sportler<\/title>\n<meta name=\"robots\" content=\"index, follow, max-snippet:-1, max-image-preview:large, max-video-preview:-1\" \/>\n<link rel=\"canonical\" href=\"https:\/\/www.skimo.at\/sportler\/3141\/weltmeisterschaft-verbier-tag-6-drei-athleten-drei-top-10-ergebnisse-im-individual-der-jugendklassen\/\" \/>\n<meta property=\"og:locale\" content=\"de_DE\" \/>\n<meta property=\"og:type\" content=\"article\" \/>\n<meta property=\"og:title\" content=\"Weltmeisterschaft Verbier Tag 6: Drei Athleten, drei Top-10 Ergebnisse im Individual der Jugendklassen - Sportler\" \/>\n<meta property=\"og:description\" content=\"Die jungen Athleten des Nationalteam zeigten heute Dienstag 10.2.2015, am sechsten Tag der Weltmeisterschaft im Skibergsteigen in Verbier (SUI), solide Leistungen in der \u201eK\u00f6nigsdisziplin\u201c des Skibergsteigens, dem Individual Race. Dieses Rennformat ist auf Grund der mehrfachen Wechsel zwischen Aufstiegen, Abfahrten und Tragepassagen gleichwohl f\u00fcr AthletenInnen und ZuschauerInnen interessant. Um 9.00 ging es bei Sonnenschein und [&hellip;]\" \/>\n<meta property=\"og:url\" content=\"https:\/\/www.skimo.at\/sportler\/3141\/weltmeisterschaft-verbier-tag-6-drei-athleten-drei-top-10-ergebnisse-im-individual-der-jugendklassen\/\" \/>\n<meta property=\"og:site_name\" content=\"Sportler\" \/>\n<meta property=\"article:published_time\" content=\"2015-02-10T13:58:06+00:00\" \/>\n<meta property=\"article:modified_time\" content=\"2021-01-05T17:22:39+00:00\" \/>\n<meta property=\"og:image\" content=\"https:\/\/skimo.73.jarolim.eu\/sportler\/files\/2015\/02\/World-Championships-Verbier-2015_Individual-Junior_Verena-Streitberger_2_Photo-Willi-Seebacher-LR.jpg\" \/>\n\t<meta property=\"og:image:width\" content=\"1772\" \/>\n\t<meta property=\"og:image:height\" content=\"1181\" \/>\n<meta name=\"twitter:card\" content=\"summary\" \/>\n<meta name=\"twitter:label1\" content=\"Gesch\u00e4tzte Lesezeit\">\n\t<meta name=\"twitter:data1\" content=\"3\u00a0Minuten\">\n<script type=\"application\/ld+json\" class=\"yoast-schema-graph\">{\"@context\":\"https:\/\/schema.org\",\"@graph\":[{\"@type\":\"WebSite\",\"@id\":\"https:\/\/skimo.73.jarolim.eu\/sportler\/#website\",\"url\":\"https:\/\/skimo.73.jarolim.eu\/sportler\/\",\"name\":\"Sportler\",\"description\":\"\",\"potentialAction\":[{\"@type\":\"SearchAction\",\"target\":\"https:\/\/skimo.73.jarolim.eu\/sportler\/?s={search_term_string}\",\"query-input\":\"required name=search_term_string\"}],\"inLanguage\":\"de\"},{\"@type\":\"ImageObject\",\"@id\":\"https:\/\/www.skimo.at\/sportler\/3141\/weltmeisterschaft-verbier-tag-6-drei-athleten-drei-top-10-ergebnisse-im-individual-der-jugendklassen\/#primaryimage\",\"inLanguage\":\"de\",\"url\":\"https:\/\/www.skimo.at\/sportler\/files\/2015\/02\/World-Championships-Verbier-2015_Individual-Junior_Verena-Streitberger_2_Photo-Willi-Seebacher-LR.jpg\",\"contentUrl\":\"https:\/\/www.skimo.at\/sportler\/files\/2015\/02\/World-Championships-Verbier-2015_Individual-Junior_Verena-Streitberger_2_Photo-Willi-Seebacher-LR.jpg\",\"width\":1772,\"height\":1181},{\"@type\":\"WebPage\",\"@id\":\"https:\/\/www.skimo.at\/sportler\/3141\/weltmeisterschaft-verbier-tag-6-drei-athleten-drei-top-10-ergebnisse-im-individual-der-jugendklassen\/#webpage\",\"url\":\"https:\/\/www.skimo.at\/sportler\/3141\/weltmeisterschaft-verbier-tag-6-drei-athleten-drei-top-10-ergebnisse-im-individual-der-jugendklassen\/\",\"name\":\"Weltmeisterschaft Verbier Tag 6: Drei Athleten, drei Top-10 Ergebnisse im Individual der Jugendklassen - Sportler\",\"isPartOf\":{\"@id\":\"https:\/\/skimo.73.jarolim.eu\/sportler\/#website\"},\"primaryImageOfPage\":{\"@id\":\"https:\/\/www.skimo.at\/sportler\/3141\/weltmeisterschaft-verbier-tag-6-drei-athleten-drei-top-10-ergebnisse-im-individual-der-jugendklassen\/#primaryimage\"},\"datePublished\":\"2015-02-10T13:58:06+00:00\",\"dateModified\":\"2021-01-05T17:22:39+00:00\",\"author\":{\"@id\":\"https:\/\/skimo.73.jarolim.eu\/sportler\/#\/schema\/person\/89e18f4c3d09b5434dbc2dc0cefbcd30\"},\"breadcrumb\":{\"@id\":\"https:\/\/www.skimo.at\/sportler\/3141\/weltmeisterschaft-verbier-tag-6-drei-athleten-drei-top-10-ergebnisse-im-individual-der-jugendklassen\/#breadcrumb\"},\"inLanguage\":\"de\",\"potentialAction\":[{\"@type\":\"ReadAction\",\"target\":[\"https:\/\/www.skimo.at\/sportler\/3141\/weltmeisterschaft-verbier-tag-6-drei-athleten-drei-top-10-ergebnisse-im-individual-der-jugendklassen\/\"]}]},{\"@type\":\"BreadcrumbList\",\"@id\":\"https:\/\/www.skimo.at\/sportler\/3141\/weltmeisterschaft-verbier-tag-6-drei-athleten-drei-top-10-ergebnisse-im-individual-der-jugendklassen\/#breadcrumb\",\"itemListElement\":[{\"@type\":\"ListItem\",\"position\":1,\"item\":{\"@type\":\"WebPage\",\"@id\":\"https:\/\/skimo.73.jarolim.eu\/sportler\/\",\"url\":\"https:\/\/skimo.73.jarolim.eu\/sportler\/\",\"name\":\"Home\"}},{\"@type\":\"ListItem\",\"position\":2,\"item\":{\"@id\":\"https:\/\/www.skimo.at\/sportler\/3141\/weltmeisterschaft-verbier-tag-6-drei-athleten-drei-top-10-ergebnisse-im-individual-der-jugendklassen\/#webpage\"}}]},{\"@type\":\"Person\",\"@id\":\"https:\/\/skimo.73.jarolim.eu\/sportler\/#\/schema\/person\/89e18f4c3d09b5434dbc2dc0cefbcd30\",\"name\":\"aspielbuechler\",\"image\":{\"@type\":\"ImageObject\",\"@id\":\"https:\/\/skimo.73.jarolim.eu\/sportler\/#personlogo\",\"inLanguage\":\"de\",\"url\":\"https:\/\/secure.gravatar.com\/avatar\/1220d25619b41a33e4710c8b968dc56e?s=96&r=g\",\"contentUrl\":\"https:\/\/secure.gravatar.com\/avatar\/1220d25619b41a33e4710c8b968dc56e?s=96&r=g\",\"caption\":\"aspielbuechler\"},\"url\":\"https:\/\/www.skimo.at\/sportler\/author\/aspielbuechler\/\"}]}<\/script>\n<!-- \/ Yoast SEO plugin. -->","_links":{"self":[{"href":"https:\/\/www.skimo.at\/sportler\/wp-json\/wp\/v2\/posts\/3141"}],"collection":[{"href":"https:\/\/www.skimo.at\/sportler\/wp-json\/wp\/v2\/posts"}],"about":[{"href":"https:\/\/www.skimo.at\/sportler\/wp-json\/wp\/v2\/types\/post"}],"author":[{"embeddable":true,"href":"https:\/\/www.skimo.at\/sportler\/wp-json\/wp\/v2\/users\/4"}],"replies":[{"embeddable":true,"href":"https:\/\/www.skimo.at\/sportler\/wp-json\/wp\/v2\/comments?post=3141"}],"version-history":[{"count":3,"href":"https:\/\/www.skimo.at\/sportler\/wp-json\/wp\/v2\/posts\/3141\/revisions"}],"predecessor-version":[{"id":15655,"href":"https:\/\/www.skimo.at\/sportler\/wp-json\/wp\/v2\/posts\/3141\/revisions\/15655"}],"wp:featuredmedia":[{"embeddable":true,"href":"https:\/\/www.skimo.at\/sportler\/wp-json\/wp\/v2\/media\/3170"}],"wp:attachment":[{"href":"https:\/\/www.skimo.at\/sportler\/wp-json\/wp\/v2\/media?parent=3141"}],"wp:term":[{"taxonomy":"category","embeddable":true,"href":"https:\/\/www.skimo.at\/sportler\/wp-json\/wp\/v2\/categories?post=3141"},{"taxonomy":"post_tag","embeddable":true,"href":"https:\/\/www.skimo.at\/sportler\/wp-json\/wp\/v2\/tags?post=3141"}],"curies":[{"name":"wp","href":"https:\/\/api.w.org\/{rel}","templated":true}]}}