{"id":3102,"date":"2015-02-09T16:26:40","date_gmt":"2015-02-09T14:26:40","guid":{"rendered":"http:\/\/www.skimo.at\/sportler\/?p=3102"},"modified":"2021-01-05T19:20:57","modified_gmt":"2021-01-05T17:20:57","slug":"weltmeisterschaft-verbier-tag-5-solide-leistungen-der-oesterreicher-beim-individualrennen","status":"publish","type":"post","link":"https:\/\/www.skimo.at\/sportler\/3102\/weltmeisterschaft-verbier-tag-5-solide-leistungen-der-oesterreicher-beim-individualrennen\/","title":{"rendered":"Weltmeisterschaft Verbier Tag 5: solide Leistungen der \u00d6sterreicher beim Individualrennen"},"content":{"rendered":"<p>Bei besten Bedingungen mit strahlendem Sonnenschein, klirrender Morgenk\u00e4lte und Pulverschnee gingen die \u00d6sterreichischen Athleten heute zum Start der K\u00f6nigsdisziplin im Skibergsteigen, dem Individual-Rennen.<\/p>\n<p>Leider gab es bereits vor dem Fr\u00fchst\u00fcck eine schlechte Nachricht: <strong>Armin Neurauter (K\u00fchtai\/Tirol)<\/strong> hatte gestern nach einem schweren Trainingssturz eine intensive Behandlung durch Team-Physio Martin Schneider, kurzfristig sah es danach aus, als ob er heute w\u00fcrde starten k\u00f6nnen. Nach einer schlaflosen Nacht und massiver Schwellung des Sprunggelenks musste jedoch heute fr\u00fch die Entscheidung getroffen werden, Neurauter aus dem Rennen zu nehmen und nach Hause in die Klinik nach Innsbruck zur Untersuchung zu schicken.<br \/>\nMit ihm reiste auch <strong>Alex Fasser (Lermoos\/Tirol)<\/strong> ab, der nach seiner mangelnden Leistung im Vertical am Samstag und seiner angeschlagenen Gesundheit keine m\u00f6glichen weiteren Nominierungen f\u00fcr die restlichen Bewerbungen mehr abwartete.<\/p>\n<p>Am 4. Tag der WM der Skibergsteiger gab\u2019s schlie\u00dflich ein exzellentes Rennen f\u00fcr die Herren \u00fcber 1.700 H\u00f6henmeter mit vier Anstiegen, drei Tragepassagen und 4 Abfahrten. Die Damenstrecke ging \u00fcber 1.360 H\u00f6henmeter, 2 Tragepassagen und ebenfalls 4 Anstiege.<\/p>\n<p>Das Damenrennen mit 47 Teilnehmerinnen wurde etwas sp\u00e4ter als das Herrenrennen gestartet. Es konnte von der derzeit fast unbesiegbaren Laetitia Roux in 1:25:49 Stunden am schnellsten bew\u00e4ltigt werden, gefolgt von Maude Mathys (SUI) in 1:27:56 und Axelle Molarret (FRA) in 1:30:07. Gegen Laetitia gibt\u2019s derzeit kein Mittel, wie es ausschaut.<br \/>\nDer einzigen \u00d6sterreicherin im Feld, <strong>Heidi Bernsteiner (Werfenweng\/Salzburg),<\/strong> gelang ein sehr gutes Rennen, sie vers\u00e4umte in ihrem ersten internationalen Individualrennen mit Platz 21 in 1:41:12 Stunden knapp die Top20. In einem runden Lauf konnte Bernsteiner vor allem in der Mitte des Rennens Pl\u00e4tze gut machen, der eigentlich guten Skifahrerin fuhren aber speziell in der letzten schwierigen Abfahrt dennoch einige Athletinnen davon:<\/p>\n<blockquote><p><span style=\"font-size: inherit\">\u201eObwohl das Rennen gut gelaufen ist, bin ich entt\u00e4uscht wegen der Abfahrten, in denen ich mich gern besser gesehen h\u00e4tte. Hier wird gnadenlos runtergeprescht, Kampf um jeden Platz, ein v\u00f6llig irres Tempo.\u201c<\/span><\/p><\/blockquote>\n<p>Bei den Herren konnte sich einmal mehr der heuer wieder dominante Kilian Jornet (ESP) in 1:28:12 durchsetzen, gefolgt von Roberto Antoniolli (ITA) in 1:28:58 und Matteo Eydallin (ITA) in 1:28:59. W\u00e4hrend dem letztj\u00e4hrigen Weltcupsieger Damiano Lenzi (ITA) der Ski den Dienst versagte und er aufgeben musste, s\u00e4gten die Deutschen wieder ordentlich am Stuhl der Vormachtstellung der Westalpen-L\u00e4nder. Toni Palzer fixierte Platz 4 \u2013 und den bereits dritten (!)Weltmeistertitel in der Espoir-Klasse) \u2013 Toni Lautenbacher gelang Platz 17 und Seppi Rottmoser h\u00fcpfte auch Platz 28. Ein Wahnsinn, unsere Deutschen Nachbarn!<br \/>\nBei den \u00f6sterreichischen Herren konnte wiederum <strong>Martin Weisskopf (Pr\u00e4graten\/Tirol)<\/strong> die beste Platzierung des Tages fixieren<strong>.<\/strong> Ein technisch perfekter Lauf brachte f\u00fcr ihn Platz 23 in 1:35:07 Stunden. Weisskopf ist mit dem heutigen Rennen sehr zufrieden, allerdings nicht mit seiner Platzierung:<\/p>\n<blockquote><p>\u201cDas ganze Rennen \u00fcber konnte ich ein gutes Tempo durchhalten, am Ende sogar noch zulegen und einige Konkurrenten \u00fcberholen. Vielleicht hat mir am Ende ein bisschen die Spritzigkeit gefehlt, sonst w\u00e4ren vielleicht noch ein paar R\u00e4nge drin gewesen. Insgesamt bin ich aber mit dem Zeitr\u00fcckstand von 6:50 Minuten sehr zufrieden, die hohe Platzierung taugt mir aber weniger.\u201d<\/p><\/blockquote>\n<p><strong>Daniel Zugg (St. Gallenkirch\/Vorarlberg) <\/strong>konnte sich mit einer sehr guten Leistung gesamt auf Platz 32 in 1:37:32 Stunden einreihen und schrammte in seiner Altersklasse Espoir knapp an Platz 5 vorbei. Nur um 14 Sekunden musste er seinen italienischen Konkurrenten Luca Faifer ziehen lassen<strong>. <\/strong>Der 6. Platz in seiner Klasse \u2013 gesamt Platz 29 \u2013 ist das Resultat eines guten Rennens. Zugg k\u00e4mpfte den ganzen Rennverlauf hindurch:<\/p>\n<blockquote>\n<p style=\"padding-left: 30px\">\u201eAm Start hatte ich kein gutes Gef\u00fchl, nach ein paar Minuten hab ich mich aber gefangen und es ging ausgesprochen gut. Ich habe gewusst, dass ich mit Faifer um den 5. Platz bei den Espoirs k\u00e4mpfe und habe in pausenlos attackiert, leider am Ende ohne Erfolg. Mit dem 6. Platz bin ich aber letztlich sehr zufrieden.\u201c<\/p>\n<\/blockquote>\n<p>F\u00fcr <strong>Jakob Herrmann (Werfenweng\/Salzburg) <\/strong>lief es heute unter seinen pers\u00f6nlichen Erwartungen. Platz 40 in 1:41:52 Stunden lag unter den M\u00f6glichkeiten. Er k\u00e4mpfte das ganze Rennen \u00fcber mit schlechter Form, R\u00fcckstand und Platzierung sind dem entsprechend nicht zufriedenstellend. F\u00fcr Herrmann<\/p>\n<blockquote>\n<p style=\"padding-left: 30px\">\u201cIch war total m\u00fcde heute und hatte schwere Beine. Ein Kampf von Anfang bis Ende. Ich hatte mir viel vorgenommen, aber mehr war einfach nicht drin.\u201d<\/p>\n<\/blockquote>\n<p><em>\u00a0<\/em><\/p>\n<p>Als Ersatz f\u00fcr den fr\u00fchzeitig abgereisten Alex Fasser kam heute <strong>Thomas Wallner (Bischofshofen\/Salzburg) <\/strong>zum Zug. Er musste dem hohen Tempo und der Dichte des Feldes Tribut zollen und landete abgeschlagen auf Platz 57 in einer Zeit von 1:48:25 Stunden. Wallner verlor in der ersten Rennh\u00e4lfte Platz um Platz und hatte technische Probleme, eine gute 2. Rennh\u00e4lfte konnte nichts mehr am Ergebnis \u00e4ndern. Die Erkenntnis des sich nun auf das Teamrennen am Mittwoch zusammen Daniel Rohringer vorbereitenden Salzburgers:<\/p>\n<blockquote>\n<p style=\"padding-left: 30px\">\u201eIch habe nach dem Start \u00fcberdreht. Das Feld ist so stark und k\u00e4mpft um jeden Platz mit allen Mitteln, sodass ein Aufholen praktisch unm\u00f6glich ist. F\u00fcr Donnerstag m\u00fcssen wir das ber\u00fccksichtigen. Das heutige Rennen ist abzuhaken.\u201c<\/p>\n<\/blockquote>\n<p><span style=\"text-decoration: underline\">Res\u00fcmee\u00a0des Tages:<\/span><\/p>\n<p>Ein durchaus akzeptables Ergebnis im gesamten betrachtet. Ein bisschen Entt\u00e4uschung mischt sich ob der ungl\u00fccklichen Kleinigkeiten im Team in die positive Stimmung, denn jeden Tag gibts Dinge, die einfach nicht rund laufen, so heute z.B. das Verletzungspech von Armin Neurauter und der knapp 6. Platz von Daniel Zugg. Zudem hat uns heute die Regelung der Startquoten voll erwischt: die f\u00fchrenden Nationen haben bei besserer Platzierung wesentlich h\u00f6here Quoten f\u00fcr ihre Entsendungen. Im Fall von Italien hei\u00dft das, dass hier mit extrem vielen Athleten, speziell in den Jugendklassen, aufgefahren wird.<\/p>\n<p><strong>Alexander Lugger <\/strong>beurteilt die Ergebnisse des heutigen Individualrennens n\u00fcchtern, aber positiv:<\/p>\n<blockquote>\n<p style=\"padding-left: 30px\">\u201eDie Ergebnisse von Weisskopf und Zugg sind sehr gut\u00a0und entsprechen den Erwartungen im heutigen Rennen in Bezug auf den R\u00fcckstand auf die Weltspitze. Der Rest der Platzierungen ist zwar mannschaftlich gesehen OK, aber auf die Einzelsportler gesehen nicht optimal. Leider spielt uns auch die WM-Quotenregelung entgegen, so hatte Italien 12 Sportler am Start, wir nur 4. Das entschuldigt nichts, aber bringt zus\u00e4tzlichen Druck iauf Anschlussnationen wie \u00d6sterreich.\u201c<\/p>\n<\/blockquote>\n<p>Morgen Dienstag 10.2.2015 wird im Individualrennen der Jugend wieder das starke Trio Verena Streitberger, Ina Forchthammer und Jakob Siedler ins Rennen gehen. Die Vorbereitungen laufen bei bester Stimmung im Team.<strong> Hopp Austria!<\/strong><\/p>\n","protected":false},"excerpt":{"rendered":"<p>Bei besten Bedingungen mit strahlendem Sonnenschein, klirrender Morgenk\u00e4lte und Pulverschnee gingen die \u00d6sterreichischen Athleten heute zum Start der K\u00f6nigsdisziplin im Skibergsteigen, dem Individual-Rennen. Leider gab es bereits vor dem Fr\u00fchst\u00fcck eine schlechte Nachricht: Armin Neurauter (K\u00fchtai\/Tirol) hatte gestern nach einem schweren Trainingssturz eine intensive Behandlung durch Team-Physio Martin Schneider, kurzfristig sah es danach aus, als [&hellip;]<\/p>\n","protected":false},"author":3,"featured_media":3132,"comment_status":"closed","ping_status":"closed","sticky":false,"template":"","format":"standard","meta":[],"categories":[1,9,3,7],"tags":[73,33,34,42,77,76,71,63,50,35,49,29,37,74,72,24,16,69,70,75,40,59,32],"yoast_head":"<!-- This site is optimized with the Yoast SEO plugin v16.3 - https:\/\/yoast.com\/wordpress\/plugins\/seo\/ -->\n<title>Weltmeisterschaft Verbier Tag 5: solide Leistungen der \u00d6sterreicher beim Individualrennen - Sportler<\/title>\n<meta name=\"robots\" content=\"index, follow, max-snippet:-1, max-image-preview:large, max-video-preview:-1\" \/>\n<link rel=\"canonical\" href=\"https:\/\/www.skimo.at\/sportler\/3102\/weltmeisterschaft-verbier-tag-5-solide-leistungen-der-oesterreicher-beim-individualrennen\/\" \/>\n<meta property=\"og:locale\" content=\"de_DE\" \/>\n<meta property=\"og:type\" content=\"article\" \/>\n<meta property=\"og:title\" content=\"Weltmeisterschaft Verbier Tag 5: solide Leistungen der \u00d6sterreicher beim Individualrennen - Sportler\" \/>\n<meta property=\"og:description\" content=\"Bei besten Bedingungen mit strahlendem Sonnenschein, klirrender Morgenk\u00e4lte und Pulverschnee gingen die \u00d6sterreichischen Athleten heute zum Start der K\u00f6nigsdisziplin im Skibergsteigen, dem Individual-Rennen. Leider gab es bereits vor dem Fr\u00fchst\u00fcck eine schlechte Nachricht: Armin Neurauter (K\u00fchtai\/Tirol) hatte gestern nach einem schweren Trainingssturz eine intensive Behandlung durch Team-Physio Martin Schneider, kurzfristig sah es danach aus, als [&hellip;]\" \/>\n<meta property=\"og:url\" content=\"https:\/\/www.skimo.at\/sportler\/3102\/weltmeisterschaft-verbier-tag-5-solide-leistungen-der-oesterreicher-beim-individualrennen\/\" \/>\n<meta property=\"og:site_name\" content=\"Sportler\" \/>\n<meta property=\"article:published_time\" content=\"2015-02-09T14:26:40+00:00\" \/>\n<meta property=\"article:modified_time\" content=\"2021-01-05T17:20:57+00:00\" \/>\n<meta property=\"og:image\" content=\"https:\/\/skimo.73.jarolim.eu\/sportler\/files\/2015\/02\/World-Championships-Verbier-2015_Individual-Senior_Martin-Weisskopf-1_Photo-Willi-Seebacher-LR.jpg\" \/>\n\t<meta property=\"og:image:width\" content=\"1181\" \/>\n\t<meta property=\"og:image:height\" content=\"1772\" \/>\n<meta name=\"twitter:card\" content=\"summary\" \/>\n<meta name=\"twitter:label1\" content=\"Gesch\u00e4tzte Lesezeit\">\n\t<meta name=\"twitter:data1\" content=\"5\u00a0Minuten\">\n<script type=\"application\/ld+json\" class=\"yoast-schema-graph\">{\"@context\":\"https:\/\/schema.org\",\"@graph\":[{\"@type\":\"WebSite\",\"@id\":\"https:\/\/skimo.73.jarolim.eu\/sportler\/#website\",\"url\":\"https:\/\/skimo.73.jarolim.eu\/sportler\/\",\"name\":\"Sportler\",\"description\":\"\",\"potentialAction\":[{\"@type\":\"SearchAction\",\"target\":\"https:\/\/skimo.73.jarolim.eu\/sportler\/?s={search_term_string}\",\"query-input\":\"required name=search_term_string\"}],\"inLanguage\":\"de\"},{\"@type\":\"ImageObject\",\"@id\":\"https:\/\/www.skimo.at\/sportler\/3102\/weltmeisterschaft-verbier-tag-5-solide-leistungen-der-oesterreicher-beim-individualrennen\/#primaryimage\",\"inLanguage\":\"de\",\"url\":\"https:\/\/www.skimo.at\/sportler\/files\/2015\/02\/World-Championships-Verbier-2015_Individual-Senior_Martin-Weisskopf-1_Photo-Willi-Seebacher-LR.jpg\",\"contentUrl\":\"https:\/\/www.skimo.at\/sportler\/files\/2015\/02\/World-Championships-Verbier-2015_Individual-Senior_Martin-Weisskopf-1_Photo-Willi-Seebacher-LR.jpg\",\"width\":1181,\"height\":1772},{\"@type\":\"WebPage\",\"@id\":\"https:\/\/www.skimo.at\/sportler\/3102\/weltmeisterschaft-verbier-tag-5-solide-leistungen-der-oesterreicher-beim-individualrennen\/#webpage\",\"url\":\"https:\/\/www.skimo.at\/sportler\/3102\/weltmeisterschaft-verbier-tag-5-solide-leistungen-der-oesterreicher-beim-individualrennen\/\",\"name\":\"Weltmeisterschaft Verbier Tag 5: solide Leistungen der \\u00d6sterreicher beim Individualrennen - Sportler\",\"isPartOf\":{\"@id\":\"https:\/\/skimo.73.jarolim.eu\/sportler\/#website\"},\"primaryImageOfPage\":{\"@id\":\"https:\/\/www.skimo.at\/sportler\/3102\/weltmeisterschaft-verbier-tag-5-solide-leistungen-der-oesterreicher-beim-individualrennen\/#primaryimage\"},\"datePublished\":\"2015-02-09T14:26:40+00:00\",\"dateModified\":\"2021-01-05T17:20:57+00:00\",\"author\":{\"@id\":\"https:\/\/skimo.73.jarolim.eu\/sportler\/#\/schema\/person\/796ecbce6796efca58bf848ca63ec12c\"},\"breadcrumb\":{\"@id\":\"https:\/\/www.skimo.at\/sportler\/3102\/weltmeisterschaft-verbier-tag-5-solide-leistungen-der-oesterreicher-beim-individualrennen\/#breadcrumb\"},\"inLanguage\":\"de\",\"potentialAction\":[{\"@type\":\"ReadAction\",\"target\":[\"https:\/\/www.skimo.at\/sportler\/3102\/weltmeisterschaft-verbier-tag-5-solide-leistungen-der-oesterreicher-beim-individualrennen\/\"]}]},{\"@type\":\"BreadcrumbList\",\"@id\":\"https:\/\/www.skimo.at\/sportler\/3102\/weltmeisterschaft-verbier-tag-5-solide-leistungen-der-oesterreicher-beim-individualrennen\/#breadcrumb\",\"itemListElement\":[{\"@type\":\"ListItem\",\"position\":1,\"item\":{\"@type\":\"WebPage\",\"@id\":\"https:\/\/skimo.73.jarolim.eu\/sportler\/\",\"url\":\"https:\/\/skimo.73.jarolim.eu\/sportler\/\",\"name\":\"Home\"}},{\"@type\":\"ListItem\",\"position\":2,\"item\":{\"@id\":\"https:\/\/www.skimo.at\/sportler\/3102\/weltmeisterschaft-verbier-tag-5-solide-leistungen-der-oesterreicher-beim-individualrennen\/#webpage\"}}]},{\"@type\":\"Person\",\"@id\":\"https:\/\/skimo.73.jarolim.eu\/sportler\/#\/schema\/person\/796ecbce6796efca58bf848ca63ec12c\",\"name\":\"kposch\",\"image\":{\"@type\":\"ImageObject\",\"@id\":\"https:\/\/skimo.73.jarolim.eu\/sportler\/#personlogo\",\"inLanguage\":\"de\",\"url\":\"https:\/\/secure.gravatar.com\/avatar\/e9f5f28da60e5e563d3f4d3cc0b9b425?s=96&r=g\",\"contentUrl\":\"https:\/\/secure.gravatar.com\/avatar\/e9f5f28da60e5e563d3f4d3cc0b9b425?s=96&r=g\",\"caption\":\"kposch\"},\"url\":\"https:\/\/www.skimo.at\/sportler\/author\/kposch\/\"}]}<\/script>\n<!-- \/ Yoast SEO plugin. -->","_links":{"self":[{"href":"https:\/\/www.skimo.at\/sportler\/wp-json\/wp\/v2\/posts\/3102"}],"collection":[{"href":"https:\/\/www.skimo.at\/sportler\/wp-json\/wp\/v2\/posts"}],"about":[{"href":"https:\/\/www.skimo.at\/sportler\/wp-json\/wp\/v2\/types\/post"}],"author":[{"embeddable":true,"href":"https:\/\/www.skimo.at\/sportler\/wp-json\/wp\/v2\/users\/3"}],"replies":[{"embeddable":true,"href":"https:\/\/www.skimo.at\/sportler\/wp-json\/wp\/v2\/comments?post=3102"}],"version-history":[{"count":4,"href":"https:\/\/www.skimo.at\/sportler\/wp-json\/wp\/v2\/posts\/3102\/revisions"}],"predecessor-version":[{"id":15653,"href":"https:\/\/www.skimo.at\/sportler\/wp-json\/wp\/v2\/posts\/3102\/revisions\/15653"}],"wp:featuredmedia":[{"embeddable":true,"href":"https:\/\/www.skimo.at\/sportler\/wp-json\/wp\/v2\/media\/3132"}],"wp:attachment":[{"href":"https:\/\/www.skimo.at\/sportler\/wp-json\/wp\/v2\/media?parent=3102"}],"wp:term":[{"taxonomy":"category","embeddable":true,"href":"https:\/\/www.skimo.at\/sportler\/wp-json\/wp\/v2\/categories?post=3102"},{"taxonomy":"post_tag","embeddable":true,"href":"https:\/\/www.skimo.at\/sportler\/wp-json\/wp\/v2\/tags?post=3102"}],"curies":[{"name":"wp","href":"https:\/\/api.w.org\/{rel}","templated":true}]}}