{"id":3054,"date":"2015-02-08T14:33:32","date_gmt":"2015-02-08T12:33:32","guid":{"rendered":"http:\/\/www.skimo.at\/sportler\/?p=3054"},"modified":"2021-01-05T19:18:47","modified_gmt":"2021-01-05T17:18:47","slug":"weltmeisterschaft-verbier-tag-4-wm-bronze-im-vertical-race-bildbericht-mit-ergebnissen","status":"publish","type":"post","link":"https:\/\/www.skimo.at\/sportler\/3054\/weltmeisterschaft-verbier-tag-4-wm-bronze-im-vertical-race-bildbericht-mit-ergebnissen\/","title":{"rendered":"Weltmeisterschaft Verbier Tag 4: WM Bronze im Vertical Race &#8211; Bildbericht mit Ergebnissen"},"content":{"rendered":"\n<p><strong>Das Nationalteam freut sich sehr \u00fcber das erste Edelmetall dieser Weltmeisterschaft durch Verena Streitberger. Leider konnte die zweite Medaillenhoffnung (Jakob Siedler) die anf\u00e4ngliche Leistung nicht ins Ziel bringen.<\/strong><\/p>\n\n\n\n<p>Strahlender Sonnenschein und klirrende K\u00e4lte im Schatten. Die Bedingungen auf der Strecke&nbsp;perfekt. Der Rahmen des Vertical Race der Junior und Cadet Klassen konnte auch wegen der sehr zahlreich erschienen und lautstarken Zuschauer entlang der Strecke nicht besser sein. Vor allem im Zielbereich bereiteten die Fans den Athleten einen euphorischen Empfang.<\/p>\n\n\n\n<p>Um 9.00 fiel der Startschuss f\u00fcr beide Klassen. Die Startpunkte unterschieden sich: Die Junioren der Herren begannen ihr ca. 3,2 km langes Rennen am \u201eLa Place Blanche\u201c direkt im Ortskern von Verbier. 655 H\u00f6henmeter sp\u00e4ter erreichten sie ihr auf 2180 hm gelegenes Ziel \u2013 Les Ruinettes. Die Junioren der Damen und die Cadet Klasse starteten von Clambin aus zu ihrem 460 hm Anstieg (ca. 2,1 km) zum selben Zielpunkt. Die heutigen Rennen fanden also in verk\u00fcrzter Form auf der gestrigen Strecke (Vertical Race Senior und Espoir) statt.<\/p>\n\n\n\n<p>Dieser zweite Tag der Vertical Races der diesj\u00e4hrigen Weltmeisterschaft wurde mit einem lachenden und einem weinenden Auge beendet. <strong>Verena Streitberger<\/strong> (Maishofen\/SALZBURG) konnte sich in der Junior Klasse behaupten und erreichte einen tollen dritten Platz. Das Rennen verlief f\u00fcr sie von Anfang an sehr gut. Es war ein sehr aggressives Rennen und sie konnte zun\u00e4chst&nbsp;um Platz zwei mitk\u00e4mpfen. Leider war die Strecke insgesamt eher flach angelegt, sodass sie ihre St\u00e4rke f\u00fcr steile, technische Passagen nicht ausspielen konnte.<\/p>\n\n\n\n<blockquote class=\"wp-block-quote\"><p>\u201eHeute ist einfach alles gut gelaufen, vom Start weg konnte ich gut mit den F\u00fchrenden mithalten. Das Rennen war hart, aber ich wusste, dass hinter mir nicht so schnell jemand kommt und vor mir nur zwei Junioren und eine Cadet (Anmerkung Redaktion: Justine Tonso (FRA) \u2013 Siegerin der Cadet Klasse und zweite Dame des heutigen Tages) war, also lag ich von Beginn weg auf Kurs in Richtung Medaille. Ich bin wirklich sehr gl\u00fccklich \u00fcber dieses\u00a0Ergebnis, ich kann es noch gar nicht richtig fassen, einfach genial&#8220;<\/p><cite>so die 17-j\u00e4hrige Salzburgerin\u00a0Verena Streitberger.<\/cite><\/blockquote>\n\n\n\n<p>Nationalteamtrainer Alexander Lugger wusste diesbez\u00fcglich nicht Bescheid und erlebte deswegen eine kleine Schrecksekunde als Streitberger als Vierte ins Ziel eintraf. F\u00fcr das Individual Race am Dienstag rechnet sich Lugger vor allem auch auf Grund der heutigen Leistungen f\u00fcr Streitberger gute Chancen aus.<\/p>\n\n\n\n<p>Das weinende Auge galt heute leider<strong> Jakob Siedler<\/strong> (Alpbach). Der 15-j\u00e4hrige Tiroler\u00a0hatte realistische Chancen auf einen Podestplatz. Zu Beginn lag er einige Zeit an dritter Stelle. Da das Tempo f\u00fcr ihn gut passte, wollte er auch attackieren. Nach ca. der H\u00e4lfte der Rennstrecke bekam er pl\u00f6tzlich erhebliche Probleme mit der Atmung. Leider blieb ihm nichts anderes \u00fcbrig als an der Seite stehen zu bleiben. Die Konkurrenz konnte an ihm vorbeiziehen.\u00a0<\/p>\n\n\n\n<blockquote class=\"wp-block-quote\"><p><em>\u201eZu meiner gro\u00dfen Entt\u00e4uschung konnte ich danach nur mehr ins Ziel hinauf ,ausgehen&#8216;<\/em>&#8222;<\/p><cite>so\u00a0Jakob Siedler im Ziel.<\/cite><\/blockquote>\n\n\n\n<p>Der extra f\u00fcr Jakob Siedler aus Tirol angereiste Fanclub mit Vater, Schwester und Freunden erwartete den Athleten mit Transparente auf den letzten H\u00f6henmetern. Nat\u00fcrlich feierten die \u00f6sterreichischen Fans die beiden anderen Teammitglieder lautstark entlang des Zielsprints an.<\/p>\n\n\n\n<p><strong>Ina Forchthammer<\/strong> (St. Johann i.Pg.\/SALZBURG) belegte den neunten Platz in der Junioren Klasse.\u00a0<\/p>\n\n\n\n<blockquote class=\"wp-block-quote\"><p><em>\u201eDie st\u00e4ndigen Rhythmuswechsel \u2013 flach und steil \u2013 forderten mich sehr. Trotzdem f\u00fchle ich mich im Vergleich zum Vorjahr viel besser, vor allem weil mich die Konkurrenz nicht mehr bedeutend abh\u00e4ngen kann&#8220;<\/em><\/p><cite>Ina Forchthammer<\/cite><\/blockquote>\n\n\n\n<p>Morgen geht&#8217;s mit dem Individual Race der Klassen Senior und Espoir weiter. Wir werden nat\u00fcrlich berichten, sobald erste Ergebnisse vorliegen. Daumen dr\u00fccken f\u00fcr unsere Herren und Heidi bei den Damen. Die Jugendklassen sind dann am Dienstag mit dem Individual Race an der Reihe.<\/p>\n\n\n\n<p>Danke an Willi Seebacher und Alex Lugger f\u00fcr die tollen Bilder!<\/p>\n\n\n\n<p>Text: Melanie Roth<\/p>\n","protected":false},"excerpt":{"rendered":"<p>Das Nationalteam freut sich sehr \u00fcber das erste Edelmetall dieser Weltmeisterschaft durch Verena Streitberger. Leider konnte die zweite Medaillenhoffnung (Jakob Siedler) die anf\u00e4ngliche Leistung nicht ins Ziel bringen. Strahlender Sonnenschein und klirrende K\u00e4lte im Schatten. Die Bedingungen auf der Strecke&nbsp;perfekt. Der Rahmen des Vertical Race der Junior und Cadet Klassen konnte auch wegen der sehr [&hellip;]<\/p>\n","protected":false},"author":4,"featured_media":3069,"comment_status":"closed","ping_status":"closed","sticky":false,"template":"","format":"standard","meta":[],"categories":[1,9,3,7],"tags":[51,67,30,13,61,29,64,37,59,32,12,66,68,65],"yoast_head":"<!-- This site is optimized with the Yoast SEO plugin v16.3 - https:\/\/yoast.com\/wordpress\/plugins\/seo\/ -->\n<title>Weltmeisterschaft Verbier Tag 4: WM Bronze im Vertical Race - Bildbericht mit Ergebnissen - Sportler<\/title>\n<meta name=\"robots\" content=\"index, follow, max-snippet:-1, max-image-preview:large, max-video-preview:-1\" \/>\n<link rel=\"canonical\" href=\"https:\/\/www.skimo.at\/sportler\/3054\/weltmeisterschaft-verbier-tag-4-wm-bronze-im-vertical-race-bildbericht-mit-ergebnissen\/\" \/>\n<meta property=\"og:locale\" content=\"de_DE\" \/>\n<meta property=\"og:type\" content=\"article\" \/>\n<meta property=\"og:title\" content=\"Weltmeisterschaft Verbier Tag 4: WM Bronze im Vertical Race - Bildbericht mit Ergebnissen - Sportler\" \/>\n<meta property=\"og:description\" content=\"Das Nationalteam freut sich sehr \u00fcber das erste Edelmetall dieser Weltmeisterschaft durch Verena Streitberger. Leider konnte die zweite Medaillenhoffnung (Jakob Siedler) die anf\u00e4ngliche Leistung nicht ins Ziel bringen. Strahlender Sonnenschein und klirrende K\u00e4lte im Schatten. Die Bedingungen auf der Strecke&nbsp;perfekt. Der Rahmen des Vertical Race der Junior und Cadet Klassen konnte auch wegen der sehr [&hellip;]\" \/>\n<meta property=\"og:url\" content=\"https:\/\/www.skimo.at\/sportler\/3054\/weltmeisterschaft-verbier-tag-4-wm-bronze-im-vertical-race-bildbericht-mit-ergebnissen\/\" \/>\n<meta property=\"og:site_name\" content=\"Sportler\" \/>\n<meta property=\"article:published_time\" content=\"2015-02-08T12:33:32+00:00\" \/>\n<meta property=\"article:modified_time\" content=\"2021-01-05T17:18:47+00:00\" \/>\n<meta property=\"og:image\" content=\"https:\/\/skimo.73.jarolim.eu\/sportler\/files\/2015\/02\/World-Championships-Verbier-2015_Vertical-junior_17_Photo-Willi-Seebacher-LR.jpg\" \/>\n\t<meta property=\"og:image:width\" content=\"1772\" \/>\n\t<meta property=\"og:image:height\" content=\"1181\" \/>\n<meta name=\"twitter:card\" content=\"summary\" \/>\n<meta name=\"twitter:label1\" content=\"Gesch\u00e4tzte Lesezeit\">\n\t<meta name=\"twitter:data1\" content=\"3\u00a0Minuten\">\n<script type=\"application\/ld+json\" class=\"yoast-schema-graph\">{\"@context\":\"https:\/\/schema.org\",\"@graph\":[{\"@type\":\"WebSite\",\"@id\":\"https:\/\/skimo.73.jarolim.eu\/sportler\/#website\",\"url\":\"https:\/\/skimo.73.jarolim.eu\/sportler\/\",\"name\":\"Sportler\",\"description\":\"\",\"potentialAction\":[{\"@type\":\"SearchAction\",\"target\":\"https:\/\/skimo.73.jarolim.eu\/sportler\/?s={search_term_string}\",\"query-input\":\"required name=search_term_string\"}],\"inLanguage\":\"de\"},{\"@type\":\"ImageObject\",\"@id\":\"https:\/\/www.skimo.at\/sportler\/3054\/weltmeisterschaft-verbier-tag-4-wm-bronze-im-vertical-race-bildbericht-mit-ergebnissen\/#primaryimage\",\"inLanguage\":\"de\",\"url\":\"https:\/\/www.skimo.at\/sportler\/files\/2015\/02\/World-Championships-Verbier-2015_Vertical-junior_17_Photo-Willi-Seebacher-LR.jpg\",\"contentUrl\":\"https:\/\/www.skimo.at\/sportler\/files\/2015\/02\/World-Championships-Verbier-2015_Vertical-junior_17_Photo-Willi-Seebacher-LR.jpg\",\"width\":1772,\"height\":1181},{\"@type\":\"WebPage\",\"@id\":\"https:\/\/www.skimo.at\/sportler\/3054\/weltmeisterschaft-verbier-tag-4-wm-bronze-im-vertical-race-bildbericht-mit-ergebnissen\/#webpage\",\"url\":\"https:\/\/www.skimo.at\/sportler\/3054\/weltmeisterschaft-verbier-tag-4-wm-bronze-im-vertical-race-bildbericht-mit-ergebnissen\/\",\"name\":\"Weltmeisterschaft Verbier Tag 4: WM Bronze im Vertical Race - Bildbericht mit Ergebnissen - Sportler\",\"isPartOf\":{\"@id\":\"https:\/\/skimo.73.jarolim.eu\/sportler\/#website\"},\"primaryImageOfPage\":{\"@id\":\"https:\/\/www.skimo.at\/sportler\/3054\/weltmeisterschaft-verbier-tag-4-wm-bronze-im-vertical-race-bildbericht-mit-ergebnissen\/#primaryimage\"},\"datePublished\":\"2015-02-08T12:33:32+00:00\",\"dateModified\":\"2021-01-05T17:18:47+00:00\",\"author\":{\"@id\":\"https:\/\/skimo.73.jarolim.eu\/sportler\/#\/schema\/person\/89e18f4c3d09b5434dbc2dc0cefbcd30\"},\"breadcrumb\":{\"@id\":\"https:\/\/www.skimo.at\/sportler\/3054\/weltmeisterschaft-verbier-tag-4-wm-bronze-im-vertical-race-bildbericht-mit-ergebnissen\/#breadcrumb\"},\"inLanguage\":\"de\",\"potentialAction\":[{\"@type\":\"ReadAction\",\"target\":[\"https:\/\/www.skimo.at\/sportler\/3054\/weltmeisterschaft-verbier-tag-4-wm-bronze-im-vertical-race-bildbericht-mit-ergebnissen\/\"]}]},{\"@type\":\"BreadcrumbList\",\"@id\":\"https:\/\/www.skimo.at\/sportler\/3054\/weltmeisterschaft-verbier-tag-4-wm-bronze-im-vertical-race-bildbericht-mit-ergebnissen\/#breadcrumb\",\"itemListElement\":[{\"@type\":\"ListItem\",\"position\":1,\"item\":{\"@type\":\"WebPage\",\"@id\":\"https:\/\/skimo.73.jarolim.eu\/sportler\/\",\"url\":\"https:\/\/skimo.73.jarolim.eu\/sportler\/\",\"name\":\"Home\"}},{\"@type\":\"ListItem\",\"position\":2,\"item\":{\"@id\":\"https:\/\/www.skimo.at\/sportler\/3054\/weltmeisterschaft-verbier-tag-4-wm-bronze-im-vertical-race-bildbericht-mit-ergebnissen\/#webpage\"}}]},{\"@type\":\"Person\",\"@id\":\"https:\/\/skimo.73.jarolim.eu\/sportler\/#\/schema\/person\/89e18f4c3d09b5434dbc2dc0cefbcd30\",\"name\":\"aspielbuechler\",\"image\":{\"@type\":\"ImageObject\",\"@id\":\"https:\/\/skimo.73.jarolim.eu\/sportler\/#personlogo\",\"inLanguage\":\"de\",\"url\":\"https:\/\/secure.gravatar.com\/avatar\/1220d25619b41a33e4710c8b968dc56e?s=96&r=g\",\"contentUrl\":\"https:\/\/secure.gravatar.com\/avatar\/1220d25619b41a33e4710c8b968dc56e?s=96&r=g\",\"caption\":\"aspielbuechler\"},\"url\":\"https:\/\/www.skimo.at\/sportler\/author\/aspielbuechler\/\"}]}<\/script>\n<!-- \/ Yoast SEO plugin. -->","_links":{"self":[{"href":"https:\/\/www.skimo.at\/sportler\/wp-json\/wp\/v2\/posts\/3054"}],"collection":[{"href":"https:\/\/www.skimo.at\/sportler\/wp-json\/wp\/v2\/posts"}],"about":[{"href":"https:\/\/www.skimo.at\/sportler\/wp-json\/wp\/v2\/types\/post"}],"author":[{"embeddable":true,"href":"https:\/\/www.skimo.at\/sportler\/wp-json\/wp\/v2\/users\/4"}],"replies":[{"embeddable":true,"href":"https:\/\/www.skimo.at\/sportler\/wp-json\/wp\/v2\/comments?post=3054"}],"version-history":[{"count":10,"href":"https:\/\/www.skimo.at\/sportler\/wp-json\/wp\/v2\/posts\/3054\/revisions"}],"predecessor-version":[{"id":15651,"href":"https:\/\/www.skimo.at\/sportler\/wp-json\/wp\/v2\/posts\/3054\/revisions\/15651"}],"wp:featuredmedia":[{"embeddable":true,"href":"https:\/\/www.skimo.at\/sportler\/wp-json\/wp\/v2\/media\/3069"}],"wp:attachment":[{"href":"https:\/\/www.skimo.at\/sportler\/wp-json\/wp\/v2\/media?parent=3054"}],"wp:term":[{"taxonomy":"category","embeddable":true,"href":"https:\/\/www.skimo.at\/sportler\/wp-json\/wp\/v2\/categories?post=3054"},{"taxonomy":"post_tag","embeddable":true,"href":"https:\/\/www.skimo.at\/sportler\/wp-json\/wp\/v2\/tags?post=3054"}],"curies":[{"name":"wp","href":"https:\/\/api.w.org\/{rel}","templated":true}]}}