{"id":2944,"date":"2015-02-06T17:25:26","date_gmt":"2015-02-06T15:25:26","guid":{"rendered":"http:\/\/www.skimo.at\/sportler\/?p=2944"},"modified":"2021-01-05T19:14:24","modified_gmt":"2021-01-05T17:14:24","slug":"weltmeisterschaft-verbier-tag-2-knapp-an-der-wm-medaille-im-sprint-vorbei-geschrammt","status":"publish","type":"post","link":"https:\/\/www.skimo.at\/sportler\/2944\/weltmeisterschaft-verbier-tag-2-knapp-an-der-wm-medaille-im-sprint-vorbei-geschrammt\/","title":{"rendered":"Weltmeisterschaft Verbier Tag 2: Knapp an der WM-Medaille im Sprint vorbei geschrammt\u2026"},"content":{"rendered":"\n<p>Mit einem lachenden und einem weinenden Auge konnte die \u00d6sterreichische Nationalmannschaft den ersten Bewerb der Weltmeisterschaft im Skibergsteigen in Verbier (SUI), das Sprint Race (Freitag, 6.2.2015) beenden. Weinendes Auge, weil die Platzierungen besser h\u00e4tten ausfallen k\u00f6nnen, aber lachendes Auge trotzdem, denn die Leistungen der Athleten waren auf hohem Niveau, das Gl\u00fcck jedoch nicht ganz auf \u00d6sterreichs Seite\u2026<\/p>\n\n\n\n<p>Im Spint Race haben die Athleten einen drei bis vier min\u00fctigen Rundkurs mit Aufstieg, Abfahrt und Tragepassage zu meistern, erst nach einer Qualifikationsrunde sind die besten unter ihnen f\u00fcr die folgenden Finall\u00e4ufe zugelassen. Als erster schaffte der 15-j\u00e4hrige <strong>Jakob Siedler <\/strong>(Tirol, Alpbach) mit der f\u00fcnftbesten Zeit in seiner Cadet Klasse grandios den Einzug ins Finale. Der j\u00fcngste Athlet im Team schlug sich in der Finalrunde hervorragend, bis ihm bei der Tragepassage der Stock brach, er dadurch eine Position verschenken musste und sich nur mehr auf dem 4. Rang einordnen konnte. Eine zus\u00e4tzliche Zeitstrafe kostete ihm letztendlich noch weitere Platzierungen und lie\u00df ihn auf Rang 6 zur\u00fcckfallen. Dementsprechend bitter die Entt\u00e4uschung im Ziel:&nbsp;<\/p>\n\n\n\n<blockquote class=\"wp-block-quote\"><p>\u201eTrotz einem Fehler im ersten Lauf und dem anschlie\u00dfenden Stockbruch im Finale war ich hervorragend mit dabei. Letztendlich bei einer WM am 6. Rang zu landen, obwohl viel mehr drinnen gewesen w\u00e4re ist nat\u00fcrlich bitter. Aber noch habe ich zwei Rennen vor mir, da werde versuchen das alles wieder aufzuholen!\u201c<\/p><\/blockquote>\n\n\n\n<p>Um nur f\u00fcnf Sekunden verpasste die 18-j\u00e4hrige <strong>Ina Forchthammer<\/strong> in der Junioren Klasse den Einzug ins Finale. Die Salzburgerin konnte den Bewerb insgesamt auf dem guten 7. Rang beenden. F\u00fcr die zweite junge Salzburgerin im Team, <strong>Verena Streitberger<\/strong> (Maishofen, 17 Jahre), diente der Sprint heute als Vorbereitung f\u00fcr die weiteren Rennen. Ihr liegen die l\u00e4ngeren Distanzen wesentlich besser und sie ist \u00d6sterreichs Medaillenhoffnung f\u00fcr die n\u00e4chsten Tage.<\/p>\n\n\n\n<p>Sehr gut unterwegs war der zweite Tiroler im heutigen Startfeld, <strong>Martin Wei\u00dfkopf<\/strong> in der Senior Klasse. Der 24-j\u00e4hrige Pr\u00e4gratener schaffte mit einer schnellen Qualifikationsrunde den Einzug ins Viertelfinale, fand sich aber hier in einer \u00e4u\u00dferst starken Gruppe wieder und konnte sich dadurch keinen Platz f\u00fcr das Halbfinale sichern. \u00c4hnlich ging es seinen Teamkollegen <strong>Jakob Herrmann<\/strong> (Salzburg, Werfenweng), <strong>Daniel Rohringer<\/strong> (Ober\u00f6sterreich, Gosau) und <strong>Thomas Wallner<\/strong> (Salzburg, Bischofshofen). Auch f\u00fcr sie war nach dem Viertelfinale Schluss. Trotzdem darf sich die \u00d6sterreichische Mannschaft nach diesem Sprint in der Senior Klasse \u00fcber 2 Top20 Platzierungen freuen. Wei\u00dfkopf landete als bester \u00d6sterreicher der Seniorklasse auf Rang 17, knapp dahinter auf Rang 18 Jakob Herrmann. Weiters Daniel Rohringer auf Rang 25 und Thomas Wallner auf Rang 29. Der Weltmeistertitel ging dieses Jahr an Robert Antonioli (ITA) vor Josef Rottmoser (GER) und Iwan Arnold (SUI).<\/p>\n\n\n\n<p>Mit der 33. Laufzeit verpasste der Vorarlberger <strong>Daniel Zugg<\/strong> um gut drei Sekunden den Einzug ins Viertelfinale. Technische Probleme kosteten ihm in der Qualifikationsrunde zu viel Zeit.&nbsp; \u00c4rgerlich, denn in der Espoirklasse w\u00e4re f\u00fcr ihn mit Sicherheit ein guter Rang m\u00f6glich gewesen. So wurde es nur der 12.Platz.<\/p>\n\n\n\n<blockquote class=\"wp-block-quote\"><p>\u201eEin weiterer Grund, in den n\u00e4chsten Tag mehr als Vollgas zu geben\u201c<\/p><cite>so der 21-j\u00e4hrige St. Gallenkircher voller Motivation<\/cite><\/blockquote>\n\n\n\n<p>Ihr erstes internationales Rennen bestritt die Pinzgauerin <strong>Heidi Bernsteiner<\/strong> (Piesendorf). Auch sie kam in der stark besetzten Senior Klasse der Damen auf Anhieb ins Viertelfinale, verlor jedoch bei einem harten Zweikampf gleich nach dem Start einen Ski und konnte diesen Zeitr\u00fcckstand letztlich nicht mehr aufholen. Trotzdem ging sich f\u00fcr sie noch ein 24 Rang aus. Der Weltmeistertitel ging an die heuer alle \u00fcberragende Laetitia Roux (FRA).<\/p>\n\n\n\n<p>Im Sprint z\u00e4hlen die Sekunden \u2013 ein kleiner Fehler und man ist in der n\u00e4chsten Runde nicht mehr dabei. Mit den Leistungen kann die \u00f6sterreichische Mannschaft heute trotzdem durchaus zufrieden sein, wenn auch die Platzierungen nicht ganz nach Wunsch verlaufen sind. Aber die L\u00e4ufe lassen zuversichtlich auf die noch folgenden Bewerbe sein \u2013 die Weltmeisterschaft hat heute immerhin erst begonnen, es folgen noch vier Disziplinen! Morgen Samstagnachmittag und am Sonntag geht es weiter mit dem Vertical Race, einem reinen Aufstiegsrennen mit einer Strecke mitten durch das Ortszentrum von Verbier. Der Start ist morgen um 16.00 Uhr. F\u00fcr \u00d6sterreich werden Martin Wei\u00dfkopf, Alex Fasser, Armin Neurauter, Jakob Herrmann, Daniel Zugg, sowie Heidi Bernsteiner am Start sein. Am Sonntag geht es f\u00fcr Ina Forchthammer, Verena Streitberger und Jakob Siedler weiter. Wir werden nat\u00fcrlich wieder berichten.<\/p>\n\n\n\n<p>Danke an Willi Seebacher f\u00fcr die tollen Bilder!<\/p>\n","protected":false},"excerpt":{"rendered":"<p>Mit einem lachenden und einem weinenden Auge konnte die \u00d6sterreichische Nationalmannschaft den ersten Bewerb der Weltmeisterschaft im Skibergsteigen in Verbier (SUI), das Sprint Race (Freitag, 6.2.2015) beenden. Weinendes Auge, weil die Platzierungen besser h\u00e4tten ausfallen k\u00f6nnen, aber lachendes Auge trotzdem, denn die Leistungen der Athleten waren auf hohem Niveau, das Gl\u00fcck jedoch nicht ganz auf [&hellip;]<\/p>\n","protected":false},"author":4,"featured_media":2971,"comment_status":"closed","ping_status":"closed","sticky":false,"template":"","format":"standard","meta":[],"categories":[1,9,3,7],"tags":[51,60,36,30,50,61,49,64,24,31,32,66,65,14],"yoast_head":"<!-- This site is optimized with the Yoast SEO plugin v16.3 - https:\/\/yoast.com\/wordpress\/plugins\/seo\/ -->\n<title>Weltmeisterschaft Verbier Tag 2: Knapp an der WM-Medaille im Sprint vorbei geschrammt\u2026 - Sportler<\/title>\n<meta name=\"robots\" content=\"index, follow, max-snippet:-1, max-image-preview:large, max-video-preview:-1\" \/>\n<link rel=\"canonical\" href=\"https:\/\/www.skimo.at\/sportler\/2944\/weltmeisterschaft-verbier-tag-2-knapp-an-der-wm-medaille-im-sprint-vorbei-geschrammt\/\" \/>\n<meta property=\"og:locale\" content=\"de_DE\" \/>\n<meta property=\"og:type\" content=\"article\" \/>\n<meta property=\"og:title\" content=\"Weltmeisterschaft Verbier Tag 2: Knapp an der WM-Medaille im Sprint vorbei geschrammt\u2026 - Sportler\" \/>\n<meta property=\"og:description\" content=\"Mit einem lachenden und einem weinenden Auge konnte die \u00d6sterreichische Nationalmannschaft den ersten Bewerb der Weltmeisterschaft im Skibergsteigen in Verbier (SUI), das Sprint Race (Freitag, 6.2.2015) beenden. Weinendes Auge, weil die Platzierungen besser h\u00e4tten ausfallen k\u00f6nnen, aber lachendes Auge trotzdem, denn die Leistungen der Athleten waren auf hohem Niveau, das Gl\u00fcck jedoch nicht ganz auf [&hellip;]\" \/>\n<meta property=\"og:url\" content=\"https:\/\/www.skimo.at\/sportler\/2944\/weltmeisterschaft-verbier-tag-2-knapp-an-der-wm-medaille-im-sprint-vorbei-geschrammt\/\" \/>\n<meta property=\"og:site_name\" content=\"Sportler\" \/>\n<meta property=\"article:published_time\" content=\"2015-02-06T15:25:26+00:00\" \/>\n<meta property=\"article:modified_time\" content=\"2021-01-05T17:14:24+00:00\" \/>\n<meta property=\"og:image\" content=\"https:\/\/skimo.73.jarolim.eu\/sportler\/files\/2015\/02\/World-Championships-Verbier-2015_Sprint_49_Photo-Willi-Seebacher-LR.jpg\" \/>\n\t<meta property=\"og:image:width\" content=\"1772\" \/>\n\t<meta property=\"og:image:height\" content=\"1181\" \/>\n<meta name=\"twitter:card\" content=\"summary\" \/>\n<meta name=\"twitter:label1\" content=\"Gesch\u00e4tzte Lesezeit\">\n\t<meta name=\"twitter:data1\" content=\"4\u00a0Minuten\">\n<script type=\"application\/ld+json\" class=\"yoast-schema-graph\">{\"@context\":\"https:\/\/schema.org\",\"@graph\":[{\"@type\":\"WebSite\",\"@id\":\"https:\/\/skimo.73.jarolim.eu\/sportler\/#website\",\"url\":\"https:\/\/skimo.73.jarolim.eu\/sportler\/\",\"name\":\"Sportler\",\"description\":\"\",\"potentialAction\":[{\"@type\":\"SearchAction\",\"target\":\"https:\/\/skimo.73.jarolim.eu\/sportler\/?s={search_term_string}\",\"query-input\":\"required name=search_term_string\"}],\"inLanguage\":\"de\"},{\"@type\":\"ImageObject\",\"@id\":\"https:\/\/www.skimo.at\/sportler\/2944\/weltmeisterschaft-verbier-tag-2-knapp-an-der-wm-medaille-im-sprint-vorbei-geschrammt\/#primaryimage\",\"inLanguage\":\"de\",\"url\":\"https:\/\/www.skimo.at\/sportler\/files\/2015\/02\/World-Championships-Verbier-2015_Sprint_49_Photo-Willi-Seebacher-LR.jpg\",\"contentUrl\":\"https:\/\/www.skimo.at\/sportler\/files\/2015\/02\/World-Championships-Verbier-2015_Sprint_49_Photo-Willi-Seebacher-LR.jpg\",\"width\":1772,\"height\":1181},{\"@type\":\"WebPage\",\"@id\":\"https:\/\/www.skimo.at\/sportler\/2944\/weltmeisterschaft-verbier-tag-2-knapp-an-der-wm-medaille-im-sprint-vorbei-geschrammt\/#webpage\",\"url\":\"https:\/\/www.skimo.at\/sportler\/2944\/weltmeisterschaft-verbier-tag-2-knapp-an-der-wm-medaille-im-sprint-vorbei-geschrammt\/\",\"name\":\"Weltmeisterschaft Verbier Tag 2: Knapp an der WM-Medaille im Sprint vorbei geschrammt\\u2026 - Sportler\",\"isPartOf\":{\"@id\":\"https:\/\/skimo.73.jarolim.eu\/sportler\/#website\"},\"primaryImageOfPage\":{\"@id\":\"https:\/\/www.skimo.at\/sportler\/2944\/weltmeisterschaft-verbier-tag-2-knapp-an-der-wm-medaille-im-sprint-vorbei-geschrammt\/#primaryimage\"},\"datePublished\":\"2015-02-06T15:25:26+00:00\",\"dateModified\":\"2021-01-05T17:14:24+00:00\",\"author\":{\"@id\":\"https:\/\/skimo.73.jarolim.eu\/sportler\/#\/schema\/person\/89e18f4c3d09b5434dbc2dc0cefbcd30\"},\"breadcrumb\":{\"@id\":\"https:\/\/www.skimo.at\/sportler\/2944\/weltmeisterschaft-verbier-tag-2-knapp-an-der-wm-medaille-im-sprint-vorbei-geschrammt\/#breadcrumb\"},\"inLanguage\":\"de\",\"potentialAction\":[{\"@type\":\"ReadAction\",\"target\":[\"https:\/\/www.skimo.at\/sportler\/2944\/weltmeisterschaft-verbier-tag-2-knapp-an-der-wm-medaille-im-sprint-vorbei-geschrammt\/\"]}]},{\"@type\":\"BreadcrumbList\",\"@id\":\"https:\/\/www.skimo.at\/sportler\/2944\/weltmeisterschaft-verbier-tag-2-knapp-an-der-wm-medaille-im-sprint-vorbei-geschrammt\/#breadcrumb\",\"itemListElement\":[{\"@type\":\"ListItem\",\"position\":1,\"item\":{\"@type\":\"WebPage\",\"@id\":\"https:\/\/skimo.73.jarolim.eu\/sportler\/\",\"url\":\"https:\/\/skimo.73.jarolim.eu\/sportler\/\",\"name\":\"Home\"}},{\"@type\":\"ListItem\",\"position\":2,\"item\":{\"@id\":\"https:\/\/www.skimo.at\/sportler\/2944\/weltmeisterschaft-verbier-tag-2-knapp-an-der-wm-medaille-im-sprint-vorbei-geschrammt\/#webpage\"}}]},{\"@type\":\"Person\",\"@id\":\"https:\/\/skimo.73.jarolim.eu\/sportler\/#\/schema\/person\/89e18f4c3d09b5434dbc2dc0cefbcd30\",\"name\":\"aspielbuechler\",\"image\":{\"@type\":\"ImageObject\",\"@id\":\"https:\/\/skimo.73.jarolim.eu\/sportler\/#personlogo\",\"inLanguage\":\"de\",\"url\":\"https:\/\/secure.gravatar.com\/avatar\/1220d25619b41a33e4710c8b968dc56e?s=96&r=g\",\"contentUrl\":\"https:\/\/secure.gravatar.com\/avatar\/1220d25619b41a33e4710c8b968dc56e?s=96&r=g\",\"caption\":\"aspielbuechler\"},\"url\":\"https:\/\/www.skimo.at\/sportler\/author\/aspielbuechler\/\"}]}<\/script>\n<!-- \/ Yoast SEO plugin. -->","_links":{"self":[{"href":"https:\/\/www.skimo.at\/sportler\/wp-json\/wp\/v2\/posts\/2944"}],"collection":[{"href":"https:\/\/www.skimo.at\/sportler\/wp-json\/wp\/v2\/posts"}],"about":[{"href":"https:\/\/www.skimo.at\/sportler\/wp-json\/wp\/v2\/types\/post"}],"author":[{"embeddable":true,"href":"https:\/\/www.skimo.at\/sportler\/wp-json\/wp\/v2\/users\/4"}],"replies":[{"embeddable":true,"href":"https:\/\/www.skimo.at\/sportler\/wp-json\/wp\/v2\/comments?post=2944"}],"version-history":[{"count":3,"href":"https:\/\/www.skimo.at\/sportler\/wp-json\/wp\/v2\/posts\/2944\/revisions"}],"predecessor-version":[{"id":15646,"href":"https:\/\/www.skimo.at\/sportler\/wp-json\/wp\/v2\/posts\/2944\/revisions\/15646"}],"wp:featuredmedia":[{"embeddable":true,"href":"https:\/\/www.skimo.at\/sportler\/wp-json\/wp\/v2\/media\/2971"}],"wp:attachment":[{"href":"https:\/\/www.skimo.at\/sportler\/wp-json\/wp\/v2\/media?parent=2944"}],"wp:term":[{"taxonomy":"category","embeddable":true,"href":"https:\/\/www.skimo.at\/sportler\/wp-json\/wp\/v2\/categories?post=2944"},{"taxonomy":"post_tag","embeddable":true,"href":"https:\/\/www.skimo.at\/sportler\/wp-json\/wp\/v2\/tags?post=2944"}],"curies":[{"name":"wp","href":"https:\/\/api.w.org\/{rel}","templated":true}]}}