{"id":2898,"date":"2015-02-05T19:27:33","date_gmt":"2015-02-05T17:27:33","guid":{"rendered":"http:\/\/www.skimo.at\/sportler\/?p=2898"},"modified":"2015-02-05T19:27:33","modified_gmt":"2015-02-05T17:27:33","slug":"weltmeisterschaft-verbier-tag-1-anreise-und-eroeffnung","status":"publish","type":"post","link":"https:\/\/www.skimo.at\/sportler\/2898\/weltmeisterschaft-verbier-tag-1-anreise-und-eroeffnung\/","title":{"rendered":"Weltmeisterschaft Verbier Tag 1: Anreise und Er\u00f6ffnung"},"content":{"rendered":"<p>Die Weltmeisterschaft 2015 f\u00fchrt die Skibergsteige heuer in die Schweiz \u2013 genauer gesagt nach Verbier. Rund 250 Athleten aus 23 Nationen werden am Start sein, darunter nat\u00fcrlich auch die \u00d6sterreichische Mannschaft mit 11 Athleten. Die Anreise ist gestern bereits problemlos verlaufen, alle Nationalteammitglieder sind gut am WM Ort angekommen. Am ersten Tag stand die Besichtigung der Strecke f\u00fcr die ersten beiden Rennen am Programm \u2013 den Sprint und das Vertical Race.<\/p>\n<p>Wie es sich f\u00fcr einen Weltmeisterschaft geh\u00f6rt, wurde nat\u00fcrlich auch einen feierliche Er\u00f6ffnungszeremonie inszeniert. Der Aufmarsch der einzelnen Nationen zeigte, dass nicht nur die L\u00e4nder immer mehr werden, die an solchen Gro\u00dfereignissen ihre Athleten entsenden, sondern auch die teilnehmenden Sportler selber. So kam es, dass ein langer Zug bei der Er\u00f6ffnungsfeier \u2013 begleitet von (moderner) Blasmusik und (traditionellen) Alph\u00f6rnern \u2013 die Stra\u00dfen von Verbier hinaufzog.<\/p>\n<p>Folgende Nationen sind bei dieser WM am Start und werden um Spitzenpl\u00e4tze k\u00e4mpfen: Andorra, Belgien, Bulgarien, Kanada, China, Tschechien, Frankreich, Gro\u00dfbritannien, Deutschland, Griechenland, Iran, Italien, Japan, Norwegen, Polen, Rum\u00e4nien, Slowakei, Slowenien, Spanien, Schweden, Schweiz, USA und nat\u00fcrlich \u00d6sterreich.<\/p>\n<p>Morgen hei\u00dft es Daumen dr\u00fccken f\u00fcr unser Nationalteam beim Sprint Race, dem ersten Bewerb der WM Woche. Folgende Athleten werden f\u00fcr \u00d6sterreich an den Start gehen (insgesamt 169 Starter):<\/p>\n<ul>\n<li>Jakob Siedler (Cadet)<\/li>\n<li>Verena Streitberger und Ina Forchthammer (Junior)<\/li>\n<li>Heidi Bernsteiner (Senior)<\/li>\n<li>Daniel Zugg (Espoir)<\/li>\n<li>Martin Wei\u00dfkopf, Jakob Herrmann, Daniel Rohringer, Thomas Wallner (Senior)<\/li>\n<\/ul>\n<p>Wir werden nat\u00fcrlich auf unserer Webseite berichten, sobald es erste Infos gibt.<\/p>\n<p>&nbsp;<\/p>\n<p>&nbsp;<\/p>\n<p>&nbsp;<\/p>\n","protected":false},"excerpt":{"rendered":"<p>Die Weltmeisterschaft 2015 f\u00fchrt die Skibergsteige heuer in die Schweiz \u2013 genauer gesagt nach Verbier. Rund 250 Athleten aus 23 Nationen werden am Start sein, darunter nat\u00fcrlich auch die \u00d6sterreichische Mannschaft mit 11 Athleten. Die Anreise ist gestern bereits problemlos verlaufen, alle Nationalteammitglieder sind gut am WM Ort angekommen. Am ersten Tag stand die Besichtigung [&hellip;]<\/p>\n","protected":false},"author":4,"featured_media":2914,"comment_status":"closed","ping_status":"closed","sticky":false,"template":"","format":"standard","meta":[],"categories":[1,3],"tags":[33,51,62,60,36,63,30,50,61,64,31,59,32,58],"yoast_head":"<!-- This site is optimized with the Yoast SEO plugin v16.3 - https:\/\/yoast.com\/wordpress\/plugins\/seo\/ -->\n<title>Weltmeisterschaft Verbier Tag 1: Anreise und Er\u00f6ffnung - Sportler<\/title>\n<meta name=\"robots\" content=\"index, follow, max-snippet:-1, max-image-preview:large, max-video-preview:-1\" \/>\n<link rel=\"canonical\" href=\"https:\/\/www.skimo.at\/sportler\/2898\/weltmeisterschaft-verbier-tag-1-anreise-und-eroeffnung\/\" \/>\n<meta property=\"og:locale\" content=\"de_DE\" \/>\n<meta property=\"og:type\" content=\"article\" \/>\n<meta property=\"og:title\" content=\"Weltmeisterschaft Verbier Tag 1: Anreise und Er\u00f6ffnung - Sportler\" \/>\n<meta property=\"og:description\" content=\"Die Weltmeisterschaft 2015 f\u00fchrt die Skibergsteige heuer in die Schweiz \u2013 genauer gesagt nach Verbier. Rund 250 Athleten aus 23 Nationen werden am Start sein, darunter nat\u00fcrlich auch die \u00d6sterreichische Mannschaft mit 11 Athleten. Die Anreise ist gestern bereits problemlos verlaufen, alle Nationalteammitglieder sind gut am WM Ort angekommen. Am ersten Tag stand die Besichtigung [&hellip;]\" \/>\n<meta property=\"og:url\" content=\"https:\/\/www.skimo.at\/sportler\/2898\/weltmeisterschaft-verbier-tag-1-anreise-und-eroeffnung\/\" \/>\n<meta property=\"og:site_name\" content=\"Sportler\" \/>\n<meta property=\"article:published_time\" content=\"2015-02-05T17:27:33+00:00\" \/>\n<meta property=\"og:image\" content=\"https:\/\/skimo.73.jarolim.eu\/sportler\/files\/2015\/02\/World-Championships-Verbier-2015_Eroeffnung_18_Photo-Willi-Seebacher-LR.jpg\" \/>\n\t<meta property=\"og:image:width\" content=\"1772\" \/>\n\t<meta property=\"og:image:height\" content=\"1181\" \/>\n<meta name=\"twitter:card\" content=\"summary\" \/>\n<meta name=\"twitter:label1\" content=\"Gesch\u00e4tzte Lesezeit\">\n\t<meta name=\"twitter:data1\" content=\"1\u00a0Minute\">\n<script type=\"application\/ld+json\" class=\"yoast-schema-graph\">{\"@context\":\"https:\/\/schema.org\",\"@graph\":[{\"@type\":\"WebSite\",\"@id\":\"https:\/\/skimo.73.jarolim.eu\/sportler\/#website\",\"url\":\"https:\/\/skimo.73.jarolim.eu\/sportler\/\",\"name\":\"Sportler\",\"description\":\"\",\"potentialAction\":[{\"@type\":\"SearchAction\",\"target\":\"https:\/\/skimo.73.jarolim.eu\/sportler\/?s={search_term_string}\",\"query-input\":\"required name=search_term_string\"}],\"inLanguage\":\"de\"},{\"@type\":\"ImageObject\",\"@id\":\"https:\/\/www.skimo.at\/sportler\/2898\/weltmeisterschaft-verbier-tag-1-anreise-und-eroeffnung\/#primaryimage\",\"inLanguage\":\"de\",\"url\":\"https:\/\/www.skimo.at\/sportler\/files\/2015\/02\/World-Championships-Verbier-2015_Eroeffnung_18_Photo-Willi-Seebacher-LR.jpg\",\"contentUrl\":\"https:\/\/www.skimo.at\/sportler\/files\/2015\/02\/World-Championships-Verbier-2015_Eroeffnung_18_Photo-Willi-Seebacher-LR.jpg\",\"width\":1772,\"height\":1181},{\"@type\":\"WebPage\",\"@id\":\"https:\/\/www.skimo.at\/sportler\/2898\/weltmeisterschaft-verbier-tag-1-anreise-und-eroeffnung\/#webpage\",\"url\":\"https:\/\/www.skimo.at\/sportler\/2898\/weltmeisterschaft-verbier-tag-1-anreise-und-eroeffnung\/\",\"name\":\"Weltmeisterschaft Verbier Tag 1: Anreise und Er\\u00f6ffnung - Sportler\",\"isPartOf\":{\"@id\":\"https:\/\/skimo.73.jarolim.eu\/sportler\/#website\"},\"primaryImageOfPage\":{\"@id\":\"https:\/\/www.skimo.at\/sportler\/2898\/weltmeisterschaft-verbier-tag-1-anreise-und-eroeffnung\/#primaryimage\"},\"datePublished\":\"2015-02-05T17:27:33+00:00\",\"dateModified\":\"2015-02-05T17:27:33+00:00\",\"author\":{\"@id\":\"https:\/\/skimo.73.jarolim.eu\/sportler\/#\/schema\/person\/89e18f4c3d09b5434dbc2dc0cefbcd30\"},\"breadcrumb\":{\"@id\":\"https:\/\/www.skimo.at\/sportler\/2898\/weltmeisterschaft-verbier-tag-1-anreise-und-eroeffnung\/#breadcrumb\"},\"inLanguage\":\"de\",\"potentialAction\":[{\"@type\":\"ReadAction\",\"target\":[\"https:\/\/www.skimo.at\/sportler\/2898\/weltmeisterschaft-verbier-tag-1-anreise-und-eroeffnung\/\"]}]},{\"@type\":\"BreadcrumbList\",\"@id\":\"https:\/\/www.skimo.at\/sportler\/2898\/weltmeisterschaft-verbier-tag-1-anreise-und-eroeffnung\/#breadcrumb\",\"itemListElement\":[{\"@type\":\"ListItem\",\"position\":1,\"item\":{\"@type\":\"WebPage\",\"@id\":\"https:\/\/skimo.73.jarolim.eu\/sportler\/\",\"url\":\"https:\/\/skimo.73.jarolim.eu\/sportler\/\",\"name\":\"Home\"}},{\"@type\":\"ListItem\",\"position\":2,\"item\":{\"@id\":\"https:\/\/www.skimo.at\/sportler\/2898\/weltmeisterschaft-verbier-tag-1-anreise-und-eroeffnung\/#webpage\"}}]},{\"@type\":\"Person\",\"@id\":\"https:\/\/skimo.73.jarolim.eu\/sportler\/#\/schema\/person\/89e18f4c3d09b5434dbc2dc0cefbcd30\",\"name\":\"aspielbuechler\",\"image\":{\"@type\":\"ImageObject\",\"@id\":\"https:\/\/skimo.73.jarolim.eu\/sportler\/#personlogo\",\"inLanguage\":\"de\",\"url\":\"https:\/\/secure.gravatar.com\/avatar\/1220d25619b41a33e4710c8b968dc56e?s=96&r=g\",\"contentUrl\":\"https:\/\/secure.gravatar.com\/avatar\/1220d25619b41a33e4710c8b968dc56e?s=96&r=g\",\"caption\":\"aspielbuechler\"},\"url\":\"https:\/\/www.skimo.at\/sportler\/author\/aspielbuechler\/\"}]}<\/script>\n<!-- \/ Yoast SEO plugin. -->","_links":{"self":[{"href":"https:\/\/www.skimo.at\/sportler\/wp-json\/wp\/v2\/posts\/2898"}],"collection":[{"href":"https:\/\/www.skimo.at\/sportler\/wp-json\/wp\/v2\/posts"}],"about":[{"href":"https:\/\/www.skimo.at\/sportler\/wp-json\/wp\/v2\/types\/post"}],"author":[{"embeddable":true,"href":"https:\/\/www.skimo.at\/sportler\/wp-json\/wp\/v2\/users\/4"}],"replies":[{"embeddable":true,"href":"https:\/\/www.skimo.at\/sportler\/wp-json\/wp\/v2\/comments?post=2898"}],"version-history":[{"count":1,"href":"https:\/\/www.skimo.at\/sportler\/wp-json\/wp\/v2\/posts\/2898\/revisions"}],"predecessor-version":[{"id":2899,"href":"https:\/\/www.skimo.at\/sportler\/wp-json\/wp\/v2\/posts\/2898\/revisions\/2899"}],"wp:featuredmedia":[{"embeddable":true,"href":"https:\/\/www.skimo.at\/sportler\/wp-json\/wp\/v2\/media\/2914"}],"wp:attachment":[{"href":"https:\/\/www.skimo.at\/sportler\/wp-json\/wp\/v2\/media?parent=2898"}],"wp:term":[{"taxonomy":"category","embeddable":true,"href":"https:\/\/www.skimo.at\/sportler\/wp-json\/wp\/v2\/categories?post=2898"},{"taxonomy":"post_tag","embeddable":true,"href":"https:\/\/www.skimo.at\/sportler\/wp-json\/wp\/v2\/tags?post=2898"}],"curies":[{"name":"wp","href":"https:\/\/api.w.org\/{rel}","templated":true}]}}