{"id":2883,"date":"2015-02-03T16:47:29","date_gmt":"2015-02-03T14:47:29","guid":{"rendered":"http:\/\/www.skimo.at\/sportler\/?p=2883"},"modified":"2021-01-05T19:13:13","modified_gmt":"2021-01-05T17:13:13","slug":"die-wm-der-skibergsteiger-in-verbier-sui-steht-vor-der-tuer","status":"publish","type":"post","link":"https:\/\/www.skimo.at\/sportler\/2883\/die-wm-der-skibergsteiger-in-verbier-sui-steht-vor-der-tuer\/","title":{"rendered":"WM der Skibergsteiger in Verbier (SUI): Aufstellung der \u00d6sterreicher"},"content":{"rendered":"<p>Zeitgleich mit den alpinen Skifahrern in den USA werden ab 5.2.2015 die Skibergsteiger in Verbier\/Schweiz ihre 8. Weltmeisterschaft abhalten. Etwa 250 Sportler aus knapp 30 Nationen gehen an den Start, darunter werden auch 11 \u00d6sterreichische Athleten \u00a0&#8211; 3 Damen, 8 Herren &#8211; sein.<\/p>\n<p>Nach der Integration der Skibergsteiger in den \u00d6SV im vergangenen Sommer ist dies die erste WM, zu der der \u00d6sterreichische Kader unter der Flagge des \u00d6sterreichischen Skiverbandes reist. Die boomende Sportart erf\u00e4hrt vor allem International gro\u00dfen Aufwind. Die Westalpen-L\u00e4nder Italien, Frankreich, Schweiz und Spanien sind die f\u00fchrenden Nationen bei den Rennen, \u00d6sterreich ist auf dem Weg an die Weltspitze.<\/p>\n<p>Headcoach <strong>Alexander Lugger<\/strong> ordnet die Erwartungen in die Mannschaft bei der WM so ein:<\/p>\n<blockquote>\n<p style=\"padding-left: 30px\">\u201eUnsere Sportler zeigen seit Jahren eine geschlossene mannschaftliche St\u00e4rke mit Tendenz nach oben. Die Abst\u00e4nde zu den Spitzennationen konnten kontinuierlich verringert werden, wobei aber auch unsere Konkurrenten nicht schlafen. Realistisch d\u00fcrfen wir mit einigen Top-10 und Top-5 Ergebnissen rechnen, auch das Podium ist in den Jugendbewerben durchaus in Reichweite. Ziel ist jedenfalls, den 5. Nationenrang zu verteidigen. Die M\u00e4dels und Burschen sind jedenfalls Top motiviert, voller Selbstvertrauen und fiebern dem Saisonh\u00f6hepunkt entgegen\u201c<\/p>\n<\/blockquote>\n<p>Die \u00d6sterreichische Mannschaft reist am Mittwoch, 4.2.2015 in Verbier an.<\/p>\n<p><em>\u00a0<\/em><\/p>\n<p><span style=\"text-decoration: underline\">Das dichte Programm der WM sieht folgenden Zeitplan vor:<\/span><\/p>\n<ul>\n<li>5.2.2015 Er\u00f6ffnung<\/li>\n<li>6.2.2015 Sprint<\/li>\n<li>7.2.2015 Vertical Senior &amp; Espoir<\/li>\n<li>8.2.2015 Vertical Junior &amp; Cadet<\/li>\n<li>9.2.2015 Individual Senior &amp; Espoir<\/li>\n<li>10.2.2015 Individual Junior &amp; Cadet<\/li>\n<li>11.2.2015 Team<\/li>\n<li>12.2.2015 Staffel und Schlussakt<\/li>\n<\/ul>\n<p><span style=\"text-decoration: underline\">Die \u00d6sterreicher am Start mit ihren geplanten Eins\u00e4tzen, abh\u00e4ngig von den Tagesverfassungen und den erlaubten Quoten pro Nation:<\/span><\/p>\n<ul>\n<li><strong>Ina Forchthammer,<\/strong> 18 Jahre, Klasse Junior, St. Johann i. Pongau\/Salzburg<br \/>\nIndividual, Vertical, Sprint, Staffel<\/li>\n<\/ul>\n<ul>\n<li><strong>Verena Streitberger<\/strong>, 17 Jahre, Klasse Junior, Maishofen\/Salzburg<br \/>\nIndividual, Vertical, Sprint, Staffel<\/li>\n<\/ul>\n<ul>\n<li>extern einberufen:<strong> Heidi Bernsteiner<\/strong>, 29 Jahre, Klasse Senior, Werfenweng\/Salzburg<br \/>\nIndividual, Vertical<\/li>\n<\/ul>\n<ul>\n<li><strong>Alexander Fasser,<\/strong> 39 Jahre, Klasse Senior, Lermoos\/Tirol<br \/>\nIndividual, Vertical, Sprint, Staffel, Teambewerb<\/li>\n<\/ul>\n<ul>\n<li><strong>Jakob Herrmann<\/strong>, 27 Jahre, Klasse Senior, Werfenweng\/Salzburg<br \/>\nIndividual, Vertical, Sprint, Staffel, Teambewerb<\/li>\n<\/ul>\n<ul>\n<li><strong>Daniel Rohringer<\/strong>, 24 Jahre, Klasse Senior, Gosau\/Ober\u00f6sterreich<br \/>\nSprint, Teambewerb<\/li>\n<\/ul>\n<ul>\n<li><strong>Jakob Siedler,<\/strong> 16 Jahre, Klasse Cadet, Alpbach\/Tirol<br \/>\nIndividual, Vertical, Sprint, Staffel<\/li>\n<\/ul>\n<ul>\n<li><strong>Thomas Wallner<\/strong>, 36 Jahre, Klasse Senior, Bischofshofen\/Salzburg<br \/>\nSprint, Teambewerb<\/li>\n<\/ul>\n<ul>\n<li><strong>Martin Wei\u00dfkopf<\/strong>, 24 Jahre, Klasse Senior, Pr\u00e4graten\/Tirol<br \/>\nIndividual, Vertical, Sprint, Staffel, Teambewerb<\/li>\n<\/ul>\n<ul>\n<li><strong>Daniel Zugg<\/strong>, 21 Jahre, Klasse Espoir, St. Gallenkirch\/Vorarlberg<br \/>\nIndividual, Vertical, Sprint, Staffel, Teambewerb<\/li>\n<\/ul>\n<ul>\n<li>extern einberufen:<strong> Armin Neurauter<\/strong>, 35 Jahre, Klasse Senior, K\u00fchtai\/Tirol<br \/>\nIndividual, Vertical, Teambewerb<\/li>\n<\/ul>\n<p><a href=\"http:\/\/www.verbier2015.ch\/de\/\">Hier geht&#8217;s zur Webseite des Veranstalters<\/a><\/p>\n<p><a href=\"http:\/\/www.verbier2015.ch\/wp-content\/uploads\/Programme-CHMSKI-2015-DE.pdf\">Hier geht&#8217;s zum Programm der 8. ISMF Weltmeisterschaft der Skibergsteiger in Verbier (SUI)<\/a><\/p>\n","protected":false},"excerpt":{"rendered":"<p>Zeitgleich mit den alpinen Skifahrern in den USA werden ab 5.2.2015 die Skibergsteiger in Verbier\/Schweiz ihre 8. Weltmeisterschaft abhalten. Etwa 250 Sportler aus knapp 30 Nationen gehen an den Start, darunter werden auch 11 \u00d6sterreichische Athleten \u00a0&#8211; 3 Damen, 8 Herren &#8211; sein. Nach der Integration der Skibergsteiger in den \u00d6SV im vergangenen Sommer ist [&hellip;]<\/p>\n","protected":false},"author":3,"featured_media":2894,"comment_status":"closed","ping_status":"closed","sticky":false,"template":"","format":"standard","meta":[],"categories":[1,9,3],"tags":[35],"yoast_head":"<!-- This site is optimized with the Yoast SEO plugin v16.3 - https:\/\/yoast.com\/wordpress\/plugins\/seo\/ -->\n<title>WM der Skibergsteiger in Verbier (SUI): Aufstellung der \u00d6sterreicher - Sportler<\/title>\n<meta name=\"robots\" content=\"index, follow, max-snippet:-1, max-image-preview:large, max-video-preview:-1\" \/>\n<link rel=\"canonical\" href=\"https:\/\/www.skimo.at\/sportler\/2883\/die-wm-der-skibergsteiger-in-verbier-sui-steht-vor-der-tuer\/\" \/>\n<meta property=\"og:locale\" content=\"de_DE\" \/>\n<meta property=\"og:type\" content=\"article\" \/>\n<meta property=\"og:title\" content=\"WM der Skibergsteiger in Verbier (SUI): Aufstellung der \u00d6sterreicher - Sportler\" \/>\n<meta property=\"og:description\" content=\"Zeitgleich mit den alpinen Skifahrern in den USA werden ab 5.2.2015 die Skibergsteiger in Verbier\/Schweiz ihre 8. Weltmeisterschaft abhalten. Etwa 250 Sportler aus knapp 30 Nationen gehen an den Start, darunter werden auch 11 \u00d6sterreichische Athleten \u00a0&#8211; 3 Damen, 8 Herren &#8211; sein. Nach der Integration der Skibergsteiger in den \u00d6SV im vergangenen Sommer ist [&hellip;]\" \/>\n<meta property=\"og:url\" content=\"https:\/\/www.skimo.at\/sportler\/2883\/die-wm-der-skibergsteiger-in-verbier-sui-steht-vor-der-tuer\/\" \/>\n<meta property=\"og:site_name\" content=\"Sportler\" \/>\n<meta property=\"article:published_time\" content=\"2015-02-03T14:47:29+00:00\" \/>\n<meta property=\"article:modified_time\" content=\"2021-01-05T17:13:13+00:00\" \/>\n<meta property=\"og:image\" content=\"https:\/\/skimo.73.jarolim.eu\/sportler\/files\/2015\/02\/WM-Verbier.jpg\" \/>\n\t<meta property=\"og:image:width\" content=\"1856\" \/>\n\t<meta property=\"og:image:height\" content=\"996\" \/>\n<meta name=\"twitter:card\" content=\"summary\" \/>\n<meta name=\"twitter:label1\" content=\"Gesch\u00e4tzte Lesezeit\">\n\t<meta name=\"twitter:data1\" content=\"2\u00a0Minuten\">\n<script type=\"application\/ld+json\" class=\"yoast-schema-graph\">{\"@context\":\"https:\/\/schema.org\",\"@graph\":[{\"@type\":\"WebSite\",\"@id\":\"https:\/\/skimo.73.jarolim.eu\/sportler\/#website\",\"url\":\"https:\/\/skimo.73.jarolim.eu\/sportler\/\",\"name\":\"Sportler\",\"description\":\"\",\"potentialAction\":[{\"@type\":\"SearchAction\",\"target\":\"https:\/\/skimo.73.jarolim.eu\/sportler\/?s={search_term_string}\",\"query-input\":\"required name=search_term_string\"}],\"inLanguage\":\"de\"},{\"@type\":\"ImageObject\",\"@id\":\"https:\/\/www.skimo.at\/sportler\/2883\/die-wm-der-skibergsteiger-in-verbier-sui-steht-vor-der-tuer\/#primaryimage\",\"inLanguage\":\"de\",\"url\":\"https:\/\/www.skimo.at\/sportler\/files\/2015\/02\/WM-Verbier.jpg\",\"contentUrl\":\"https:\/\/www.skimo.at\/sportler\/files\/2015\/02\/WM-Verbier.jpg\",\"width\":1856,\"height\":996},{\"@type\":\"WebPage\",\"@id\":\"https:\/\/www.skimo.at\/sportler\/2883\/die-wm-der-skibergsteiger-in-verbier-sui-steht-vor-der-tuer\/#webpage\",\"url\":\"https:\/\/www.skimo.at\/sportler\/2883\/die-wm-der-skibergsteiger-in-verbier-sui-steht-vor-der-tuer\/\",\"name\":\"WM der Skibergsteiger in Verbier (SUI): Aufstellung der \\u00d6sterreicher - Sportler\",\"isPartOf\":{\"@id\":\"https:\/\/skimo.73.jarolim.eu\/sportler\/#website\"},\"primaryImageOfPage\":{\"@id\":\"https:\/\/www.skimo.at\/sportler\/2883\/die-wm-der-skibergsteiger-in-verbier-sui-steht-vor-der-tuer\/#primaryimage\"},\"datePublished\":\"2015-02-03T14:47:29+00:00\",\"dateModified\":\"2021-01-05T17:13:13+00:00\",\"author\":{\"@id\":\"https:\/\/skimo.73.jarolim.eu\/sportler\/#\/schema\/person\/796ecbce6796efca58bf848ca63ec12c\"},\"breadcrumb\":{\"@id\":\"https:\/\/www.skimo.at\/sportler\/2883\/die-wm-der-skibergsteiger-in-verbier-sui-steht-vor-der-tuer\/#breadcrumb\"},\"inLanguage\":\"de\",\"potentialAction\":[{\"@type\":\"ReadAction\",\"target\":[\"https:\/\/www.skimo.at\/sportler\/2883\/die-wm-der-skibergsteiger-in-verbier-sui-steht-vor-der-tuer\/\"]}]},{\"@type\":\"BreadcrumbList\",\"@id\":\"https:\/\/www.skimo.at\/sportler\/2883\/die-wm-der-skibergsteiger-in-verbier-sui-steht-vor-der-tuer\/#breadcrumb\",\"itemListElement\":[{\"@type\":\"ListItem\",\"position\":1,\"item\":{\"@type\":\"WebPage\",\"@id\":\"https:\/\/skimo.73.jarolim.eu\/sportler\/\",\"url\":\"https:\/\/skimo.73.jarolim.eu\/sportler\/\",\"name\":\"Home\"}},{\"@type\":\"ListItem\",\"position\":2,\"item\":{\"@id\":\"https:\/\/www.skimo.at\/sportler\/2883\/die-wm-der-skibergsteiger-in-verbier-sui-steht-vor-der-tuer\/#webpage\"}}]},{\"@type\":\"Person\",\"@id\":\"https:\/\/skimo.73.jarolim.eu\/sportler\/#\/schema\/person\/796ecbce6796efca58bf848ca63ec12c\",\"name\":\"kposch\",\"image\":{\"@type\":\"ImageObject\",\"@id\":\"https:\/\/skimo.73.jarolim.eu\/sportler\/#personlogo\",\"inLanguage\":\"de\",\"url\":\"https:\/\/secure.gravatar.com\/avatar\/e9f5f28da60e5e563d3f4d3cc0b9b425?s=96&r=g\",\"contentUrl\":\"https:\/\/secure.gravatar.com\/avatar\/e9f5f28da60e5e563d3f4d3cc0b9b425?s=96&r=g\",\"caption\":\"kposch\"},\"url\":\"https:\/\/www.skimo.at\/sportler\/author\/kposch\/\"}]}<\/script>\n<!-- \/ Yoast SEO plugin. -->","_links":{"self":[{"href":"https:\/\/www.skimo.at\/sportler\/wp-json\/wp\/v2\/posts\/2883"}],"collection":[{"href":"https:\/\/www.skimo.at\/sportler\/wp-json\/wp\/v2\/posts"}],"about":[{"href":"https:\/\/www.skimo.at\/sportler\/wp-json\/wp\/v2\/types\/post"}],"author":[{"embeddable":true,"href":"https:\/\/www.skimo.at\/sportler\/wp-json\/wp\/v2\/users\/3"}],"replies":[{"embeddable":true,"href":"https:\/\/www.skimo.at\/sportler\/wp-json\/wp\/v2\/comments?post=2883"}],"version-history":[{"count":3,"href":"https:\/\/www.skimo.at\/sportler\/wp-json\/wp\/v2\/posts\/2883\/revisions"}],"predecessor-version":[{"id":15645,"href":"https:\/\/www.skimo.at\/sportler\/wp-json\/wp\/v2\/posts\/2883\/revisions\/15645"}],"wp:featuredmedia":[{"embeddable":true,"href":"https:\/\/www.skimo.at\/sportler\/wp-json\/wp\/v2\/media\/2894"}],"wp:attachment":[{"href":"https:\/\/www.skimo.at\/sportler\/wp-json\/wp\/v2\/media?parent=2883"}],"wp:term":[{"taxonomy":"category","embeddable":true,"href":"https:\/\/www.skimo.at\/sportler\/wp-json\/wp\/v2\/categories?post=2883"},{"taxonomy":"post_tag","embeddable":true,"href":"https:\/\/www.skimo.at\/sportler\/wp-json\/wp\/v2\/tags?post=2883"}],"curies":[{"name":"wp","href":"https:\/\/api.w.org\/{rel}","templated":true}]}}