{"id":2843,"date":"2015-01-25T18:30:39","date_gmt":"2015-01-25T16:30:39","guid":{"rendered":"http:\/\/www.skimo.at\/sportler\/?p=2843"},"modified":"2021-01-05T19:12:53","modified_gmt":"2021-01-05T17:12:53","slug":"weltcup-font-blanca-and-tag-3-bronze-fuer-oesterreich-im-vertical-race","status":"publish","type":"post","link":"https:\/\/www.skimo.at\/sportler\/2843\/weltcup-font-blanca-and-tag-3-bronze-fuer-oesterreich-im-vertical-race\/","title":{"rendered":"Weltcup Font Blanca (AND), Tag 3: Bronze f\u00fcr \u00d6sterreich im Vertical Race"},"content":{"rendered":"<p>Es lag nicht am R\u00fcckenwind \u2013 denn der Sturm kam heute in Andorra wieder von allen Seiten \u2013 sondern an ihrer aktuellen St\u00e4rke: Verena Streitberger lief heute im Vertical Race im Weltcuprennen in Andorra zur Bronzemedaille! Nachdem sie gestern durch eine Sturz um nur eine Minute den Sprung auf das Siegerpodest vers\u00e4umt hat, holte sie das heute souver\u00e4n nach. Mit einem sehr starken Rennen sicherte sie sich deutlich vor der Konkurrenz den dritten Rang und mit nur knappen Anstand auf die beiden Italienerinnen vor ihr:<\/p>\n<blockquote><p>\u201eHeute ist es einfach vom Start weg gut gelaufen, ich bin \u00fcbergl\u00fccklich.\u201c<\/p><\/blockquote>\n<p>Andorra scheint der jungen Salzburgerin zu liegen \u2013 bei der EM im Vorjahr hat sie ebenfalls zwei Bronzemedaillen abger\u00e4umt.<\/p>\n<p>Headcoach Alex Lugger zieht damit nach diesem Weltcup Wochenende gemischte Bilanz:<\/p>\n<blockquote><p>\u00a0\u201eVerena hat mir bei beiden Rennen sehr gut gefallen. Im Individual hat nur eine Minute gefehlt und sie w\u00e4re am Podest gestanden \u2013 trotz Sturz. Beim Vertical hat sie den dritten Rang hingegen sicher und mit gro\u00dfem Abstand auf ihre Verfolgerinnen ins Ziel gebracht. Diese guten Leistungen lassen gro\u00dfe Hoffnungen in Richtung weiterer Top Ergebnisse bei der WM aufkommen. Die Platzierungen in der Senior Klasse der Herren jedoch waren im Vergleich zum ersten Weltcup Wochenende entt\u00e4uschend. Da gibt es bei der WM hoffentlich noch einiges aufzuholen.\u201c<\/p><\/blockquote>\n<p>In der Herren Senior Klasse sah es heute weniger rosig aus: Daniel Zugg erreichte Rang 34. (6. Espoir), Martin Wei\u00dfkopf kam als 36. ins Ziel, Jakob Herrmann musste aus gesundheitlichen Gr\u00fcnden aufgeben. Durch den 6. Rang in der stark besetzten Espoirklasse f\u00fcr Daniel Zugg kann die \u00d6sterreichische Nationalmannschaft damit auf vier Top10 Platzierungen inklusive dem Podestplatz von Verena in diesem Weltcup Wochenende zur\u00fcckblicken.<\/p>\n<p>Der heutige Sieg ging erneut an Kilian Jornet, der somit beide Bewerb dominierte. Auf Rang zwei trat heute Toni Palzer zur\u00fcck ins Geschehen (gestern \u201enur\u201c auf Rang 10), herzliche Gratulation an unseren bayrischen Nachbarn! Rang 3 ging am Werner Marti (SUI). Bei den Damen siegte &#8211; gleich wie gestern &#8211; die unschlagbare Laetitia Roux (FRA).<\/p>\n<p>Danke an Willi Seebacher und Alexander Lugger f\u00fcr die erneut gro\u00dfartigen Bilder \u2013 heute aufgrund des Medaillenglanzes noch strahlender!<\/p>\n","protected":false},"excerpt":{"rendered":"<p>Es lag nicht am R\u00fcckenwind \u2013 denn der Sturm kam heute in Andorra wieder von allen Seiten \u2013 sondern an ihrer aktuellen St\u00e4rke: Verena Streitberger lief heute im Vertical Race im Weltcuprennen in Andorra zur Bronzemedaille! Nachdem sie gestern durch eine Sturz um nur eine Minute den Sprung auf das Siegerpodest vers\u00e4umt hat, holte sie [&hellip;]<\/p>\n","protected":false},"author":4,"featured_media":2875,"comment_status":"closed","ping_status":"closed","sticky":false,"template":"","format":"standard","meta":[],"categories":[1,9,3,7],"tags":[],"yoast_head":"<!-- This site is optimized with the Yoast SEO plugin v16.3 - https:\/\/yoast.com\/wordpress\/plugins\/seo\/ -->\n<title>Weltcup Font Blanca (AND), Tag 3: Bronze f\u00fcr \u00d6sterreich im Vertical Race - Sportler<\/title>\n<meta name=\"robots\" content=\"index, follow, max-snippet:-1, max-image-preview:large, max-video-preview:-1\" \/>\n<link rel=\"canonical\" href=\"https:\/\/www.skimo.at\/sportler\/2843\/weltcup-font-blanca-and-tag-3-bronze-fuer-oesterreich-im-vertical-race\/\" \/>\n<meta property=\"og:locale\" content=\"de_DE\" \/>\n<meta property=\"og:type\" content=\"article\" \/>\n<meta property=\"og:title\" content=\"Weltcup Font Blanca (AND), Tag 3: Bronze f\u00fcr \u00d6sterreich im Vertical Race - Sportler\" \/>\n<meta property=\"og:description\" content=\"Es lag nicht am R\u00fcckenwind \u2013 denn der Sturm kam heute in Andorra wieder von allen Seiten \u2013 sondern an ihrer aktuellen St\u00e4rke: Verena Streitberger lief heute im Vertical Race im Weltcuprennen in Andorra zur Bronzemedaille! Nachdem sie gestern durch eine Sturz um nur eine Minute den Sprung auf das Siegerpodest vers\u00e4umt hat, holte sie [&hellip;]\" \/>\n<meta property=\"og:url\" content=\"https:\/\/www.skimo.at\/sportler\/2843\/weltcup-font-blanca-and-tag-3-bronze-fuer-oesterreich-im-vertical-race\/\" \/>\n<meta property=\"og:site_name\" content=\"Sportler\" \/>\n<meta property=\"article:published_time\" content=\"2015-01-25T16:30:39+00:00\" \/>\n<meta property=\"article:modified_time\" content=\"2021-01-05T17:12:53+00:00\" \/>\n<meta property=\"og:image\" content=\"https:\/\/skimo.73.jarolim.eu\/sportler\/files\/2015\/01\/Weltcup-Font-Blanca-2015_Vertical_Siegerehrung_7_Photo-Willi-Seebacher-LR.jpg\" \/>\n\t<meta property=\"og:image:width\" content=\"1772\" \/>\n\t<meta property=\"og:image:height\" content=\"1181\" \/>\n<meta name=\"twitter:card\" content=\"summary\" \/>\n<meta name=\"twitter:label1\" content=\"Gesch\u00e4tzte Lesezeit\">\n\t<meta name=\"twitter:data1\" content=\"2\u00a0Minuten\">\n<script type=\"application\/ld+json\" class=\"yoast-schema-graph\">{\"@context\":\"https:\/\/schema.org\",\"@graph\":[{\"@type\":\"WebSite\",\"@id\":\"https:\/\/skimo.73.jarolim.eu\/sportler\/#website\",\"url\":\"https:\/\/skimo.73.jarolim.eu\/sportler\/\",\"name\":\"Sportler\",\"description\":\"\",\"potentialAction\":[{\"@type\":\"SearchAction\",\"target\":\"https:\/\/skimo.73.jarolim.eu\/sportler\/?s={search_term_string}\",\"query-input\":\"required name=search_term_string\"}],\"inLanguage\":\"de\"},{\"@type\":\"ImageObject\",\"@id\":\"https:\/\/www.skimo.at\/sportler\/2843\/weltcup-font-blanca-and-tag-3-bronze-fuer-oesterreich-im-vertical-race\/#primaryimage\",\"inLanguage\":\"de\",\"url\":\"https:\/\/www.skimo.at\/sportler\/files\/2015\/01\/Weltcup-Font-Blanca-2015_Vertical_Siegerehrung_7_Photo-Willi-Seebacher-LR.jpg\",\"contentUrl\":\"https:\/\/www.skimo.at\/sportler\/files\/2015\/01\/Weltcup-Font-Blanca-2015_Vertical_Siegerehrung_7_Photo-Willi-Seebacher-LR.jpg\",\"width\":1772,\"height\":1181},{\"@type\":\"WebPage\",\"@id\":\"https:\/\/www.skimo.at\/sportler\/2843\/weltcup-font-blanca-and-tag-3-bronze-fuer-oesterreich-im-vertical-race\/#webpage\",\"url\":\"https:\/\/www.skimo.at\/sportler\/2843\/weltcup-font-blanca-and-tag-3-bronze-fuer-oesterreich-im-vertical-race\/\",\"name\":\"Weltcup Font Blanca (AND), Tag 3: Bronze f\\u00fcr \\u00d6sterreich im Vertical Race - Sportler\",\"isPartOf\":{\"@id\":\"https:\/\/skimo.73.jarolim.eu\/sportler\/#website\"},\"primaryImageOfPage\":{\"@id\":\"https:\/\/www.skimo.at\/sportler\/2843\/weltcup-font-blanca-and-tag-3-bronze-fuer-oesterreich-im-vertical-race\/#primaryimage\"},\"datePublished\":\"2015-01-25T16:30:39+00:00\",\"dateModified\":\"2021-01-05T17:12:53+00:00\",\"author\":{\"@id\":\"https:\/\/skimo.73.jarolim.eu\/sportler\/#\/schema\/person\/89e18f4c3d09b5434dbc2dc0cefbcd30\"},\"breadcrumb\":{\"@id\":\"https:\/\/www.skimo.at\/sportler\/2843\/weltcup-font-blanca-and-tag-3-bronze-fuer-oesterreich-im-vertical-race\/#breadcrumb\"},\"inLanguage\":\"de\",\"potentialAction\":[{\"@type\":\"ReadAction\",\"target\":[\"https:\/\/www.skimo.at\/sportler\/2843\/weltcup-font-blanca-and-tag-3-bronze-fuer-oesterreich-im-vertical-race\/\"]}]},{\"@type\":\"BreadcrumbList\",\"@id\":\"https:\/\/www.skimo.at\/sportler\/2843\/weltcup-font-blanca-and-tag-3-bronze-fuer-oesterreich-im-vertical-race\/#breadcrumb\",\"itemListElement\":[{\"@type\":\"ListItem\",\"position\":1,\"item\":{\"@type\":\"WebPage\",\"@id\":\"https:\/\/skimo.73.jarolim.eu\/sportler\/\",\"url\":\"https:\/\/skimo.73.jarolim.eu\/sportler\/\",\"name\":\"Home\"}},{\"@type\":\"ListItem\",\"position\":2,\"item\":{\"@id\":\"https:\/\/www.skimo.at\/sportler\/2843\/weltcup-font-blanca-and-tag-3-bronze-fuer-oesterreich-im-vertical-race\/#webpage\"}}]},{\"@type\":\"Person\",\"@id\":\"https:\/\/skimo.73.jarolim.eu\/sportler\/#\/schema\/person\/89e18f4c3d09b5434dbc2dc0cefbcd30\",\"name\":\"aspielbuechler\",\"image\":{\"@type\":\"ImageObject\",\"@id\":\"https:\/\/skimo.73.jarolim.eu\/sportler\/#personlogo\",\"inLanguage\":\"de\",\"url\":\"https:\/\/secure.gravatar.com\/avatar\/1220d25619b41a33e4710c8b968dc56e?s=96&r=g\",\"contentUrl\":\"https:\/\/secure.gravatar.com\/avatar\/1220d25619b41a33e4710c8b968dc56e?s=96&r=g\",\"caption\":\"aspielbuechler\"},\"url\":\"https:\/\/www.skimo.at\/sportler\/author\/aspielbuechler\/\"}]}<\/script>\n<!-- \/ Yoast SEO plugin. -->","_links":{"self":[{"href":"https:\/\/www.skimo.at\/sportler\/wp-json\/wp\/v2\/posts\/2843"}],"collection":[{"href":"https:\/\/www.skimo.at\/sportler\/wp-json\/wp\/v2\/posts"}],"about":[{"href":"https:\/\/www.skimo.at\/sportler\/wp-json\/wp\/v2\/types\/post"}],"author":[{"embeddable":true,"href":"https:\/\/www.skimo.at\/sportler\/wp-json\/wp\/v2\/users\/4"}],"replies":[{"embeddable":true,"href":"https:\/\/www.skimo.at\/sportler\/wp-json\/wp\/v2\/comments?post=2843"}],"version-history":[{"count":2,"href":"https:\/\/www.skimo.at\/sportler\/wp-json\/wp\/v2\/posts\/2843\/revisions"}],"predecessor-version":[{"id":15644,"href":"https:\/\/www.skimo.at\/sportler\/wp-json\/wp\/v2\/posts\/2843\/revisions\/15644"}],"wp:featuredmedia":[{"embeddable":true,"href":"https:\/\/www.skimo.at\/sportler\/wp-json\/wp\/v2\/media\/2875"}],"wp:attachment":[{"href":"https:\/\/www.skimo.at\/sportler\/wp-json\/wp\/v2\/media?parent=2843"}],"wp:term":[{"taxonomy":"category","embeddable":true,"href":"https:\/\/www.skimo.at\/sportler\/wp-json\/wp\/v2\/categories?post=2843"},{"taxonomy":"post_tag","embeddable":true,"href":"https:\/\/www.skimo.at\/sportler\/wp-json\/wp\/v2\/tags?post=2843"}],"curies":[{"name":"wp","href":"https:\/\/api.w.org\/{rel}","templated":true}]}}