{"id":2774,"date":"2015-01-24T17:19:30","date_gmt":"2015-01-24T15:19:30","guid":{"rendered":"http:\/\/www.skimo.at\/sportler\/?p=2774"},"modified":"2021-01-05T19:11:50","modified_gmt":"2021-01-05T17:11:50","slug":"weltcup-font-blanca-and-tag-2-im-individual-vom-winde-verweht","status":"publish","type":"post","link":"https:\/\/www.skimo.at\/sportler\/2774\/weltcup-font-blanca-and-tag-2-im-individual-vom-winde-verweht\/","title":{"rendered":"Weltcup Font Blanca (AND), Tag 2: Im Individual vom Winde verweht\u2026"},"content":{"rendered":"\n<p>Regelrecht vom Winde verweht wurden unsere Skibergsteiger heute in Andorra. Bei strahlendem Sonnenschein aber fast orkanartigen Windb\u00f6en meistern die vier besten Athleten des \u00f6sterreichischen Nationalteams im Skibergsteigen das erste Rennen von diesem Wochenende. Und das unter den schwierigsten Bedingungen \u2013 nicht nur wegen dem Wetter\u2026 Aufgrund des starken Windes hie\u00df es zuerst, dass die Strecke des Individual Race auf rund 1.250 Hm verk\u00fcrzt werden sollte, 10 Minuten vor dem Start w\u00e4hlten die Organisatoren doch noch die lange Original-Route mit 1.900 Hm und schickten somit die Athleten statt einer Stunde nun fast doppelt so lange ins Rennen, worauf diese nat\u00fcrlich absolut nicht vorbereitet waren. Zuwenig zu trinken, keine Gels, etc. \u2013 viele der Teilnehmer liefen blau\u2026 Dementsprechend war das Rennen auch gekennzeichnet durch gro\u00dfe Abst\u00e4nde. Der Sieg ging deutlich an Kilian Jornet (ESP, Laufzeit 1.54.30), vor Xavier Gachet (FRA, 1.55.38) und Robert Antonioli (ITA, 1.56.15). Der Sieger des letzten Individual Race, Toni Palzer, kam heute als 10. ins Ziel. Etwas abgeschlagen unsere \u00d6sterreicher: auf Rang 26 Martin Wei\u00dfkopf, Rang 32 Jakob Herrmann und Rang 35 Daniel Zugg (6. Espoir).<\/p>\n\n\n\n<p>Martin Wei\u00dfkopf w\u00e4re dabei heute recht gut drauf gewesen \u2013 leider st\u00fcrzte er jedoch bereits in der ersten Abfahrt, hatte daraufhin technische Probleme mit Schuh und Bindung und verlor damit fast f\u00fcnf Minuten. Er startete am Ende des Feldes wieder weg und k\u00e4mpfte sich in einer rasanten Aufholjagd rund 25 Pl\u00e4tze nach vorne zur\u00fcck.<\/p>\n\n\n\n<blockquote class=\"wp-block-quote\"><p>\u00a0\u201eUnter diesem Umst\u00e4nden bin ich heute trotzdem mit dem Ergebnis nicht ganz unzufrieden\u201c<\/p><cite>so der Osttiroler<\/cite><\/blockquote>\n\n\n\n<p>Gesundheitlich angeschlagen von den Klimaanlagen der Anreise ging Jakob Herrmann ins Rennen \u2013 darauf eingestellt nur ein kurzes Rennen zu bestreiten, was dem dann leider nicht so war. Recht gut ging es noch am Anfang, trotz Husten f\u00fchlte er sich sehr stark. Bis zum dritten Anstieg\u2026 <\/p>\n\n\n\n<blockquote class=\"wp-block-quote\"><p><em>\u201edann war es, wie wenn man mir den Stecker aus der Dose gezogen h\u00e4tte \u2013 nichts ging mehr. Erst am letzten Anstieg lief es wieder besser und ich konnte wieder 10 bis 15 Konkurrenten zur\u00fcck \u00fcberholen\u201c<\/em><\/p><cite> so der Pongauer<\/cite><\/blockquote>\n\n\n\n<p>Bleibt zu hoffen, dass es Jakob Herrmann morgen im Vertical gesundheitlich besser geht.<\/p>\n\n\n\n<p>Der Vorarlberger Daniel Zugg darf sich in der Espoirklasse \u00fcber einen sechsten Rang freuen \u2013 eine ordentliche Entsch\u00e4digung daf\u00fcr, dass auf der steinigen Strecke der Ski kaputt ging und die Zeit im Vergleich zu den Konkurrenten in der Senior Klasse nicht ganz zufriedenstellend ist.<\/p>\n\n\n\n<p>Aber Daniel war nicht der einzige, der einen Top10 Platz f\u00fcr \u00d6sterreich schaffte: Verena Streitberger, die j\u00fcngste im Team und auch in ihrer Klasse Junior sowie aktuell die st\u00e4rkste Zukunftshoffnung in der \u00f6sterreichischen Mannschaft, konnte sich auf der k\u00fcrzeren Strecke im Individual Race ebenfalls den sechsten Rang sichern. Ganz knapp hat sie dabei einen Platz am Stockerl vergeben: <\/p>\n\n\n\n<blockquote class=\"wp-block-quote\"><p>\u201eIm ersten Anstieg lag ich auf dritter Stelle, dann habe ich im Wechsel zwar etwas Zeit verloren, die ich dann aber wieder aufholen konnte. Bis zur letzten Abfahrt konnte ich den vierten Rang halten, wollte nochmal ordentlich Gas geben, dann st\u00fcrzte ich aber leider und wurde so von zwei Konkurrentinnen \u00fcberholt\u201c, so die junge Pinzgauerin. Alex Lugger ist mit ihren Leistungen durchaus zufrieden: \u201eVerena hat nur eine Minute gefehlt und sie w\u00e4re am Podest gestanden \u2013 trotz Sturz. Morgen wird der Kampf um den dritten Rang sicher hart und Verena kann hier wieder mitten drin sein.\u201c <\/p><\/blockquote>\n\n\n\n<p>Diese gute Leistung l\u00e4sst gro\u00dfe Hoffnungen in Richtung weiterer Top Platzierungen hinsichtlich der WM aufkommen.<\/p>\n\n\n\n<p>Danke an unsere Fotografen Willi Seebacher und Alex Lugger&#8230; WAHNSINNS Bilder!!<\/p>\n\n\n\n<p>Ergebnisliste wird nachgereicht sobald vorhanden&#8230;<\/p>\n","protected":false},"excerpt":{"rendered":"<p>Regelrecht vom Winde verweht wurden unsere Skibergsteiger heute in Andorra. Bei strahlendem Sonnenschein aber fast orkanartigen Windb\u00f6en meistern die vier besten Athleten des \u00f6sterreichischen Nationalteams im Skibergsteigen das erste Rennen von diesem Wochenende. Und das unter den schwierigsten Bedingungen \u2013 nicht nur wegen dem Wetter\u2026 Aufgrund des starken Windes hie\u00df es zuerst, dass die Strecke [&hellip;]<\/p>\n","protected":false},"author":4,"featured_media":2808,"comment_status":"closed","ping_status":"closed","sticky":false,"template":"","format":"standard","meta":[],"categories":[1,9,3,7],"tags":[],"yoast_head":"<!-- This site is optimized with the Yoast SEO plugin v16.3 - https:\/\/yoast.com\/wordpress\/plugins\/seo\/ -->\n<title>Weltcup Font Blanca (AND), Tag 2: Im Individual vom Winde verweht\u2026 - Sportler<\/title>\n<meta name=\"robots\" content=\"index, follow, max-snippet:-1, max-image-preview:large, max-video-preview:-1\" \/>\n<link rel=\"canonical\" href=\"https:\/\/www.skimo.at\/sportler\/2774\/weltcup-font-blanca-and-tag-2-im-individual-vom-winde-verweht\/\" \/>\n<meta property=\"og:locale\" content=\"de_DE\" \/>\n<meta property=\"og:type\" content=\"article\" \/>\n<meta property=\"og:title\" content=\"Weltcup Font Blanca (AND), Tag 2: Im Individual vom Winde verweht\u2026 - Sportler\" \/>\n<meta property=\"og:description\" content=\"Regelrecht vom Winde verweht wurden unsere Skibergsteiger heute in Andorra. Bei strahlendem Sonnenschein aber fast orkanartigen Windb\u00f6en meistern die vier besten Athleten des \u00f6sterreichischen Nationalteams im Skibergsteigen das erste Rennen von diesem Wochenende. Und das unter den schwierigsten Bedingungen \u2013 nicht nur wegen dem Wetter\u2026 Aufgrund des starken Windes hie\u00df es zuerst, dass die Strecke [&hellip;]\" \/>\n<meta property=\"og:url\" content=\"https:\/\/www.skimo.at\/sportler\/2774\/weltcup-font-blanca-and-tag-2-im-individual-vom-winde-verweht\/\" \/>\n<meta property=\"og:site_name\" content=\"Sportler\" \/>\n<meta property=\"article:published_time\" content=\"2015-01-24T15:19:30+00:00\" \/>\n<meta property=\"article:modified_time\" content=\"2021-01-05T17:11:50+00:00\" \/>\n<meta property=\"og:image\" content=\"https:\/\/skimo.73.jarolim.eu\/sportler\/files\/2015\/01\/Weltcup-Font-Blanca-2015_Individual_15_Photo-Willi-Seebacher-LR.jpg\" \/>\n\t<meta property=\"og:image:width\" content=\"1772\" \/>\n\t<meta property=\"og:image:height\" content=\"1181\" \/>\n<meta name=\"twitter:card\" content=\"summary\" \/>\n<meta name=\"twitter:label1\" content=\"Gesch\u00e4tzte Lesezeit\">\n\t<meta name=\"twitter:data1\" content=\"3\u00a0Minuten\">\n<script type=\"application\/ld+json\" class=\"yoast-schema-graph\">{\"@context\":\"https:\/\/schema.org\",\"@graph\":[{\"@type\":\"WebSite\",\"@id\":\"https:\/\/skimo.73.jarolim.eu\/sportler\/#website\",\"url\":\"https:\/\/skimo.73.jarolim.eu\/sportler\/\",\"name\":\"Sportler\",\"description\":\"\",\"potentialAction\":[{\"@type\":\"SearchAction\",\"target\":\"https:\/\/skimo.73.jarolim.eu\/sportler\/?s={search_term_string}\",\"query-input\":\"required name=search_term_string\"}],\"inLanguage\":\"de\"},{\"@type\":\"ImageObject\",\"@id\":\"https:\/\/www.skimo.at\/sportler\/2774\/weltcup-font-blanca-and-tag-2-im-individual-vom-winde-verweht\/#primaryimage\",\"inLanguage\":\"de\",\"url\":\"https:\/\/www.skimo.at\/sportler\/files\/2015\/01\/Weltcup-Font-Blanca-2015_Individual_15_Photo-Willi-Seebacher-LR.jpg\",\"contentUrl\":\"https:\/\/www.skimo.at\/sportler\/files\/2015\/01\/Weltcup-Font-Blanca-2015_Individual_15_Photo-Willi-Seebacher-LR.jpg\",\"width\":1772,\"height\":1181},{\"@type\":\"WebPage\",\"@id\":\"https:\/\/www.skimo.at\/sportler\/2774\/weltcup-font-blanca-and-tag-2-im-individual-vom-winde-verweht\/#webpage\",\"url\":\"https:\/\/www.skimo.at\/sportler\/2774\/weltcup-font-blanca-and-tag-2-im-individual-vom-winde-verweht\/\",\"name\":\"Weltcup Font Blanca (AND), Tag 2: Im Individual vom Winde verweht\\u2026 - Sportler\",\"isPartOf\":{\"@id\":\"https:\/\/skimo.73.jarolim.eu\/sportler\/#website\"},\"primaryImageOfPage\":{\"@id\":\"https:\/\/www.skimo.at\/sportler\/2774\/weltcup-font-blanca-and-tag-2-im-individual-vom-winde-verweht\/#primaryimage\"},\"datePublished\":\"2015-01-24T15:19:30+00:00\",\"dateModified\":\"2021-01-05T17:11:50+00:00\",\"author\":{\"@id\":\"https:\/\/skimo.73.jarolim.eu\/sportler\/#\/schema\/person\/89e18f4c3d09b5434dbc2dc0cefbcd30\"},\"breadcrumb\":{\"@id\":\"https:\/\/www.skimo.at\/sportler\/2774\/weltcup-font-blanca-and-tag-2-im-individual-vom-winde-verweht\/#breadcrumb\"},\"inLanguage\":\"de\",\"potentialAction\":[{\"@type\":\"ReadAction\",\"target\":[\"https:\/\/www.skimo.at\/sportler\/2774\/weltcup-font-blanca-and-tag-2-im-individual-vom-winde-verweht\/\"]}]},{\"@type\":\"BreadcrumbList\",\"@id\":\"https:\/\/www.skimo.at\/sportler\/2774\/weltcup-font-blanca-and-tag-2-im-individual-vom-winde-verweht\/#breadcrumb\",\"itemListElement\":[{\"@type\":\"ListItem\",\"position\":1,\"item\":{\"@type\":\"WebPage\",\"@id\":\"https:\/\/skimo.73.jarolim.eu\/sportler\/\",\"url\":\"https:\/\/skimo.73.jarolim.eu\/sportler\/\",\"name\":\"Home\"}},{\"@type\":\"ListItem\",\"position\":2,\"item\":{\"@id\":\"https:\/\/www.skimo.at\/sportler\/2774\/weltcup-font-blanca-and-tag-2-im-individual-vom-winde-verweht\/#webpage\"}}]},{\"@type\":\"Person\",\"@id\":\"https:\/\/skimo.73.jarolim.eu\/sportler\/#\/schema\/person\/89e18f4c3d09b5434dbc2dc0cefbcd30\",\"name\":\"aspielbuechler\",\"image\":{\"@type\":\"ImageObject\",\"@id\":\"https:\/\/skimo.73.jarolim.eu\/sportler\/#personlogo\",\"inLanguage\":\"de\",\"url\":\"https:\/\/secure.gravatar.com\/avatar\/1220d25619b41a33e4710c8b968dc56e?s=96&r=g\",\"contentUrl\":\"https:\/\/secure.gravatar.com\/avatar\/1220d25619b41a33e4710c8b968dc56e?s=96&r=g\",\"caption\":\"aspielbuechler\"},\"url\":\"https:\/\/www.skimo.at\/sportler\/author\/aspielbuechler\/\"}]}<\/script>\n<!-- \/ Yoast SEO plugin. -->","_links":{"self":[{"href":"https:\/\/www.skimo.at\/sportler\/wp-json\/wp\/v2\/posts\/2774"}],"collection":[{"href":"https:\/\/www.skimo.at\/sportler\/wp-json\/wp\/v2\/posts"}],"about":[{"href":"https:\/\/www.skimo.at\/sportler\/wp-json\/wp\/v2\/types\/post"}],"author":[{"embeddable":true,"href":"https:\/\/www.skimo.at\/sportler\/wp-json\/wp\/v2\/users\/4"}],"replies":[{"embeddable":true,"href":"https:\/\/www.skimo.at\/sportler\/wp-json\/wp\/v2\/comments?post=2774"}],"version-history":[{"count":5,"href":"https:\/\/www.skimo.at\/sportler\/wp-json\/wp\/v2\/posts\/2774\/revisions"}],"predecessor-version":[{"id":15643,"href":"https:\/\/www.skimo.at\/sportler\/wp-json\/wp\/v2\/posts\/2774\/revisions\/15643"}],"wp:featuredmedia":[{"embeddable":true,"href":"https:\/\/www.skimo.at\/sportler\/wp-json\/wp\/v2\/media\/2808"}],"wp:attachment":[{"href":"https:\/\/www.skimo.at\/sportler\/wp-json\/wp\/v2\/media?parent=2774"}],"wp:term":[{"taxonomy":"category","embeddable":true,"href":"https:\/\/www.skimo.at\/sportler\/wp-json\/wp\/v2\/categories?post=2774"},{"taxonomy":"post_tag","embeddable":true,"href":"https:\/\/www.skimo.at\/sportler\/wp-json\/wp\/v2\/tags?post=2774"}],"curies":[{"name":"wp","href":"https:\/\/api.w.org\/{rel}","templated":true}]}}