{"id":2755,"date":"2015-01-23T17:12:56","date_gmt":"2015-01-23T15:12:56","guid":{"rendered":"http:\/\/www.skimo.at\/sportler\/?p=2755"},"modified":"2015-01-23T17:13:48","modified_gmt":"2015-01-23T15:13:48","slug":"weltcup-font-blanca-and-tag-1-besichtigung","status":"publish","type":"post","link":"https:\/\/www.skimo.at\/sportler\/2755\/weltcup-font-blanca-and-tag-1-besichtigung\/","title":{"rendered":"Weltcup Font Blanca (AND), Tag 1: Besichtigung"},"content":{"rendered":"<p>Gestern noch vor Tagesanbruch sind unsere Athleten aufgebrochen, um per Flieger und vielen Autostunden zur n\u00e4chsten Station des ISMF Weltcups zu kommen. In Font Blanca in Andorra waren unsere Sportler bereits mehrfach, auch das Hotel ist bekannt und sehr gut. Dem entsprechend entspannt \u2013 wenn auch ultralang \u2013 war die Anreise in den kleinen Pyren\u00e4enstaat.<\/p>\n<p>Mit dabei dieses Mal: Verena Streitberger, Jakob Herrmann, Martin Weisskopf, Daniel Zugg. Als Betreuer Alexander Lugger und Stephan Thaler, dazu Willi Seebacher als Fotograf. Am sp\u00e4ten Abend endlich angekommen wurde gleich noch f\u00fcr den heutigen Besichtigungstag vorbesprochen. Spannend fanden unsere Sportler vor allem eines: bis auf 1.300 Meter Seeh\u00f6he kein Schnee! Wo das f\u00fcr Samstag angek\u00fcndigte lange Individualrennen mit 1.912 H\u00f6henmetern, 6 Anstiegen und 4 Tragepassagen stattfinden soll, war erstmal nicht ersichtlich.<\/p>\n<p>Die heutige Besichtigung in der selben Spur mit den Italienern brachte dann schlie\u00dflich Klarheit. Bei st\u00fcrmischem Wetter und Schneefall konnte in den h\u00f6hergelegenen Regionen bester Schnee gefunden werden. Die \u00f6rtlichen Veranstalter sind wegen der starken Winde auf den Graten soeben aber am \u00dcberlegen, wie die erh\u00f6hten Punkte vermieden werden k\u00f6nnen. Dies gilt auch f\u00fcr die Juniorenstrecke f\u00fcr Verena Streitberger geplant \u00fcber 975 H\u00f6henmeter mit 3 Anstiegen und 2 Tragepassagen.<\/p>\n<p>Um 18:00 sind unsere Sportler bei der offiziellen Er\u00f6ffnung dabei, um 18:30 geht\u2019s zum Briefing f\u00fcr das morgige Individualrennen. Morgen erfolgt der Start der Herren um 9:30, die Junioren starten um 10:50 Uhr.<\/p>\n<p><a href=\"http:\/\/www.fontblanca.ad\/en\">Hier geht\u2019s zur Webseite des Veranstalters.<\/a><\/p>\n<p>Morgen bringen wir laufend Berichte vom Individualrennen, am Sonntag dann vom Vertical.<\/p>\n","protected":false},"excerpt":{"rendered":"<p>Gestern noch vor Tagesanbruch sind unsere Athleten aufgebrochen, um per Flieger und vielen Autostunden zur n\u00e4chsten Station des ISMF Weltcups zu kommen. In Font Blanca in Andorra waren unsere Sportler bereits mehrfach, auch das Hotel ist bekannt und sehr gut. Dem entsprechend entspannt \u2013 wenn auch ultralang \u2013 war die Anreise in den kleinen Pyren\u00e4enstaat. [&hellip;]<\/p>\n","protected":false},"author":3,"featured_media":2761,"comment_status":"closed","ping_status":"closed","sticky":false,"template":"","format":"standard","meta":[],"categories":[1,9,3],"tags":[],"yoast_head":"<!-- This site is optimized with the Yoast SEO plugin v16.3 - https:\/\/yoast.com\/wordpress\/plugins\/seo\/ -->\n<title>Weltcup Font Blanca (AND), Tag 1: Besichtigung - Sportler<\/title>\n<meta name=\"robots\" content=\"index, follow, max-snippet:-1, max-image-preview:large, max-video-preview:-1\" \/>\n<link rel=\"canonical\" href=\"https:\/\/www.skimo.at\/sportler\/2755\/weltcup-font-blanca-and-tag-1-besichtigung\/\" \/>\n<meta property=\"og:locale\" content=\"de_DE\" \/>\n<meta property=\"og:type\" content=\"article\" \/>\n<meta property=\"og:title\" content=\"Weltcup Font Blanca (AND), Tag 1: Besichtigung - Sportler\" \/>\n<meta property=\"og:description\" content=\"Gestern noch vor Tagesanbruch sind unsere Athleten aufgebrochen, um per Flieger und vielen Autostunden zur n\u00e4chsten Station des ISMF Weltcups zu kommen. In Font Blanca in Andorra waren unsere Sportler bereits mehrfach, auch das Hotel ist bekannt und sehr gut. Dem entsprechend entspannt \u2013 wenn auch ultralang \u2013 war die Anreise in den kleinen Pyren\u00e4enstaat. [&hellip;]\" \/>\n<meta property=\"og:url\" content=\"https:\/\/www.skimo.at\/sportler\/2755\/weltcup-font-blanca-and-tag-1-besichtigung\/\" \/>\n<meta property=\"og:site_name\" content=\"Sportler\" \/>\n<meta property=\"article:published_time\" content=\"2015-01-23T15:12:56+00:00\" \/>\n<meta property=\"article:modified_time\" content=\"2015-01-23T15:13:48+00:00\" \/>\n<meta property=\"og:image\" content=\"https:\/\/skimo.73.jarolim.eu\/sportler\/files\/2015\/01\/Weltcup-Font-Blanca-2015_Besichtigung_6_Photo-Willi-Seebacher-LR.jpg\" \/>\n\t<meta property=\"og:image:width\" content=\"1772\" \/>\n\t<meta property=\"og:image:height\" content=\"1181\" \/>\n<meta name=\"twitter:card\" content=\"summary\" \/>\n<meta name=\"twitter:label1\" content=\"Gesch\u00e4tzte Lesezeit\">\n\t<meta name=\"twitter:data1\" content=\"1\u00a0Minute\">\n<script type=\"application\/ld+json\" class=\"yoast-schema-graph\">{\"@context\":\"https:\/\/schema.org\",\"@graph\":[{\"@type\":\"WebSite\",\"@id\":\"https:\/\/skimo.73.jarolim.eu\/sportler\/#website\",\"url\":\"https:\/\/skimo.73.jarolim.eu\/sportler\/\",\"name\":\"Sportler\",\"description\":\"\",\"potentialAction\":[{\"@type\":\"SearchAction\",\"target\":\"https:\/\/skimo.73.jarolim.eu\/sportler\/?s={search_term_string}\",\"query-input\":\"required name=search_term_string\"}],\"inLanguage\":\"de\"},{\"@type\":\"ImageObject\",\"@id\":\"https:\/\/www.skimo.at\/sportler\/2755\/weltcup-font-blanca-and-tag-1-besichtigung\/#primaryimage\",\"inLanguage\":\"de\",\"url\":\"https:\/\/www.skimo.at\/sportler\/files\/2015\/01\/Weltcup-Font-Blanca-2015_Besichtigung_6_Photo-Willi-Seebacher-LR.jpg\",\"contentUrl\":\"https:\/\/www.skimo.at\/sportler\/files\/2015\/01\/Weltcup-Font-Blanca-2015_Besichtigung_6_Photo-Willi-Seebacher-LR.jpg\",\"width\":1772,\"height\":1181},{\"@type\":\"WebPage\",\"@id\":\"https:\/\/www.skimo.at\/sportler\/2755\/weltcup-font-blanca-and-tag-1-besichtigung\/#webpage\",\"url\":\"https:\/\/www.skimo.at\/sportler\/2755\/weltcup-font-blanca-and-tag-1-besichtigung\/\",\"name\":\"Weltcup Font Blanca (AND), Tag 1: Besichtigung - Sportler\",\"isPartOf\":{\"@id\":\"https:\/\/skimo.73.jarolim.eu\/sportler\/#website\"},\"primaryImageOfPage\":{\"@id\":\"https:\/\/www.skimo.at\/sportler\/2755\/weltcup-font-blanca-and-tag-1-besichtigung\/#primaryimage\"},\"datePublished\":\"2015-01-23T15:12:56+00:00\",\"dateModified\":\"2015-01-23T15:13:48+00:00\",\"author\":{\"@id\":\"https:\/\/skimo.73.jarolim.eu\/sportler\/#\/schema\/person\/796ecbce6796efca58bf848ca63ec12c\"},\"breadcrumb\":{\"@id\":\"https:\/\/www.skimo.at\/sportler\/2755\/weltcup-font-blanca-and-tag-1-besichtigung\/#breadcrumb\"},\"inLanguage\":\"de\",\"potentialAction\":[{\"@type\":\"ReadAction\",\"target\":[\"https:\/\/www.skimo.at\/sportler\/2755\/weltcup-font-blanca-and-tag-1-besichtigung\/\"]}]},{\"@type\":\"BreadcrumbList\",\"@id\":\"https:\/\/www.skimo.at\/sportler\/2755\/weltcup-font-blanca-and-tag-1-besichtigung\/#breadcrumb\",\"itemListElement\":[{\"@type\":\"ListItem\",\"position\":1,\"item\":{\"@type\":\"WebPage\",\"@id\":\"https:\/\/skimo.73.jarolim.eu\/sportler\/\",\"url\":\"https:\/\/skimo.73.jarolim.eu\/sportler\/\",\"name\":\"Home\"}},{\"@type\":\"ListItem\",\"position\":2,\"item\":{\"@id\":\"https:\/\/www.skimo.at\/sportler\/2755\/weltcup-font-blanca-and-tag-1-besichtigung\/#webpage\"}}]},{\"@type\":\"Person\",\"@id\":\"https:\/\/skimo.73.jarolim.eu\/sportler\/#\/schema\/person\/796ecbce6796efca58bf848ca63ec12c\",\"name\":\"kposch\",\"image\":{\"@type\":\"ImageObject\",\"@id\":\"https:\/\/skimo.73.jarolim.eu\/sportler\/#personlogo\",\"inLanguage\":\"de\",\"url\":\"https:\/\/secure.gravatar.com\/avatar\/e9f5f28da60e5e563d3f4d3cc0b9b425?s=96&r=g\",\"contentUrl\":\"https:\/\/secure.gravatar.com\/avatar\/e9f5f28da60e5e563d3f4d3cc0b9b425?s=96&r=g\",\"caption\":\"kposch\"},\"url\":\"https:\/\/www.skimo.at\/sportler\/author\/kposch\/\"}]}<\/script>\n<!-- \/ Yoast SEO plugin. -->","_links":{"self":[{"href":"https:\/\/www.skimo.at\/sportler\/wp-json\/wp\/v2\/posts\/2755"}],"collection":[{"href":"https:\/\/www.skimo.at\/sportler\/wp-json\/wp\/v2\/posts"}],"about":[{"href":"https:\/\/www.skimo.at\/sportler\/wp-json\/wp\/v2\/types\/post"}],"author":[{"embeddable":true,"href":"https:\/\/www.skimo.at\/sportler\/wp-json\/wp\/v2\/users\/3"}],"replies":[{"embeddable":true,"href":"https:\/\/www.skimo.at\/sportler\/wp-json\/wp\/v2\/comments?post=2755"}],"version-history":[{"count":1,"href":"https:\/\/www.skimo.at\/sportler\/wp-json\/wp\/v2\/posts\/2755\/revisions"}],"predecessor-version":[{"id":2772,"href":"https:\/\/www.skimo.at\/sportler\/wp-json\/wp\/v2\/posts\/2755\/revisions\/2772"}],"wp:featuredmedia":[{"embeddable":true,"href":"https:\/\/www.skimo.at\/sportler\/wp-json\/wp\/v2\/media\/2761"}],"wp:attachment":[{"href":"https:\/\/www.skimo.at\/sportler\/wp-json\/wp\/v2\/media?parent=2755"}],"wp:term":[{"taxonomy":"category","embeddable":true,"href":"https:\/\/www.skimo.at\/sportler\/wp-json\/wp\/v2\/categories?post=2755"},{"taxonomy":"post_tag","embeddable":true,"href":"https:\/\/www.skimo.at\/sportler\/wp-json\/wp\/v2\/tags?post=2755"}],"curies":[{"name":"wp","href":"https:\/\/api.w.org\/{rel}","templated":true}]}}