{"id":2604,"date":"2015-01-09T17:59:43","date_gmt":"2015-01-09T15:59:43","guid":{"rendered":"http:\/\/www.skimo.at\/sportler\/?p=2604"},"modified":"2015-01-09T22:53:36","modified_gmt":"2015-01-09T20:53:36","slug":"weltcup-puy-saint-vincent-tag-2-erste-besichtigungstouren-lassen-ein-hartes-rennen-vermuten","status":"publish","type":"post","link":"https:\/\/www.skimo.at\/sportler\/2604\/weltcup-puy-saint-vincent-tag-2-erste-besichtigungstouren-lassen-ein-hartes-rennen-vermuten\/","title":{"rendered":"Weltcup Puy Saint Vincent, Tag 2: erste Besichtigungstouren lassen ein hartes Rennen vermuten"},"content":{"rendered":"<p>Heute stand f\u00fcr die Athleten des \u00d6sterreichischen Nationalteams die Streckenbesichtigung f\u00fcr das morgige Individual Race am Programm. Den Berichten unserer Mannschaft vor Ort zufolge gibt\u2019s wenig Schnee in den Bergen rund um den Veranstaltungsort Puy Saint Vincens (FRA) \u2013 scheinbar ist Schneemangel diese Saison in den Alpen recht \u00fcblich, da h\u00e4tten sie ja eigentlich gar nicht so weit fahren m\u00fcssen, sondern auch in \u00d6sterreich bleiben k\u00f6nnen\u2026 \ud83d\ude42<\/p>\n<p>Trotzdem sind die Streckenbedingungen sehr gut, das war die einstimmige Meinung nach der Besichtigungstour von heute. Es verspricht auf jeden Fall morgen technisch schwieriges Rennen zu werden: insgesamt sind auf der Langdistanz f\u00fcr unsere Herren in der Senior bzw. Espoir Klasse 6 Aufstiege mit 3 Tragepassagen (inklusive Steigeisen) und 6 Abfahrten, verteilt auf ca. 1680 H\u00f6henmeter, zu \u00fcberwinden. Die Anstiege sind teilweise kurz, aber daf\u00fcr sehr heftig, der Schnee ist sehr hart, die Abfahrten sind \u00fcber die H\u00e4lfte Buckelpisten, da wird f\u00fcr gute Skifahrer wohl einiges rauszuholen sein. Die Kurzdistanz f\u00fcr unsere Damen der Juniorenklasse besteht aus 1050 H\u00f6henmetern und vier Aufsiegen und Abfahrten mit zwei Tragepassagen.<\/p>\n<p>Die gesamte Strecke liegt inmitten eines Skigebietes, sie ist somit sehr gut erreichbar und an allen Teilen gute einsehbar, einige Zuschauer werden daher erwartet, die die weltbesten Athleten ordentlich anfeuern k\u00f6nnen. Und die werden morgen nahezu komplett anwesend sein. Angefangen vom Gesamtweltcup Gewinner des letzten Jahres, dem Italiener Damiano Lenzi oder dem Franzose William Bon Mardio, der die Individual Gesamtwertung f\u00fcr sich entschied. Einmal mehr das Feld aufmischen wird in dieser Saison wohl erneut der spanische Ausnahmeathlet Kilian Jornet, der sich zwar letztes Jahr vorwiegend auf sein Projekt \u201eSummit of my life\u201c konzentriert hatte und trotzdem noch den zweiten Rang in der Gesamtwertung schaffte, heuer aber wieder im Gesamtweltcup ganz an vorderster Stelle mit dabei sein m\u00f6chte. Spannend wird es heuer, wo sich Toni Palzer eingliedern wird. Im letzten Jahr war der junge Deutsche aus Ramsau an sechster Stelle in der Gesamtwertung, geht\u2019s heuer weiter nach vorne?<br \/>\n\u00dcbrigens ist heute kurzfristig auch Sepp Rottmoser noch angereist. Urspr\u00fcnglich beruflich verhindert, ist er nun doch noch nachgekommen, der amtierende Weltmeister im Sprint will sich das erste Weltcup Wochenende inklusive Sprintbeweb am Sonntag nicht entgehen lassen.<\/p>\n<p>Heute haben sich die Mannschaften am Nachmittag noch zur offiziellen Er\u00f6ffnungsfeier getroffen, die aufgrund der Terroranschl\u00e4ge in Paris relativ knapp gehalten worden ist und auch ein Schweigeminute f\u00fcr die Opfer beinhaltete.<\/p>\n<p>Morgen geht es dann um 9.00 Uhr los mit dem Start zum Individual Race. Dann hei\u00dft es Daumen dr\u00fccken f\u00fcr unsere vier Athleten in der Herren Senior Klasse, sowie f\u00fcr die zwei Damen in der Junioren Klasse. Martin Wei\u00dfkopf, Daniel Zugg, Jakob Herrmann, Thomas Wallner, Ina Forchthammer und Verena Streitberger werden mit Sicherheit ihr Bestes geben. Wir werden berichten, sobald die ersten Ergebnisse aus Frankreich vorliegen.<\/p>\n","protected":false},"excerpt":{"rendered":"<p>Heute stand f\u00fcr die Athleten des \u00d6sterreichischen Nationalteams die Streckenbesichtigung f\u00fcr das morgige Individual Race am Programm. Den Berichten unserer Mannschaft vor Ort zufolge gibt\u2019s wenig Schnee in den Bergen rund um den Veranstaltungsort Puy Saint Vincens (FRA) \u2013 scheinbar ist Schneemangel diese Saison in den Alpen recht \u00fcblich, da h\u00e4tten sie ja eigentlich gar [&hellip;]<\/p>\n","protected":false},"author":4,"featured_media":2607,"comment_status":"closed","ping_status":"closed","sticky":false,"template":"","format":"standard","meta":[],"categories":[1,3],"tags":[],"yoast_head":"<!-- This site is optimized with the Yoast SEO plugin v16.3 - https:\/\/yoast.com\/wordpress\/plugins\/seo\/ -->\n<title>Weltcup Puy Saint Vincent, Tag 2: erste Besichtigungstouren lassen ein hartes Rennen vermuten - Sportler<\/title>\n<meta name=\"robots\" content=\"index, follow, max-snippet:-1, max-image-preview:large, max-video-preview:-1\" \/>\n<link rel=\"canonical\" href=\"https:\/\/www.skimo.at\/sportler\/2604\/weltcup-puy-saint-vincent-tag-2-erste-besichtigungstouren-lassen-ein-hartes-rennen-vermuten\/\" \/>\n<meta property=\"og:locale\" content=\"de_DE\" \/>\n<meta property=\"og:type\" content=\"article\" \/>\n<meta property=\"og:title\" content=\"Weltcup Puy Saint Vincent, Tag 2: erste Besichtigungstouren lassen ein hartes Rennen vermuten - Sportler\" \/>\n<meta property=\"og:description\" content=\"Heute stand f\u00fcr die Athleten des \u00d6sterreichischen Nationalteams die Streckenbesichtigung f\u00fcr das morgige Individual Race am Programm. Den Berichten unserer Mannschaft vor Ort zufolge gibt\u2019s wenig Schnee in den Bergen rund um den Veranstaltungsort Puy Saint Vincens (FRA) \u2013 scheinbar ist Schneemangel diese Saison in den Alpen recht \u00fcblich, da h\u00e4tten sie ja eigentlich gar [&hellip;]\" \/>\n<meta property=\"og:url\" content=\"https:\/\/www.skimo.at\/sportler\/2604\/weltcup-puy-saint-vincent-tag-2-erste-besichtigungstouren-lassen-ein-hartes-rennen-vermuten\/\" \/>\n<meta property=\"og:site_name\" content=\"Sportler\" \/>\n<meta property=\"article:published_time\" content=\"2015-01-09T15:59:43+00:00\" \/>\n<meta property=\"article:modified_time\" content=\"2015-01-09T20:53:36+00:00\" \/>\n<meta property=\"og:image\" content=\"https:\/\/skimo.73.jarolim.eu\/sportler\/files\/2015\/01\/Weltcup-Pelvoux-2015_Besichtigung_Photo-Alex-Lugger_LR-27.jpg\" \/>\n\t<meta property=\"og:image:width\" content=\"1772\" \/>\n\t<meta property=\"og:image:height\" content=\"1329\" \/>\n<meta name=\"twitter:card\" content=\"summary\" \/>\n<meta name=\"twitter:label1\" content=\"Gesch\u00e4tzte Lesezeit\">\n\t<meta name=\"twitter:data1\" content=\"2\u00a0Minuten\">\n<script type=\"application\/ld+json\" class=\"yoast-schema-graph\">{\"@context\":\"https:\/\/schema.org\",\"@graph\":[{\"@type\":\"WebSite\",\"@id\":\"https:\/\/skimo.73.jarolim.eu\/sportler\/#website\",\"url\":\"https:\/\/skimo.73.jarolim.eu\/sportler\/\",\"name\":\"Sportler\",\"description\":\"\",\"potentialAction\":[{\"@type\":\"SearchAction\",\"target\":\"https:\/\/skimo.73.jarolim.eu\/sportler\/?s={search_term_string}\",\"query-input\":\"required name=search_term_string\"}],\"inLanguage\":\"de\"},{\"@type\":\"ImageObject\",\"@id\":\"https:\/\/www.skimo.at\/sportler\/2604\/weltcup-puy-saint-vincent-tag-2-erste-besichtigungstouren-lassen-ein-hartes-rennen-vermuten\/#primaryimage\",\"inLanguage\":\"de\",\"url\":\"https:\/\/www.skimo.at\/sportler\/files\/2015\/01\/Weltcup-Pelvoux-2015_Besichtigung_Photo-Alex-Lugger_LR-27.jpg\",\"contentUrl\":\"https:\/\/www.skimo.at\/sportler\/files\/2015\/01\/Weltcup-Pelvoux-2015_Besichtigung_Photo-Alex-Lugger_LR-27.jpg\",\"width\":1772,\"height\":1329},{\"@type\":\"WebPage\",\"@id\":\"https:\/\/www.skimo.at\/sportler\/2604\/weltcup-puy-saint-vincent-tag-2-erste-besichtigungstouren-lassen-ein-hartes-rennen-vermuten\/#webpage\",\"url\":\"https:\/\/www.skimo.at\/sportler\/2604\/weltcup-puy-saint-vincent-tag-2-erste-besichtigungstouren-lassen-ein-hartes-rennen-vermuten\/\",\"name\":\"Weltcup Puy Saint Vincent, Tag 2: erste Besichtigungstouren lassen ein hartes Rennen vermuten - Sportler\",\"isPartOf\":{\"@id\":\"https:\/\/skimo.73.jarolim.eu\/sportler\/#website\"},\"primaryImageOfPage\":{\"@id\":\"https:\/\/www.skimo.at\/sportler\/2604\/weltcup-puy-saint-vincent-tag-2-erste-besichtigungstouren-lassen-ein-hartes-rennen-vermuten\/#primaryimage\"},\"datePublished\":\"2015-01-09T15:59:43+00:00\",\"dateModified\":\"2015-01-09T20:53:36+00:00\",\"author\":{\"@id\":\"https:\/\/skimo.73.jarolim.eu\/sportler\/#\/schema\/person\/89e18f4c3d09b5434dbc2dc0cefbcd30\"},\"breadcrumb\":{\"@id\":\"https:\/\/www.skimo.at\/sportler\/2604\/weltcup-puy-saint-vincent-tag-2-erste-besichtigungstouren-lassen-ein-hartes-rennen-vermuten\/#breadcrumb\"},\"inLanguage\":\"de\",\"potentialAction\":[{\"@type\":\"ReadAction\",\"target\":[\"https:\/\/www.skimo.at\/sportler\/2604\/weltcup-puy-saint-vincent-tag-2-erste-besichtigungstouren-lassen-ein-hartes-rennen-vermuten\/\"]}]},{\"@type\":\"BreadcrumbList\",\"@id\":\"https:\/\/www.skimo.at\/sportler\/2604\/weltcup-puy-saint-vincent-tag-2-erste-besichtigungstouren-lassen-ein-hartes-rennen-vermuten\/#breadcrumb\",\"itemListElement\":[{\"@type\":\"ListItem\",\"position\":1,\"item\":{\"@type\":\"WebPage\",\"@id\":\"https:\/\/skimo.73.jarolim.eu\/sportler\/\",\"url\":\"https:\/\/skimo.73.jarolim.eu\/sportler\/\",\"name\":\"Home\"}},{\"@type\":\"ListItem\",\"position\":2,\"item\":{\"@id\":\"https:\/\/www.skimo.at\/sportler\/2604\/weltcup-puy-saint-vincent-tag-2-erste-besichtigungstouren-lassen-ein-hartes-rennen-vermuten\/#webpage\"}}]},{\"@type\":\"Person\",\"@id\":\"https:\/\/skimo.73.jarolim.eu\/sportler\/#\/schema\/person\/89e18f4c3d09b5434dbc2dc0cefbcd30\",\"name\":\"aspielbuechler\",\"image\":{\"@type\":\"ImageObject\",\"@id\":\"https:\/\/skimo.73.jarolim.eu\/sportler\/#personlogo\",\"inLanguage\":\"de\",\"url\":\"https:\/\/secure.gravatar.com\/avatar\/1220d25619b41a33e4710c8b968dc56e?s=96&r=g\",\"contentUrl\":\"https:\/\/secure.gravatar.com\/avatar\/1220d25619b41a33e4710c8b968dc56e?s=96&r=g\",\"caption\":\"aspielbuechler\"},\"url\":\"https:\/\/www.skimo.at\/sportler\/author\/aspielbuechler\/\"}]}<\/script>\n<!-- \/ Yoast SEO plugin. -->","_links":{"self":[{"href":"https:\/\/www.skimo.at\/sportler\/wp-json\/wp\/v2\/posts\/2604"}],"collection":[{"href":"https:\/\/www.skimo.at\/sportler\/wp-json\/wp\/v2\/posts"}],"about":[{"href":"https:\/\/www.skimo.at\/sportler\/wp-json\/wp\/v2\/types\/post"}],"author":[{"embeddable":true,"href":"https:\/\/www.skimo.at\/sportler\/wp-json\/wp\/v2\/users\/4"}],"replies":[{"embeddable":true,"href":"https:\/\/www.skimo.at\/sportler\/wp-json\/wp\/v2\/comments?post=2604"}],"version-history":[{"count":4,"href":"https:\/\/www.skimo.at\/sportler\/wp-json\/wp\/v2\/posts\/2604\/revisions"}],"predecessor-version":[{"id":2638,"href":"https:\/\/www.skimo.at\/sportler\/wp-json\/wp\/v2\/posts\/2604\/revisions\/2638"}],"wp:featuredmedia":[{"embeddable":true,"href":"https:\/\/www.skimo.at\/sportler\/wp-json\/wp\/v2\/media\/2607"}],"wp:attachment":[{"href":"https:\/\/www.skimo.at\/sportler\/wp-json\/wp\/v2\/media?parent=2604"}],"wp:term":[{"taxonomy":"category","embeddable":true,"href":"https:\/\/www.skimo.at\/sportler\/wp-json\/wp\/v2\/categories?post=2604"},{"taxonomy":"post_tag","embeddable":true,"href":"https:\/\/www.skimo.at\/sportler\/wp-json\/wp\/v2\/tags?post=2604"}],"curies":[{"name":"wp","href":"https:\/\/api.w.org\/{rel}","templated":true}]}}