{"id":2594,"date":"2015-01-08T23:03:34","date_gmt":"2015-01-08T21:03:34","guid":{"rendered":"http:\/\/www.skimo.at\/sportler\/?p=2594"},"modified":"2021-01-05T18:57:38","modified_gmt":"2021-01-05T16:57:38","slug":"weltcup-puy-saint-vincent-tag-1-gut-in-frankreich-angekommen","status":"publish","type":"post","link":"https:\/\/www.skimo.at\/sportler\/2594\/weltcup-puy-saint-vincent-tag-1-gut-in-frankreich-angekommen\/","title":{"rendered":"Weltcup Puy Saint Vincent, Tag 1: gut in Frankreich angekommen!"},"content":{"rendered":"<p>W\u00e4hrend in anderen Wintersportdisziplinen bereits im Dezember die ersten internationalen Bewerbe stattgefunden haben, starten \u00d6sterreichs Skibergsteiger am kommenden Wochenende in das erste wichtige Rennwochenende. Die Athleten der Nationalmannschaft f\u00fchrt es an einen ihnen bereits recht gut bekannten Austragungsort in Frankreich, nach Puy Saint Vincent in den franz\u00f6sischen Alpen. So haben die WM 2013, sowie die EM 2012 dort stattgefunden, die mit mehreren Top5 Platzierungen der \u00d6sterreicher, inklusive einer Bronzemedaille endete. Sind dies m\u00f6glicherweise gute Startvoraussetzungen, an diese Erfolge anzuschlie\u00dfen?<\/p>\n<p>Heute ist die Mannschaft erst einmal gut am Austragungsort Puy Saint Vincent angekommen. Nach einer 10-st\u00fcndigen Autofahrt sind alle froh, den Tag im Hotel ruhig zu Ende gehen lassen zu k\u00f6nnen, bevor morgen die ersten Besichtigungen f\u00fcr das Individual Race am Programm stehen.<\/p>\n<p>F\u00fcr die \u00f6sterreichische Mannschaft steht heuer einiges am Spiel, seit Juni 2014 ist das Skibergsteigen als eigene Sparte im gro\u00dfen \u00d6sterreichischen Skiverband \u00d6SV eingegliedert. Der Weltcup am kommenden Wochenende ist somit der erste Probebewerb f\u00fcr unsere \u00d6sterreicher im Vergleich zur internationalen Konkurrenz. Die Nationen haben ihre besten Athleten nahezu komplett entsendet. Headcoach Alexander Lugger hat sechs Athleten, darunter zwei Damen, f\u00fcr die Teilnahme am ersten Weltcup nominiert. Martin Wei\u00dfkopf (Pr\u00e4graten, Osttirol), Daniel Zugg (St. Gallenkirch, Vorarlberg), sowie die vier Salzburger Jakob Herrmann (Werfenweng), Thomas Wallner (Bischofshofen), Ina Forchthammer (St. Johann\/Pg.) und Verena Streitberger (Maishofen) werden mit dabei sein. Bestens unterst\u00fctzt durch Masseur Markus Hohenwarter und bei der Besichtigung und im Rennen bildlich festgehalten durch Fotograf Willi Seebacher. Interessant kann es in den Jugendklassen werden, denn die Schweizer Mannschaft hat ihre Jugendlichen aufgrund der Staatsmeisterschaft in der Schweiz daheim gelassen.<\/p>\n<p>Ein sehr intensives Rennwochenende mit insgesamt drei Bewerben steht f\u00fcr die Athleten von Samstag, 10.1.2015 bis Montag 12.1.2015 am Programm. Drei Bewerbe deshalb, weil leider der Weltcup in Griechenland abgesagt werden musste. Weil sich in der kurzen Zeit keine Ersatz-Austragungsort fand und man somit den Kompromiss einging, zumindest ein Rennen (auch hinsichtlich der Weltcupwertung) in Frankreich anzuh\u00e4ngen. Los geht es daher mit einem Individual Race, am zweiten Renntag folgt das Sprint Race, am Montag endet das erste Weltcup Wochenende mit einem Vertical Race. Headcoach Alex Lugger ist guter Dinge, dass an diesem Rennwochenende f\u00fcr sein Team vieles m\u00f6glich sein kann:<\/p>\n<blockquote><p>\u201eWir hoffen im ersten Rennen schon den ein oder anderen Top5 Platz erreichen zu k\u00f6nnen. Vor allem in der Juniorenklasse mit Verena Streitberger oder in der Espoirklasse durch Daniel Zugg w\u00e4re dies durchaus m\u00f6glich. In der allgemeinen Herren Senior Klasse ist die Dichte an der Spitze dieses Jahr sicher wieder gr\u00f6\u00dfer geworden, trotzdem ist zum Beispiel Martin Wei\u00dfkopf ein Kandidat, der unter die Top15 laufen kann.\u201c<\/p><\/blockquote>\n<p>Interessant wird f\u00fcr den Nationalteamtrainer aber auch der Sprint:<\/p>\n<blockquote><p>\u201eHier ist alles m\u00f6glich. Mit einem guten Lauf und etwas Gl\u00fcck kann jeder Athlet hier f\u00fcr \u00dcberraschungen sorgen, genauso mit Pech aber auch voll abst\u00fcrzen. Ziel w\u00e4re es f\u00fcr uns auf jeden Fall jemanden zumindest bis ins Semifinale zu bringen.\u201c<\/p><\/blockquote>\n<p>Nebenbei: der aktuelle Sprintweltmeister ist nicht in Frankreich anwesend, Sepp Rottmoser wird daher in ersten Sprint der Saison nicht um den Sieg mitlaufen.<\/p>\n<p>F\u00fcr alle sechs \u00f6sterreichischen Teilnehmer ist es nat\u00fcrlich das oberste Ziel, an diesem Wochenende m\u00f6glichst weit vorne in den Ergebnislisten zu stehen und sich damit vielleicht auch gleich einen Platz in der WM Mannschaft f\u00fcr Februar zu sichern.<\/p>\n<p>Morgen wird erst mal die Strecke f\u00fcr das Individual Race besichtigt. Wir werden unsere Leser nat\u00fcrlich mit weiteren Infos und den Bildern dazu versorgen, sowie morgen auch die Details zu den Strecken verk\u00fcnden.<\/p>\n","protected":false},"excerpt":{"rendered":"<p>W\u00e4hrend in anderen Wintersportdisziplinen bereits im Dezember die ersten internationalen Bewerbe stattgefunden haben, starten \u00d6sterreichs Skibergsteiger am kommenden Wochenende in das erste wichtige Rennwochenende. Die Athleten der Nationalmannschaft f\u00fchrt es an einen ihnen bereits recht gut bekannten Austragungsort in Frankreich, nach Puy Saint Vincent in den franz\u00f6sischen Alpen. So haben die WM 2013, sowie die [&hellip;]<\/p>\n","protected":false},"author":4,"featured_media":2598,"comment_status":"closed","ping_status":"closed","sticky":false,"template":"","format":"standard","meta":[],"categories":[1,3],"tags":[],"yoast_head":"<!-- This site is optimized with the Yoast SEO plugin v16.3 - https:\/\/yoast.com\/wordpress\/plugins\/seo\/ -->\n<title>Weltcup Puy Saint Vincent, Tag 1: gut in Frankreich angekommen! - Sportler<\/title>\n<meta name=\"robots\" content=\"index, follow, max-snippet:-1, max-image-preview:large, max-video-preview:-1\" \/>\n<link rel=\"canonical\" href=\"https:\/\/www.skimo.at\/sportler\/2594\/weltcup-puy-saint-vincent-tag-1-gut-in-frankreich-angekommen\/\" \/>\n<meta property=\"og:locale\" content=\"de_DE\" \/>\n<meta property=\"og:type\" content=\"article\" \/>\n<meta property=\"og:title\" content=\"Weltcup Puy Saint Vincent, Tag 1: gut in Frankreich angekommen! - Sportler\" \/>\n<meta property=\"og:description\" content=\"W\u00e4hrend in anderen Wintersportdisziplinen bereits im Dezember die ersten internationalen Bewerbe stattgefunden haben, starten \u00d6sterreichs Skibergsteiger am kommenden Wochenende in das erste wichtige Rennwochenende. Die Athleten der Nationalmannschaft f\u00fchrt es an einen ihnen bereits recht gut bekannten Austragungsort in Frankreich, nach Puy Saint Vincent in den franz\u00f6sischen Alpen. So haben die WM 2013, sowie die [&hellip;]\" \/>\n<meta property=\"og:url\" content=\"https:\/\/www.skimo.at\/sportler\/2594\/weltcup-puy-saint-vincent-tag-1-gut-in-frankreich-angekommen\/\" \/>\n<meta property=\"og:site_name\" content=\"Sportler\" \/>\n<meta property=\"article:published_time\" content=\"2015-01-08T21:03:34+00:00\" \/>\n<meta property=\"article:modified_time\" content=\"2021-01-05T16:57:38+00:00\" \/>\n<meta property=\"og:image\" content=\"https:\/\/skimo.73.jarolim.eu\/sportler\/files\/2015\/01\/Vertical_Verena-Streitberger-4_Bild-Stephan-Mantler_LR.jpg\" \/>\n\t<meta property=\"og:image:width\" content=\"2000\" \/>\n\t<meta property=\"og:image:height\" content=\"1500\" \/>\n<meta name=\"twitter:card\" content=\"summary\" \/>\n<meta name=\"twitter:label1\" content=\"Gesch\u00e4tzte Lesezeit\">\n\t<meta name=\"twitter:data1\" content=\"3\u00a0Minuten\">\n<script type=\"application\/ld+json\" class=\"yoast-schema-graph\">{\"@context\":\"https:\/\/schema.org\",\"@graph\":[{\"@type\":\"WebSite\",\"@id\":\"https:\/\/skimo.73.jarolim.eu\/sportler\/#website\",\"url\":\"https:\/\/skimo.73.jarolim.eu\/sportler\/\",\"name\":\"Sportler\",\"description\":\"\",\"potentialAction\":[{\"@type\":\"SearchAction\",\"target\":\"https:\/\/skimo.73.jarolim.eu\/sportler\/?s={search_term_string}\",\"query-input\":\"required name=search_term_string\"}],\"inLanguage\":\"de\"},{\"@type\":\"ImageObject\",\"@id\":\"https:\/\/www.skimo.at\/sportler\/2594\/weltcup-puy-saint-vincent-tag-1-gut-in-frankreich-angekommen\/#primaryimage\",\"inLanguage\":\"de\",\"url\":\"https:\/\/www.skimo.at\/sportler\/files\/2015\/01\/Vertical_Verena-Streitberger-4_Bild-Stephan-Mantler_LR.jpg\",\"contentUrl\":\"https:\/\/www.skimo.at\/sportler\/files\/2015\/01\/Vertical_Verena-Streitberger-4_Bild-Stephan-Mantler_LR.jpg\",\"width\":2000,\"height\":1500},{\"@type\":\"WebPage\",\"@id\":\"https:\/\/www.skimo.at\/sportler\/2594\/weltcup-puy-saint-vincent-tag-1-gut-in-frankreich-angekommen\/#webpage\",\"url\":\"https:\/\/www.skimo.at\/sportler\/2594\/weltcup-puy-saint-vincent-tag-1-gut-in-frankreich-angekommen\/\",\"name\":\"Weltcup Puy Saint Vincent, Tag 1: gut in Frankreich angekommen! - Sportler\",\"isPartOf\":{\"@id\":\"https:\/\/skimo.73.jarolim.eu\/sportler\/#website\"},\"primaryImageOfPage\":{\"@id\":\"https:\/\/www.skimo.at\/sportler\/2594\/weltcup-puy-saint-vincent-tag-1-gut-in-frankreich-angekommen\/#primaryimage\"},\"datePublished\":\"2015-01-08T21:03:34+00:00\",\"dateModified\":\"2021-01-05T16:57:38+00:00\",\"author\":{\"@id\":\"https:\/\/skimo.73.jarolim.eu\/sportler\/#\/schema\/person\/89e18f4c3d09b5434dbc2dc0cefbcd30\"},\"breadcrumb\":{\"@id\":\"https:\/\/www.skimo.at\/sportler\/2594\/weltcup-puy-saint-vincent-tag-1-gut-in-frankreich-angekommen\/#breadcrumb\"},\"inLanguage\":\"de\",\"potentialAction\":[{\"@type\":\"ReadAction\",\"target\":[\"https:\/\/www.skimo.at\/sportler\/2594\/weltcup-puy-saint-vincent-tag-1-gut-in-frankreich-angekommen\/\"]}]},{\"@type\":\"BreadcrumbList\",\"@id\":\"https:\/\/www.skimo.at\/sportler\/2594\/weltcup-puy-saint-vincent-tag-1-gut-in-frankreich-angekommen\/#breadcrumb\",\"itemListElement\":[{\"@type\":\"ListItem\",\"position\":1,\"item\":{\"@type\":\"WebPage\",\"@id\":\"https:\/\/skimo.73.jarolim.eu\/sportler\/\",\"url\":\"https:\/\/skimo.73.jarolim.eu\/sportler\/\",\"name\":\"Home\"}},{\"@type\":\"ListItem\",\"position\":2,\"item\":{\"@id\":\"https:\/\/www.skimo.at\/sportler\/2594\/weltcup-puy-saint-vincent-tag-1-gut-in-frankreich-angekommen\/#webpage\"}}]},{\"@type\":\"Person\",\"@id\":\"https:\/\/skimo.73.jarolim.eu\/sportler\/#\/schema\/person\/89e18f4c3d09b5434dbc2dc0cefbcd30\",\"name\":\"aspielbuechler\",\"image\":{\"@type\":\"ImageObject\",\"@id\":\"https:\/\/skimo.73.jarolim.eu\/sportler\/#personlogo\",\"inLanguage\":\"de\",\"url\":\"https:\/\/secure.gravatar.com\/avatar\/1220d25619b41a33e4710c8b968dc56e?s=96&r=g\",\"contentUrl\":\"https:\/\/secure.gravatar.com\/avatar\/1220d25619b41a33e4710c8b968dc56e?s=96&r=g\",\"caption\":\"aspielbuechler\"},\"url\":\"https:\/\/www.skimo.at\/sportler\/author\/aspielbuechler\/\"}]}<\/script>\n<!-- \/ Yoast SEO plugin. -->","_links":{"self":[{"href":"https:\/\/www.skimo.at\/sportler\/wp-json\/wp\/v2\/posts\/2594"}],"collection":[{"href":"https:\/\/www.skimo.at\/sportler\/wp-json\/wp\/v2\/posts"}],"about":[{"href":"https:\/\/www.skimo.at\/sportler\/wp-json\/wp\/v2\/types\/post"}],"author":[{"embeddable":true,"href":"https:\/\/www.skimo.at\/sportler\/wp-json\/wp\/v2\/users\/4"}],"replies":[{"embeddable":true,"href":"https:\/\/www.skimo.at\/sportler\/wp-json\/wp\/v2\/comments?post=2594"}],"version-history":[{"count":3,"href":"https:\/\/www.skimo.at\/sportler\/wp-json\/wp\/v2\/posts\/2594\/revisions"}],"predecessor-version":[{"id":15634,"href":"https:\/\/www.skimo.at\/sportler\/wp-json\/wp\/v2\/posts\/2594\/revisions\/15634"}],"wp:featuredmedia":[{"embeddable":true,"href":"https:\/\/www.skimo.at\/sportler\/wp-json\/wp\/v2\/media\/2598"}],"wp:attachment":[{"href":"https:\/\/www.skimo.at\/sportler\/wp-json\/wp\/v2\/media?parent=2594"}],"wp:term":[{"taxonomy":"category","embeddable":true,"href":"https:\/\/www.skimo.at\/sportler\/wp-json\/wp\/v2\/categories?post=2594"},{"taxonomy":"post_tag","embeddable":true,"href":"https:\/\/www.skimo.at\/sportler\/wp-json\/wp\/v2\/tags?post=2594"}],"curies":[{"name":"wp","href":"https:\/\/api.w.org\/{rel}","templated":true}]}}