{"id":2554,"date":"2014-12-04T08:36:52","date_gmt":"2014-12-04T06:36:52","guid":{"rendered":"http:\/\/www.skimo.at\/sportler\/?p=2554"},"modified":"2014-12-04T08:36:52","modified_gmt":"2014-12-04T06:36:52","slug":"news-zum-nationalteam-und-selektionsrichtlinien-saison-2014-15","status":"publish","type":"post","link":"https:\/\/www.skimo.at\/sportler\/2554\/news-zum-nationalteam-und-selektionsrichtlinien-saison-2014-15\/","title":{"rendered":"News zum Nationalteam und Selektionsrichtlinien  Saison 2014-15"},"content":{"rendered":"<p>Auch wenn es noch immer recht herbstlich im Gro\u00dfteil \u00d6sterreichs zugeht, die Kaderathleten der \u00f6sterreichischen Nationalmannschaft stehen schon voll in den Startl\u00f6chern. Durch die Eingliederung als Sparte Skibergsteigen in den \u00d6SV haben die A-Kaderathleten schon zwei Trainingslager hinter sich, am n\u00e4chsten Wochenende geht\u2019s zum allj\u00e4hrlichen Teammeeting f\u00fcr alle Athleten und Betreuer.<br \/>\nDie Vorbereitung der Nationalmannschaft im Sommer lief sehr gut, einige kleine Wettk\u00e4mpfe wurden ebenfalls gemeistert \u2013 mit gutem Erfolg, das Training im Team scheint zu passen.<\/p>\n<p>In der Besetzung gab es zwei \u00c4nderungen: Veronika Swidrak wird in der kommenden Saison nicht mehr im Nationalteam zu finden sein, wir d\u00fcrfen uns f\u00fcr den jahrelangen Einsatz im Team und die vielen Erfolge herzlich bedanken! Daf\u00fcr verst\u00e4rkt der Osttiroler Johannes Walder (28) die Mannschaft.<\/p>\n<p>Dank unserer Partner <a href=\"http:\/\/www.adidas.de\/\" target=\"_blank\">ADIDAS<\/a>,\u00a0<a href=\"http:\/\/eu.blackdiamondequipment.com\/de\/homepage\" target=\"_blank\">BLACK DIAMOND<\/a>, <a href=\"http:\/\/www.buff.eu\/welcome\" target=\"_blank\">BUFF<\/a>, <a href=\"http:\/\/www.kochalpin.at\/index.php\" target=\"_blank\">CONTOUR<\/a>, <a href=\"http:\/\/www.nikwax.de\/de-de\/\" target=\"_blank\">NIKWAX<\/a>, <a href=\"http:\/\/www.orthomol.com\/de-DE\" target=\"_blank\">ORTHOMOL<\/a>, <a href=\"http:\/\/www.pieps.com\/\" target=\"_blank\">PIEPS<\/a> und <a href=\"http:\/\/www.lenzing.com\/fasern\/tencel.html\" target=\"_blank\">TENCEL<\/a> wird die \u00d6sterreichische Nationalmannschaft im Skibergsteigen auch in der kommenden Saison wieder auf den internationalen Wettk\u00e4mpfen ihr Bestes geben und \u00d6sterreich w\u00fcrdig vertreten. Insgesamt stehen heuer 5 Weltcuprennen am Programm mit jeweils zwei Bewerben am Rennwochenende (Vertical oder Sprint, Individual), der H\u00f6hepunkt der Saison wird mit der WM dieses Jahr Mitte Februar in der Schweiz (Verbier) ausgetragen. Der Rennkalender (mit nationalen und internationalen Bewerben) ist wie gewohnt t\u00e4glich aktualisiert auf der ASKIMO Webseite online.<\/p>\n<p>Ebenfalls online sind die aktuellen Selektionsrichtlinien f\u00fcr die Aufnahme und den Verbleib in der Nationalmannschaft im Wettkampf-Skibergsteigen.<a href=\"http:\/\/www.skimo.at\/sportler\/qualifikation\/\" target=\"_blank\"> Interessierte finden unter diesem Link s\u00e4mtliche Infos und Voraussetzungen.<\/a> Wir freuen uns auf die Bewerbungen leistungsstarker Athleten.<\/p>\n","protected":false},"excerpt":{"rendered":"<p>Auch wenn es noch immer recht herbstlich im Gro\u00dfteil \u00d6sterreichs zugeht, die Kaderathleten der \u00f6sterreichischen Nationalmannschaft stehen schon voll in den Startl\u00f6chern. Durch die Eingliederung als Sparte Skibergsteigen in den \u00d6SV haben die A-Kaderathleten schon zwei Trainingslager hinter sich, am n\u00e4chsten Wochenende geht\u2019s zum allj\u00e4hrlichen Teammeeting f\u00fcr alle Athleten und Betreuer. Die Vorbereitung der Nationalmannschaft [&hellip;]<\/p>\n","protected":false},"author":4,"featured_media":0,"comment_status":"closed","ping_status":"closed","sticky":false,"template":"","format":"standard","meta":[],"categories":[1,3,7],"tags":[],"yoast_head":"<!-- This site is optimized with the Yoast SEO plugin v16.3 - https:\/\/yoast.com\/wordpress\/plugins\/seo\/ -->\n<title>News zum Nationalteam und Selektionsrichtlinien Saison 2014-15 - Sportler<\/title>\n<meta name=\"robots\" content=\"index, follow, max-snippet:-1, max-image-preview:large, max-video-preview:-1\" \/>\n<link rel=\"canonical\" href=\"https:\/\/www.skimo.at\/sportler\/2554\/news-zum-nationalteam-und-selektionsrichtlinien-saison-2014-15\/\" \/>\n<meta property=\"og:locale\" content=\"de_DE\" \/>\n<meta property=\"og:type\" content=\"article\" \/>\n<meta property=\"og:title\" content=\"News zum Nationalteam und Selektionsrichtlinien Saison 2014-15 - Sportler\" \/>\n<meta property=\"og:description\" content=\"Auch wenn es noch immer recht herbstlich im Gro\u00dfteil \u00d6sterreichs zugeht, die Kaderathleten der \u00f6sterreichischen Nationalmannschaft stehen schon voll in den Startl\u00f6chern. Durch die Eingliederung als Sparte Skibergsteigen in den \u00d6SV haben die A-Kaderathleten schon zwei Trainingslager hinter sich, am n\u00e4chsten Wochenende geht\u2019s zum allj\u00e4hrlichen Teammeeting f\u00fcr alle Athleten und Betreuer. Die Vorbereitung der Nationalmannschaft [&hellip;]\" \/>\n<meta property=\"og:url\" content=\"https:\/\/www.skimo.at\/sportler\/2554\/news-zum-nationalteam-und-selektionsrichtlinien-saison-2014-15\/\" \/>\n<meta property=\"og:site_name\" content=\"Sportler\" \/>\n<meta property=\"article:published_time\" content=\"2014-12-04T06:36:52+00:00\" \/>\n<meta name=\"twitter:card\" content=\"summary\" \/>\n<meta name=\"twitter:label1\" content=\"Gesch\u00e4tzte Lesezeit\">\n\t<meta name=\"twitter:data1\" content=\"1\u00a0Minute\">\n<script type=\"application\/ld+json\" class=\"yoast-schema-graph\">{\"@context\":\"https:\/\/schema.org\",\"@graph\":[{\"@type\":\"WebSite\",\"@id\":\"https:\/\/skimo.73.jarolim.eu\/sportler\/#website\",\"url\":\"https:\/\/skimo.73.jarolim.eu\/sportler\/\",\"name\":\"Sportler\",\"description\":\"\",\"potentialAction\":[{\"@type\":\"SearchAction\",\"target\":\"https:\/\/skimo.73.jarolim.eu\/sportler\/?s={search_term_string}\",\"query-input\":\"required name=search_term_string\"}],\"inLanguage\":\"de\"},{\"@type\":\"WebPage\",\"@id\":\"https:\/\/www.skimo.at\/sportler\/2554\/news-zum-nationalteam-und-selektionsrichtlinien-saison-2014-15\/#webpage\",\"url\":\"https:\/\/www.skimo.at\/sportler\/2554\/news-zum-nationalteam-und-selektionsrichtlinien-saison-2014-15\/\",\"name\":\"News zum Nationalteam und Selektionsrichtlinien Saison 2014-15 - Sportler\",\"isPartOf\":{\"@id\":\"https:\/\/skimo.73.jarolim.eu\/sportler\/#website\"},\"datePublished\":\"2014-12-04T06:36:52+00:00\",\"dateModified\":\"2014-12-04T06:36:52+00:00\",\"author\":{\"@id\":\"https:\/\/skimo.73.jarolim.eu\/sportler\/#\/schema\/person\/89e18f4c3d09b5434dbc2dc0cefbcd30\"},\"breadcrumb\":{\"@id\":\"https:\/\/www.skimo.at\/sportler\/2554\/news-zum-nationalteam-und-selektionsrichtlinien-saison-2014-15\/#breadcrumb\"},\"inLanguage\":\"de\",\"potentialAction\":[{\"@type\":\"ReadAction\",\"target\":[\"https:\/\/www.skimo.at\/sportler\/2554\/news-zum-nationalteam-und-selektionsrichtlinien-saison-2014-15\/\"]}]},{\"@type\":\"BreadcrumbList\",\"@id\":\"https:\/\/www.skimo.at\/sportler\/2554\/news-zum-nationalteam-und-selektionsrichtlinien-saison-2014-15\/#breadcrumb\",\"itemListElement\":[{\"@type\":\"ListItem\",\"position\":1,\"item\":{\"@type\":\"WebPage\",\"@id\":\"https:\/\/skimo.73.jarolim.eu\/sportler\/\",\"url\":\"https:\/\/skimo.73.jarolim.eu\/sportler\/\",\"name\":\"Home\"}},{\"@type\":\"ListItem\",\"position\":2,\"item\":{\"@id\":\"https:\/\/www.skimo.at\/sportler\/2554\/news-zum-nationalteam-und-selektionsrichtlinien-saison-2014-15\/#webpage\"}}]},{\"@type\":\"Person\",\"@id\":\"https:\/\/skimo.73.jarolim.eu\/sportler\/#\/schema\/person\/89e18f4c3d09b5434dbc2dc0cefbcd30\",\"name\":\"aspielbuechler\",\"image\":{\"@type\":\"ImageObject\",\"@id\":\"https:\/\/skimo.73.jarolim.eu\/sportler\/#personlogo\",\"inLanguage\":\"de\",\"url\":\"https:\/\/secure.gravatar.com\/avatar\/1220d25619b41a33e4710c8b968dc56e?s=96&r=g\",\"contentUrl\":\"https:\/\/secure.gravatar.com\/avatar\/1220d25619b41a33e4710c8b968dc56e?s=96&r=g\",\"caption\":\"aspielbuechler\"},\"url\":\"https:\/\/www.skimo.at\/sportler\/author\/aspielbuechler\/\"}]}<\/script>\n<!-- \/ Yoast SEO plugin. -->","_links":{"self":[{"href":"https:\/\/www.skimo.at\/sportler\/wp-json\/wp\/v2\/posts\/2554"}],"collection":[{"href":"https:\/\/www.skimo.at\/sportler\/wp-json\/wp\/v2\/posts"}],"about":[{"href":"https:\/\/www.skimo.at\/sportler\/wp-json\/wp\/v2\/types\/post"}],"author":[{"embeddable":true,"href":"https:\/\/www.skimo.at\/sportler\/wp-json\/wp\/v2\/users\/4"}],"replies":[{"embeddable":true,"href":"https:\/\/www.skimo.at\/sportler\/wp-json\/wp\/v2\/comments?post=2554"}],"version-history":[{"count":1,"href":"https:\/\/www.skimo.at\/sportler\/wp-json\/wp\/v2\/posts\/2554\/revisions"}],"predecessor-version":[{"id":2556,"href":"https:\/\/www.skimo.at\/sportler\/wp-json\/wp\/v2\/posts\/2554\/revisions\/2556"}],"wp:attachment":[{"href":"https:\/\/www.skimo.at\/sportler\/wp-json\/wp\/v2\/media?parent=2554"}],"wp:term":[{"taxonomy":"category","embeddable":true,"href":"https:\/\/www.skimo.at\/sportler\/wp-json\/wp\/v2\/categories?post=2554"},{"taxonomy":"post_tag","embeddable":true,"href":"https:\/\/www.skimo.at\/sportler\/wp-json\/wp\/v2\/tags?post=2554"}],"curies":[{"name":"wp","href":"https:\/\/api.w.org\/{rel}","templated":true}]}}