{"id":2526,"date":"2014-11-09T19:39:31","date_gmt":"2014-11-09T17:39:31","guid":{"rendered":"http:\/\/www.skimo.at\/sportler\/?p=2526"},"modified":"2014-11-09T19:41:31","modified_gmt":"2014-11-09T17:41:31","slug":"hoehentraining-am-kitzsteinhorn","status":"publish","type":"post","link":"https:\/\/www.skimo.at\/sportler\/2526\/hoehentraining-am-kitzsteinhorn\/","title":{"rendered":"H\u00f6hentraining am Kitzsteinhorn"},"content":{"rendered":"<p>Die Athleten der \u00d6sterreichischen Nationalmannschaft der neuen \u00d6SV Sparte Skibergsteigen machen sich bereit f\u00fcr die in K\u00fcrze startende Wettkampfsaison. Vom Do. 6.11. bis Mo. 10.11. 2014 bekamen die A-Kader Mitglieder und die Nachwuchsathleten von ihren Trainern den letzten Schliff, bevor sie mit Anfang Dezember offiziell in die Rennen starten.<\/p>\n<h3>A-Kader trainierte voll auf Leistung<\/h3>\n<p>Headcoach Alex Lugger brachte seine Sch\u00fctzlinge diesmal ins Salzburgerland, genauer gesagt aufs Kitzsteinhorn. Im Bundessport- und Freizeitzentrum Kitzsteinhorn boten sich den teilnehmenden Sportlern beste Bedingungen zur Vorbereitung. F\u00fcr die A-Kader Athleten Daniel Zugg, Alexander Fasser und Martin Wei\u00dfkopf war es inzwischen das dritte Trainingslager dieser Saison. Die drei verbrachten schon harte Trainingstage in Ramsau am Dachstein sowie am Stilfser Joch. Konzentrierten sie sich in den vergangenen Kursen mehr auf die Grundlagenausdauer, waren die Einheiten diesmal voll auf Leistung ausgerichtet. Etliche H\u00f6henmeter wurden auf den Skiern gesammelt, die perfekten Schneebedingungen boten dazu beste Voraussetzungen. Das BSFZ Kitzsteinhorn liegt auf einer H\u00f6he von ca. 2.500 H\u00f6henmetern, f\u00fcr die Athleten war jede Tour somit zus\u00e4tzlich ein optimales H\u00f6hentraining. Gerade ein solches ist in der Vorbereitung f\u00fcr die Wettk\u00e4mpfe enorm wichtig, denn immerhin f\u00fchren die Rennstrecken, vor allem jene in den Westalpen, h\u00e4ufig in eine H\u00f6henlage bis zu 3.000 Meter. Aber nicht nur am Schnee wurde trainiert. Wenn Alexander Lugger seine Sportler nicht auf die Ski stellt, so lie\u00df er ihnen aber trotzdem keine Verschnaufpause, das Training ging dann im Fitnessraum des BSFZ Kitzsteinhorn weiter. Krafttraining, Koordinationstraining \u2013 der Tagesablauf war strikt durchplant. Bis nach dem harten Trainingsprogramm dann Therapeut Martin Schneider die Athleten wieder herrichten durfte, mithilfe physiotherapeutischer \u00dcbungen gelang dies gut. Somit war jeder der Athleten am n\u00e4chsten Tag erneut wieder zu H\u00f6chstleistungen bereit.<br \/>\nAber nicht nur aktives Training stand am Programm: Rainer Hank vom Sponsor Orthomol war ebenfalls zu Besuch und informierte die Athleten \u00fcber die Bedeutung von Mikron\u00e4hrstoffen und Nahrungserg\u00e4nzungsmittel.<\/p>\n<h3>Nachwuchsathleten bekamen die letzten Technikschliff<\/h3>\n<p>W\u00e4hrend der A-Kader voll auf Leistung trainierte, konzentrierten sich die Jungathleten mehr auf ein Skitechniktraining in Kombination mit Kraft- und Koordinationseinheiten. Nachwuchstrainer Markus Steiner gab den drei Nationalteammitgliedern Verena Streitberger, Ina Forchthammer (und Jakob Siedler den letzten Schliff, denn auch f\u00fcr die Jungen startet im Dezember bereits die Wettkampfsaison. Zuvor treffen sich die Nachwuchsathleten aber noch mit Jugendlichen aus inzwischen acht Nationen noch beim Internationalen Jugendcamp. Gemeinsam in dieser Gruppe geht\u2019s dann zu ersten Rennen: dem Sprint Race in Lienz.<\/p>\n<h3>Wettkampfstart im Dezember in Lienz<\/h3>\n<p>Mit der \u00d6sterreichischen Meisterschaft im Sprint Race findet das erste wichtige Rennen am 5.12.2014 in Lienz (Osttirol) statt. Alle Athleten der Nationalmannschaft werden gesammelt am Start stehen, schlie\u00dflich geht es darum, den besten Skibergsteiger und die beste Skibergsteigerin \u00d6sterreichs zu k\u00fcren. Aber nicht nur national hochkar\u00e4tige Teilnehmer werden bei diesem Rennen erwartet. Das Sprint Race, sowie das Vertical Race am folgenden Tag sind offiziell registrierte Rennen des internationalen Verbandes ISMF, Teilnehmer aus anderen Nationalteams werden sich zus\u00e4tzlich um den Tagessieg mit dem \u00d6sterreichern duellieren.<\/p>\n<h3>Skitechnik-Training in der Ski Austria Academy<\/h3>\n<p>Nach diesem Rennwochenende in Lienz geht\u2019s f\u00fcr das gesamte Nationalteam (A-Kader, B-Kader und Nachwuchs) noch zu einem letzten gemeinsamen Treffen: Im Zuge des allj\u00e4hrlichen Teammeetings bringen Mannschaftsleiter Karl Posch und Headcoach Alex Lugger ihre Leute diesmal nach St. Christoph am Arlberg. In der Ski Austria Academy steht ein umfangreiches Skitechniktraining mit Skilehrern am Programm, damit unsere Athleten der Konkurrenz nicht nur im Aufstieg davonlaufen, sondern auch in der Abfahrt davonfahren k\u00f6nnen.<\/p>\n","protected":false},"excerpt":{"rendered":"<p>Die Athleten der \u00d6sterreichischen Nationalmannschaft der neuen \u00d6SV Sparte Skibergsteigen machen sich bereit f\u00fcr die in K\u00fcrze startende Wettkampfsaison. Vom Do. 6.11. bis Mo. 10.11. 2014 bekamen die A-Kader Mitglieder und die Nachwuchsathleten von ihren Trainern den letzten Schliff, bevor sie mit Anfang Dezember offiziell in die Rennen starten. A-Kader trainierte voll auf Leistung Headcoach [&hellip;]<\/p>\n","protected":false},"author":4,"featured_media":2533,"comment_status":"closed","ping_status":"closed","sticky":false,"template":"","format":"standard","meta":[],"categories":[1,3,7],"tags":[],"yoast_head":"<!-- This site is optimized with the Yoast SEO plugin v16.3 - https:\/\/yoast.com\/wordpress\/plugins\/seo\/ -->\n<title>H\u00f6hentraining am Kitzsteinhorn - Sportler<\/title>\n<meta name=\"robots\" content=\"index, follow, max-snippet:-1, max-image-preview:large, max-video-preview:-1\" \/>\n<link rel=\"canonical\" href=\"https:\/\/www.skimo.at\/sportler\/2526\/hoehentraining-am-kitzsteinhorn\/\" \/>\n<meta property=\"og:locale\" content=\"de_DE\" \/>\n<meta property=\"og:type\" content=\"article\" \/>\n<meta property=\"og:title\" content=\"H\u00f6hentraining am Kitzsteinhorn - Sportler\" \/>\n<meta property=\"og:description\" content=\"Die Athleten der \u00d6sterreichischen Nationalmannschaft der neuen \u00d6SV Sparte Skibergsteigen machen sich bereit f\u00fcr die in K\u00fcrze startende Wettkampfsaison. Vom Do. 6.11. bis Mo. 10.11. 2014 bekamen die A-Kader Mitglieder und die Nachwuchsathleten von ihren Trainern den letzten Schliff, bevor sie mit Anfang Dezember offiziell in die Rennen starten. A-Kader trainierte voll auf Leistung Headcoach [&hellip;]\" \/>\n<meta property=\"og:url\" content=\"https:\/\/www.skimo.at\/sportler\/2526\/hoehentraining-am-kitzsteinhorn\/\" \/>\n<meta property=\"og:site_name\" content=\"Sportler\" \/>\n<meta property=\"article:published_time\" content=\"2014-11-09T17:39:31+00:00\" \/>\n<meta property=\"article:modified_time\" content=\"2014-11-09T17:41:31+00:00\" \/>\n<meta property=\"og:image\" content=\"https:\/\/skimo.73.jarolim.eu\/sportler\/files\/2014\/11\/Trainingslager-Kitzsteinhorn_Gruppenbild_Bild-Alex-Lugger-LR.jpg\" \/>\n\t<meta property=\"og:image:width\" content=\"1843\" \/>\n\t<meta property=\"og:image:height\" content=\"1382\" \/>\n<meta name=\"twitter:card\" content=\"summary\" \/>\n<meta name=\"twitter:label1\" content=\"Gesch\u00e4tzte Lesezeit\">\n\t<meta name=\"twitter:data1\" content=\"3\u00a0Minuten\">\n<script type=\"application\/ld+json\" class=\"yoast-schema-graph\">{\"@context\":\"https:\/\/schema.org\",\"@graph\":[{\"@type\":\"WebSite\",\"@id\":\"https:\/\/skimo.73.jarolim.eu\/sportler\/#website\",\"url\":\"https:\/\/skimo.73.jarolim.eu\/sportler\/\",\"name\":\"Sportler\",\"description\":\"\",\"potentialAction\":[{\"@type\":\"SearchAction\",\"target\":\"https:\/\/skimo.73.jarolim.eu\/sportler\/?s={search_term_string}\",\"query-input\":\"required name=search_term_string\"}],\"inLanguage\":\"de\"},{\"@type\":\"ImageObject\",\"@id\":\"https:\/\/www.skimo.at\/sportler\/2526\/hoehentraining-am-kitzsteinhorn\/#primaryimage\",\"inLanguage\":\"de\",\"url\":\"https:\/\/www.skimo.at\/sportler\/files\/2014\/11\/Trainingslager-Kitzsteinhorn_Gruppenbild_Bild-Alex-Lugger-LR.jpg\",\"contentUrl\":\"https:\/\/www.skimo.at\/sportler\/files\/2014\/11\/Trainingslager-Kitzsteinhorn_Gruppenbild_Bild-Alex-Lugger-LR.jpg\",\"width\":1843,\"height\":1382},{\"@type\":\"WebPage\",\"@id\":\"https:\/\/www.skimo.at\/sportler\/2526\/hoehentraining-am-kitzsteinhorn\/#webpage\",\"url\":\"https:\/\/www.skimo.at\/sportler\/2526\/hoehentraining-am-kitzsteinhorn\/\",\"name\":\"H\\u00f6hentraining am Kitzsteinhorn - Sportler\",\"isPartOf\":{\"@id\":\"https:\/\/skimo.73.jarolim.eu\/sportler\/#website\"},\"primaryImageOfPage\":{\"@id\":\"https:\/\/www.skimo.at\/sportler\/2526\/hoehentraining-am-kitzsteinhorn\/#primaryimage\"},\"datePublished\":\"2014-11-09T17:39:31+00:00\",\"dateModified\":\"2014-11-09T17:41:31+00:00\",\"author\":{\"@id\":\"https:\/\/skimo.73.jarolim.eu\/sportler\/#\/schema\/person\/89e18f4c3d09b5434dbc2dc0cefbcd30\"},\"breadcrumb\":{\"@id\":\"https:\/\/www.skimo.at\/sportler\/2526\/hoehentraining-am-kitzsteinhorn\/#breadcrumb\"},\"inLanguage\":\"de\",\"potentialAction\":[{\"@type\":\"ReadAction\",\"target\":[\"https:\/\/www.skimo.at\/sportler\/2526\/hoehentraining-am-kitzsteinhorn\/\"]}]},{\"@type\":\"BreadcrumbList\",\"@id\":\"https:\/\/www.skimo.at\/sportler\/2526\/hoehentraining-am-kitzsteinhorn\/#breadcrumb\",\"itemListElement\":[{\"@type\":\"ListItem\",\"position\":1,\"item\":{\"@type\":\"WebPage\",\"@id\":\"https:\/\/skimo.73.jarolim.eu\/sportler\/\",\"url\":\"https:\/\/skimo.73.jarolim.eu\/sportler\/\",\"name\":\"Home\"}},{\"@type\":\"ListItem\",\"position\":2,\"item\":{\"@id\":\"https:\/\/www.skimo.at\/sportler\/2526\/hoehentraining-am-kitzsteinhorn\/#webpage\"}}]},{\"@type\":\"Person\",\"@id\":\"https:\/\/skimo.73.jarolim.eu\/sportler\/#\/schema\/person\/89e18f4c3d09b5434dbc2dc0cefbcd30\",\"name\":\"aspielbuechler\",\"image\":{\"@type\":\"ImageObject\",\"@id\":\"https:\/\/skimo.73.jarolim.eu\/sportler\/#personlogo\",\"inLanguage\":\"de\",\"url\":\"https:\/\/secure.gravatar.com\/avatar\/1220d25619b41a33e4710c8b968dc56e?s=96&r=g\",\"contentUrl\":\"https:\/\/secure.gravatar.com\/avatar\/1220d25619b41a33e4710c8b968dc56e?s=96&r=g\",\"caption\":\"aspielbuechler\"},\"url\":\"https:\/\/www.skimo.at\/sportler\/author\/aspielbuechler\/\"}]}<\/script>\n<!-- \/ Yoast SEO plugin. -->","_links":{"self":[{"href":"https:\/\/www.skimo.at\/sportler\/wp-json\/wp\/v2\/posts\/2526"}],"collection":[{"href":"https:\/\/www.skimo.at\/sportler\/wp-json\/wp\/v2\/posts"}],"about":[{"href":"https:\/\/www.skimo.at\/sportler\/wp-json\/wp\/v2\/types\/post"}],"author":[{"embeddable":true,"href":"https:\/\/www.skimo.at\/sportler\/wp-json\/wp\/v2\/users\/4"}],"replies":[{"embeddable":true,"href":"https:\/\/www.skimo.at\/sportler\/wp-json\/wp\/v2\/comments?post=2526"}],"version-history":[{"count":1,"href":"https:\/\/www.skimo.at\/sportler\/wp-json\/wp\/v2\/posts\/2526\/revisions"}],"predecessor-version":[{"id":2527,"href":"https:\/\/www.skimo.at\/sportler\/wp-json\/wp\/v2\/posts\/2526\/revisions\/2527"}],"wp:featuredmedia":[{"embeddable":true,"href":"https:\/\/www.skimo.at\/sportler\/wp-json\/wp\/v2\/media\/2533"}],"wp:attachment":[{"href":"https:\/\/www.skimo.at\/sportler\/wp-json\/wp\/v2\/media?parent=2526"}],"wp:term":[{"taxonomy":"category","embeddable":true,"href":"https:\/\/www.skimo.at\/sportler\/wp-json\/wp\/v2\/categories?post=2526"},{"taxonomy":"post_tag","embeddable":true,"href":"https:\/\/www.skimo.at\/sportler\/wp-json\/wp\/v2\/tags?post=2526"}],"curies":[{"name":"wp","href":"https:\/\/api.w.org\/{rel}","templated":true}]}}