{"id":2511,"date":"2014-10-17T15:38:24","date_gmt":"2014-10-17T13:38:24","guid":{"rendered":"http:\/\/www.skimo.at\/sportler\/?p=2511"},"modified":"2014-10-17T15:38:24","modified_gmt":"2014-10-17T13:38:24","slug":"trainingslager-der-kaderathleten-skibergsteigen-am-stilfser-joch-ita","status":"publish","type":"post","link":"https:\/\/www.skimo.at\/sportler\/2511\/trainingslager-der-kaderathleten-skibergsteigen-am-stilfser-joch-ita\/","title":{"rendered":"Trainingslager der Kaderathleten Skibergsteigen am Stilfser Joch (ITA)"},"content":{"rendered":"<p>In der vergangenen Woche begab sich der A-Kader des Nationalteams im Skibergsteigen das zweite Mal auf Trainingslager. Diesmal aber nicht nur auf Skiroller, sondern hoch hinauf auf den Gletscher zum Schnee. Alex Lugger brachte seine Athleten aufs Stilfser Joch (ITA). Mit 2757 m f\u00fchrt der zweith\u00f6chste asphaltierte Gebirgspass der Alpen auf das Gletscherskigebiet, welches allj\u00e4hrlich im Sommer und Herbst viele Nationalmannschaften zum Training nutzen. Das war deutlich zu sehen, als unsere Athleten am Gletscher ihre Runden gemeinsam mit einem der erfolgreichsten Winterolympioniken aller Zeiten drehten: dem norwegischen Biathleten Ole Einar Bjoerndalen. Ebenso ist die italienische Mannschaft im Skibergsteigen regelm\u00e4\u00dfig auf Trainingslager hier zu finden.<\/p>\n<p>Obwohl das Wetter etwas durchwachsen und windig war, was sich auf einer H\u00f6he \u00fcber 3.000 m nicht ganz so freundlich anf\u00fchlt, waren die drei Kaderathleten, Alex Fasser, Martin Wei\u00dfkopf und Daniel Zugg, an vier der f\u00fcnf Trainingslagertage immer auf Schnee unterwegs. Einmal wurde aber auch die Passstra\u00dfe gen\u00fctzt werden, die sich perfekt f\u00fcr ein Skirollertraining eignete. In Bormio wurde des Weiteren die Firma \u201eSki Trab\u201c besucht, Martin Wei\u00dfkopfs Ausstatter.<\/p>\n<p>Nach diesen erfolgreichen gemeinsamen Trainingstagen ist gewiss: der Winter kann kommen!<\/p>\n<p>&nbsp;<\/p>\n<p>&nbsp;<\/p>\n","protected":false},"excerpt":{"rendered":"<p>In der vergangenen Woche begab sich der A-Kader des Nationalteams im Skibergsteigen das zweite Mal auf Trainingslager. Diesmal aber nicht nur auf Skiroller, sondern hoch hinauf auf den Gletscher zum Schnee. Alex Lugger brachte seine Athleten aufs Stilfser Joch (ITA). Mit 2757 m f\u00fchrt der zweith\u00f6chste asphaltierte Gebirgspass der Alpen auf das Gletscherskigebiet, welches allj\u00e4hrlich [&hellip;]<\/p>\n","protected":false},"author":4,"featured_media":2514,"comment_status":"closed","ping_status":"closed","sticky":false,"template":"","format":"standard","meta":[],"categories":[1,3,7],"tags":[],"yoast_head":"<!-- This site is optimized with the Yoast SEO plugin v16.3 - https:\/\/yoast.com\/wordpress\/plugins\/seo\/ -->\n<title>Trainingslager der Kaderathleten Skibergsteigen am Stilfser Joch (ITA) - Sportler<\/title>\n<meta name=\"robots\" content=\"index, follow, max-snippet:-1, max-image-preview:large, max-video-preview:-1\" \/>\n<link rel=\"canonical\" href=\"https:\/\/www.skimo.at\/sportler\/2511\/trainingslager-der-kaderathleten-skibergsteigen-am-stilfser-joch-ita\/\" \/>\n<meta property=\"og:locale\" content=\"de_DE\" \/>\n<meta property=\"og:type\" content=\"article\" \/>\n<meta property=\"og:title\" content=\"Trainingslager der Kaderathleten Skibergsteigen am Stilfser Joch (ITA) - Sportler\" \/>\n<meta property=\"og:description\" content=\"In der vergangenen Woche begab sich der A-Kader des Nationalteams im Skibergsteigen das zweite Mal auf Trainingslager. Diesmal aber nicht nur auf Skiroller, sondern hoch hinauf auf den Gletscher zum Schnee. Alex Lugger brachte seine Athleten aufs Stilfser Joch (ITA). Mit 2757 m f\u00fchrt der zweith\u00f6chste asphaltierte Gebirgspass der Alpen auf das Gletscherskigebiet, welches allj\u00e4hrlich [&hellip;]\" \/>\n<meta property=\"og:url\" content=\"https:\/\/www.skimo.at\/sportler\/2511\/trainingslager-der-kaderathleten-skibergsteigen-am-stilfser-joch-ita\/\" \/>\n<meta property=\"og:site_name\" content=\"Sportler\" \/>\n<meta property=\"article:published_time\" content=\"2014-10-17T13:38:24+00:00\" \/>\n<meta property=\"og:image\" content=\"https:\/\/skimo.73.jarolim.eu\/sportler\/files\/2014\/10\/Trainingslager-Stilfser-Joch-_-Erste-Wintereindr\u00fccke-_-Bild-Alexander-Lugger-_-LR.jpg\" \/>\n\t<meta property=\"og:image:width\" content=\"1772\" \/>\n\t<meta property=\"og:image:height\" content=\"1184\" \/>\n<meta name=\"twitter:card\" content=\"summary\" \/>\n<meta name=\"twitter:label1\" content=\"Gesch\u00e4tzte Lesezeit\">\n\t<meta name=\"twitter:data1\" content=\"1\u00a0Minute\">\n<script type=\"application\/ld+json\" class=\"yoast-schema-graph\">{\"@context\":\"https:\/\/schema.org\",\"@graph\":[{\"@type\":\"WebSite\",\"@id\":\"https:\/\/skimo.73.jarolim.eu\/sportler\/#website\",\"url\":\"https:\/\/skimo.73.jarolim.eu\/sportler\/\",\"name\":\"Sportler\",\"description\":\"\",\"potentialAction\":[{\"@type\":\"SearchAction\",\"target\":\"https:\/\/skimo.73.jarolim.eu\/sportler\/?s={search_term_string}\",\"query-input\":\"required name=search_term_string\"}],\"inLanguage\":\"de\"},{\"@type\":\"ImageObject\",\"@id\":\"https:\/\/www.skimo.at\/sportler\/2511\/trainingslager-der-kaderathleten-skibergsteigen-am-stilfser-joch-ita\/#primaryimage\",\"inLanguage\":\"de\",\"url\":\"https:\/\/www.skimo.at\/sportler\/files\/2014\/10\/Trainingslager-Stilfser-Joch-_-Erste-Wintereindr\\u00fccke-_-Bild-Alexander-Lugger-_-LR.jpg\",\"contentUrl\":\"https:\/\/www.skimo.at\/sportler\/files\/2014\/10\/Trainingslager-Stilfser-Joch-_-Erste-Wintereindr\\u00fccke-_-Bild-Alexander-Lugger-_-LR.jpg\",\"width\":1772,\"height\":1184},{\"@type\":\"WebPage\",\"@id\":\"https:\/\/www.skimo.at\/sportler\/2511\/trainingslager-der-kaderathleten-skibergsteigen-am-stilfser-joch-ita\/#webpage\",\"url\":\"https:\/\/www.skimo.at\/sportler\/2511\/trainingslager-der-kaderathleten-skibergsteigen-am-stilfser-joch-ita\/\",\"name\":\"Trainingslager der Kaderathleten Skibergsteigen am Stilfser Joch (ITA) - Sportler\",\"isPartOf\":{\"@id\":\"https:\/\/skimo.73.jarolim.eu\/sportler\/#website\"},\"primaryImageOfPage\":{\"@id\":\"https:\/\/www.skimo.at\/sportler\/2511\/trainingslager-der-kaderathleten-skibergsteigen-am-stilfser-joch-ita\/#primaryimage\"},\"datePublished\":\"2014-10-17T13:38:24+00:00\",\"dateModified\":\"2014-10-17T13:38:24+00:00\",\"author\":{\"@id\":\"https:\/\/skimo.73.jarolim.eu\/sportler\/#\/schema\/person\/89e18f4c3d09b5434dbc2dc0cefbcd30\"},\"breadcrumb\":{\"@id\":\"https:\/\/www.skimo.at\/sportler\/2511\/trainingslager-der-kaderathleten-skibergsteigen-am-stilfser-joch-ita\/#breadcrumb\"},\"inLanguage\":\"de\",\"potentialAction\":[{\"@type\":\"ReadAction\",\"target\":[\"https:\/\/www.skimo.at\/sportler\/2511\/trainingslager-der-kaderathleten-skibergsteigen-am-stilfser-joch-ita\/\"]}]},{\"@type\":\"BreadcrumbList\",\"@id\":\"https:\/\/www.skimo.at\/sportler\/2511\/trainingslager-der-kaderathleten-skibergsteigen-am-stilfser-joch-ita\/#breadcrumb\",\"itemListElement\":[{\"@type\":\"ListItem\",\"position\":1,\"item\":{\"@type\":\"WebPage\",\"@id\":\"https:\/\/skimo.73.jarolim.eu\/sportler\/\",\"url\":\"https:\/\/skimo.73.jarolim.eu\/sportler\/\",\"name\":\"Home\"}},{\"@type\":\"ListItem\",\"position\":2,\"item\":{\"@id\":\"https:\/\/www.skimo.at\/sportler\/2511\/trainingslager-der-kaderathleten-skibergsteigen-am-stilfser-joch-ita\/#webpage\"}}]},{\"@type\":\"Person\",\"@id\":\"https:\/\/skimo.73.jarolim.eu\/sportler\/#\/schema\/person\/89e18f4c3d09b5434dbc2dc0cefbcd30\",\"name\":\"aspielbuechler\",\"image\":{\"@type\":\"ImageObject\",\"@id\":\"https:\/\/skimo.73.jarolim.eu\/sportler\/#personlogo\",\"inLanguage\":\"de\",\"url\":\"https:\/\/secure.gravatar.com\/avatar\/1220d25619b41a33e4710c8b968dc56e?s=96&r=g\",\"contentUrl\":\"https:\/\/secure.gravatar.com\/avatar\/1220d25619b41a33e4710c8b968dc56e?s=96&r=g\",\"caption\":\"aspielbuechler\"},\"url\":\"https:\/\/www.skimo.at\/sportler\/author\/aspielbuechler\/\"}]}<\/script>\n<!-- \/ Yoast SEO plugin. -->","_links":{"self":[{"href":"https:\/\/www.skimo.at\/sportler\/wp-json\/wp\/v2\/posts\/2511"}],"collection":[{"href":"https:\/\/www.skimo.at\/sportler\/wp-json\/wp\/v2\/posts"}],"about":[{"href":"https:\/\/www.skimo.at\/sportler\/wp-json\/wp\/v2\/types\/post"}],"author":[{"embeddable":true,"href":"https:\/\/www.skimo.at\/sportler\/wp-json\/wp\/v2\/users\/4"}],"replies":[{"embeddable":true,"href":"https:\/\/www.skimo.at\/sportler\/wp-json\/wp\/v2\/comments?post=2511"}],"version-history":[{"count":1,"href":"https:\/\/www.skimo.at\/sportler\/wp-json\/wp\/v2\/posts\/2511\/revisions"}],"predecessor-version":[{"id":2520,"href":"https:\/\/www.skimo.at\/sportler\/wp-json\/wp\/v2\/posts\/2511\/revisions\/2520"}],"wp:featuredmedia":[{"embeddable":true,"href":"https:\/\/www.skimo.at\/sportler\/wp-json\/wp\/v2\/media\/2514"}],"wp:attachment":[{"href":"https:\/\/www.skimo.at\/sportler\/wp-json\/wp\/v2\/media?parent=2511"}],"wp:term":[{"taxonomy":"category","embeddable":true,"href":"https:\/\/www.skimo.at\/sportler\/wp-json\/wp\/v2\/categories?post=2511"},{"taxonomy":"post_tag","embeddable":true,"href":"https:\/\/www.skimo.at\/sportler\/wp-json\/wp\/v2\/tags?post=2511"}],"curies":[{"name":"wp","href":"https:\/\/api.w.org\/{rel}","templated":true}]}}