{"id":2452,"date":"2014-09-18T11:56:28","date_gmt":"2014-09-18T09:56:28","guid":{"rendered":"http:\/\/www.skimo.at\/sportler\/?p=2452"},"modified":"2021-01-05T18:54:49","modified_gmt":"2021-01-05T16:54:49","slug":"wie-ueberlebt-man-die-zeit-ohne-schnee-so-machen-es-unsere-skibergsteiger","status":"publish","type":"post","link":"https:\/\/www.skimo.at\/sportler\/2452\/wie-ueberlebt-man-die-zeit-ohne-schnee-so-machen-es-unsere-skibergsteiger\/","title":{"rendered":"Wie \u201e\u00fcberlebt\u201c man die Zeit ohne Schnee? So machen es unsere Skibergsteiger\u2026"},"content":{"rendered":"<p>Was macht ein Skibergsteiger in den Monaten ohne Schnee? Geht er auf \u201eSommerschlaf\u201c? Wir haben dazu nun unsere Nationalteamathleten genau befragt. Raus gekommen ist, dass nat\u00fcrlich das ein oder andere Rennen im Sommer dabei war und auch einige\u00a0Siege, aber genauso viel Erholung, Entspannung und Freizeit. Einfach das genie\u00dfen, was man im Winter, in der Haupt-Wettkampfsaison, nicht machen kann. Aber lassen wir nun die Athleten ans Wort\u2026<\/p>\n<h3>Ein Sommer der s\u00fc\u00dfen K\u00f6stlichkeiten gefolgt von Sonne, Strand und Wolfgangsee<\/h3>\n<p>So richtig ins Schw\u00e4rmen kommt Alex Fasser, wenn er von seinem Sommer erz\u00e4hlt:<\/p>\n<blockquote><p>\u201eBei mir dreht sich\u2018s ja das ganze Jahr fast nur um den Sport, da genie\u00df ich es, wenn ich einmal abschalten kann, was mir oft gar nicht so leicht f\u00e4llt. Dabei bin ich draufgekommen, dass mir St\u00e4dtetrips richtig taugen. Das ist einfach mal was ganz anderes, als in den Bergen unterwegs zu sein. So besuchte ich heuer M\u00fcnchen und Wien &#8211; Sightseeing, Shopping, Bummeln, Essen&#8230; Im Vorfeld check ich schon diverse Restaurants ab. In gr\u00f6\u00dferen St\u00e4dten hat man ja einige M\u00f6glichkeiten. Am liebsten Asiatisch, Arabisch, Vegetarisch oder Vegan&#8230; in Wien waren wir auch in einem Rohkost Restaurant. Das klingt nicht sehr aufregend, war aber echt sensationell, was die alles machen! Das Beste f\u00fcr mich ist aber ein Besuch in einem sch\u00f6nen Kaffeehaus&#8230;Wien ist daf\u00fcr ein Paradies. Ich liebe die Atmosph\u00e4re, den Kaffee und nat\u00fcrlich die s\u00fc\u00dfen K\u00f6stlichkeiten aus der Patisserie. Eigentlich esse ich ja keinen Zucker, aber da breche ich all meine Regeln und genie\u00dfe es in vollen Z\u00fcgen!\u201c<\/p><\/blockquote>\n<p>Im Herbst wird sich Alex Fasser noch einmal eine kleine Auszeit g\u00f6nnen, um Kraft f\u00fcr die Wettkampfsaison zu tanken. Und diese wird ihn wohl wieder in eine neue Stadt und dabei in neue Kaffeeh\u00e4user und neue Restaurant f\u00fchren.<\/p>\n<p>Recht gut gehen lie\u00dfen es sich aber auch die anderen: Ina Forchthammer genoss die bei uns fehlende Sonne in \u00c4gypten, Tom Wallner erwischte so manche Strahlen w\u00e4hrend der Badetage am Wolfgangsee und den Bergtouren mit \u00dcbernachtungen oben in den H\u00fctten mit seiner Familie.<\/p>\n<p>Erkundungs- und Shoppingtouren haben Daniel Zugg aus dem L\u00e4ndle raus durch \u00d6sterreich gebracht. Er hat einige Regionen unserer Nation besucht und daf\u00fcr keinen Urlaub im Ausland gemacht.<\/p>\n<h3>Auch Arbeit sollte das Leben s\u00fc\u00df machen &#8211; oder sind es doch eher die Momente am Siegerpodest?<\/h3>\n<p>Ordentlich ausgen\u00fctzt hat Verena Streitberger ihre Sommerferien, wenngleich auch die Arbeit rief:<\/p>\n<blockquote><p>\u201eUrlaub am Gardasee, trainieren im str\u00f6menden Regen bis hin zum Feiern mit Freunden \u2013 alles war dabei. Dieses Jahr musste ich von meiner Schule aus aber auch ein 13-w\u00f6chiges Praktikum absolvieren, welches ich im Krankenhaus Zell am See machte. Die Arbeit dort hat mir richtig gut gefallen, aber nach einem anstrengenden Arbeitstag und bei &#8222;Sauwetter&#8220; kostete es mich manchmal schon etwas \u00dcberwindung, mich zum Training aufzuraffen. Doch wenn ich erst mal angefangen habe war die Motivation gleich wieder zur\u00fcck.\u201c<\/p><\/blockquote>\n<p>Und nebenbei absolvierte die j\u00fcngste Dame im Nationalteam erfolgreich auch ein paar Wettk\u00e4mpfe:<\/p>\n<blockquote><p>\u201eIch habe bei einigen Berglauf und Mountainbike-Uphill Rennen mitgemacht, denn so ganz ohne dieses Rennfieber und sich zu qu\u00e4len halte ich den Sommer einfach nicht aus. Vor allem nach den Anstrengungen im Ziel und bei der Siegerehrung ist es immer wieder ein richtig cooles Gef\u00fchl.\u201c<\/p><\/blockquote>\n<p>Und damit spricht sie auch den anderen Athleten aus der Seele. Daniel Rohringer war auf diese Art im Berglauf erfolgreich unterwegs, unter anderem gewann er dabei sogar den O\u00d6-Landesmeistertitel mit seinem Tagessieg beim Schafberglauf. Mit einem Vizemeistertitel in ihrer Klasse kann auch Ina Forchthammer aufwarten, ihr gelang der 2. Rang bei der Staatsmeisterschaft im Berglauf. Die Athleten waren aber im Sommer alles andere als Einzelk\u00e4mpfer, mehrere Teambewerbe wurden erfolgreich bew\u00e4ltigt \u2013 und das mit hervorragenden Ergebnissen.<\/p>\n<h3>Mit Teamgeist zum Sieg und auf die Gipfel der Alpen<\/h3>\n<p>Einen gro\u00dfartigen Sieg trug Jakob Herrmann beim Dolomitenmann in Lienz davon. Sein Team \u201eadidas Outdoor\u201c siegte souver\u00e4n bei diesem prestigetr\u00e4chtigen Bewerb, <a href=\"http:\/\/www.skimo.at\/verband\/117783\/red-bull-dolomitenmann-2014-nur-fuer-die-haertesten-unter-der-sonne\/\">wir hatten dar\u00fcber berichtet<\/a>. Jakob war als Paragleiter unterwegs (Rang 2 in der Einzelwertung). Seine Nationalteamkollegen gaben bei diesem Event als L\u00e4ufer ordentlich Gas: Daniel Rohringer, Philipp Brugger und Martin Wei\u00dfkopf waren mit dabei, sowie auch Markus Stock und Martin Islitzer, bis zur letzten Saison ebenfalls noch im Kader mit dabei.<\/p>\n<p>Ganz abseits der hohen Berge konnte Tom Wallner einen weiteren Teamerfolg feiern:<\/p>\n<blockquote><p>\u201eDer zweite Rang in der Mountainbike Wertung\u00a0beim \u201eM\u00fchlviertel 8000\u201c, einem Teambewerb f\u00fcr 8 Athleten mit 8 verschiedenen Disziplinen, und der Team Sieg, unter anderem mit Kaderkollege Daniel Rohringer als L\u00e4ufer, wird dabei sicher l\u00e4nger in Erinnerung bleiben, denn das war ein echt geniales Rennen.\u201c Tom war \u00fcberhaupt auf sehr vielen Wettk\u00e4mpfen am Rad unterwegs: \u201eIch habe im Sommer aufgrund meiner Angeh\u00f6rigkeit zum \u00d6sterreichischen Polizei Rad Leistungskader &#8211; und damit ich da auch weiterhin bleiben kann &#8211; an diversen Rad Wettk\u00e4mpfen teilgenommen. Dabei bin ich zehn Stra\u00dfenrennen und f\u00fcnf MTB Rennen gefahren, wobei sich auch der eine oder andere Stockerlplatz ausgegangen ist.\u201c<\/p><\/blockquote>\n<p>Einziger \u201eNachteil\u201c daraus f\u00fcr Tom:<\/p>\n<blockquote><p>\u201eAufgrund des dichten Rennkalenders mit Radrennen, dem vorhandenen Leistungsdruck im Polizei Radkader und dem damit verbundenem Radtraining gab es kaum Zeit f\u00fcr gr\u00f6\u00dfere Bergtouren; diese werden aber jetzt im Herbst nachgeholt.\u201c<\/p><\/blockquote>\n<p>Mehr gelaufen als geradelt ist sein Tiroler Teamkollege Philipp Brugger:<\/p>\n<blockquote><p>\u201eVor allem mein Sieg beim Zugspitz Berglauf war ein sehr sch\u00f6ner Erfolg. Weiteres konnte ich aber auch noch einige Speedrekorde realisieren, so zum Beispiel auf den Hochfeiler (3510m), die \u00d6tztaler Wildspitze (3768m) und den Piz Pal\u00fc (3901m).\u201c<\/p><\/blockquote>\n<p>Viel in der Luft war Jakob Herrmann, als Paragleit-Pilot bei Fly Tandem. Und dort auch viel am Berg unterwegs bei seinen Hike &amp; Fly Touren.<\/p>\n<blockquote><p>&#8222;Sonnenaufgangstouren oder im Freien auf dem Berg schlafen und bei Sonnenaufgang starten, wie k\u00f6nnte man die Berge sch\u00f6ner ausn\u00fctzen?&#8220;<\/p><\/blockquote>\n<p>Und wenn er nicht in der Luft war, dann bei ordentlichen Trailrunning Runden in seinen Heimat-Bergen, den Hohen Tauern.<\/p>\n<p>Man braucht gar nicht weg zu fahren, um internationale Kontakte zu kn\u00fcpfen. So ist es Ina Forchthammer gegangen:<\/p>\n<blockquote><p>\u201eIch besuchte eine Woche lang ein Trainingslager auf der Turracherh\u00f6he zum Laufen. Dort trainierten wir mit L\u00e4ufern aus Kenia, die uns nicht nur sportlich betrachtet viel Neues lernten. Wir hatten sehr viel Spa\u00df zusammen, es war sehr interessant dadurch auch andere Kulturen kennen zu lernen.\u201c<\/p><\/blockquote>\n<h3>Ohne Schnee geht&#8217;s halt trotzdem nicht&#8230;<\/h3>\n<p>Bei einem sind sich die Athleten einig, n\u00e4mlich sie freuen sich alle schon wieder auf den Schnee! Einige konnten im Fr\u00fchjahr noch nicht genug davon kriegen, andere waren auch im Sommer am Gletscher unterwegs, so zum Beispiel Daniel Zugg. Philipp Brugger hat noch im Juni viele sch\u00f6ne und schwere Eisklettertouren gemacht, mit Daniel Zussner war er im Mont Blanc Gebiet unterwegs, die Ortler Nordwand hat er mit Toni Palzer bew\u00e4ltigt.<\/p>\n<p>Viel am Berg war das j\u00fcngste Teammitglied, der Alpbachtaler Jakob Siedler. Eigentlich sogar jeden Tag, denn er arbeitete auf einer Alm. Seinen \u201eDienstweg\u201c trat er meist mit dem Rad an. Jetzt ist er aber wie die meisten\u00a0seiner Teamkollegen bereits wieder mit den Skirollern unterwegs, als Vorbereitung auf den Winter. Denn wie auch Verena Streitberger f\u00fcr alle spricht:<\/p>\n<blockquote><p>\u201eLange dauert der Sommer nicht mehr und in einigen Wochen werde ich wieder meine Ski anschnallen und meine ersten Skitouren am Kitzsteinhorn machen. Gottseidank!!\u201c<\/p><\/blockquote>\n<p>In diesem Sinne: die letzten Sommertage noch genie\u00dfen und dann hei\u00dfen wir den Schnee langsam wieder willkommen!<\/p>\n","protected":false},"excerpt":{"rendered":"<p>Was macht ein Skibergsteiger in den Monaten ohne Schnee? Geht er auf \u201eSommerschlaf\u201c? Wir haben dazu nun unsere Nationalteamathleten genau befragt. Raus gekommen ist, dass nat\u00fcrlich das ein oder andere Rennen im Sommer dabei war und auch einige\u00a0Siege, aber genauso viel Erholung, Entspannung und Freizeit. Einfach das genie\u00dfen, was man im Winter, in der Haupt-Wettkampfsaison, [&hellip;]<\/p>\n","protected":false},"author":4,"featured_media":2457,"comment_status":"closed","ping_status":"closed","sticky":false,"template":"","format":"standard","meta":[],"categories":[1,3,7],"tags":[],"yoast_head":"<!-- This site is optimized with the Yoast SEO plugin v16.3 - https:\/\/yoast.com\/wordpress\/plugins\/seo\/ -->\n<title>Wie \u201e\u00fcberlebt\u201c man die Zeit ohne Schnee? So machen es unsere Skibergsteiger\u2026 - Sportler<\/title>\n<meta name=\"robots\" content=\"index, follow, max-snippet:-1, max-image-preview:large, max-video-preview:-1\" \/>\n<link rel=\"canonical\" href=\"https:\/\/www.skimo.at\/sportler\/2452\/wie-ueberlebt-man-die-zeit-ohne-schnee-so-machen-es-unsere-skibergsteiger\/\" \/>\n<meta property=\"og:locale\" content=\"de_DE\" \/>\n<meta property=\"og:type\" content=\"article\" \/>\n<meta property=\"og:title\" content=\"Wie \u201e\u00fcberlebt\u201c man die Zeit ohne Schnee? So machen es unsere Skibergsteiger\u2026 - Sportler\" \/>\n<meta property=\"og:description\" content=\"Was macht ein Skibergsteiger in den Monaten ohne Schnee? Geht er auf \u201eSommerschlaf\u201c? Wir haben dazu nun unsere Nationalteamathleten genau befragt. Raus gekommen ist, dass nat\u00fcrlich das ein oder andere Rennen im Sommer dabei war und auch einige\u00a0Siege, aber genauso viel Erholung, Entspannung und Freizeit. Einfach das genie\u00dfen, was man im Winter, in der Haupt-Wettkampfsaison, [&hellip;]\" \/>\n<meta property=\"og:url\" content=\"https:\/\/www.skimo.at\/sportler\/2452\/wie-ueberlebt-man-die-zeit-ohne-schnee-so-machen-es-unsere-skibergsteiger\/\" \/>\n<meta property=\"og:site_name\" content=\"Sportler\" \/>\n<meta property=\"article:published_time\" content=\"2014-09-18T09:56:28+00:00\" \/>\n<meta property=\"article:modified_time\" content=\"2021-01-05T16:54:49+00:00\" \/>\n<meta property=\"og:image\" content=\"https:\/\/skimo.73.jarolim.eu\/sportler\/files\/2014\/09\/Alex-Fasser_2_Bild-privat.jpg\" \/>\n\t<meta property=\"og:image:width\" content=\"1024\" \/>\n\t<meta property=\"og:image:height\" content=\"768\" \/>\n<meta name=\"twitter:card\" content=\"summary\" \/>\n<meta name=\"twitter:label1\" content=\"Gesch\u00e4tzte Lesezeit\">\n\t<meta name=\"twitter:data1\" content=\"6\u00a0Minuten\">\n<script type=\"application\/ld+json\" class=\"yoast-schema-graph\">{\"@context\":\"https:\/\/schema.org\",\"@graph\":[{\"@type\":\"WebSite\",\"@id\":\"https:\/\/skimo.73.jarolim.eu\/sportler\/#website\",\"url\":\"https:\/\/skimo.73.jarolim.eu\/sportler\/\",\"name\":\"Sportler\",\"description\":\"\",\"potentialAction\":[{\"@type\":\"SearchAction\",\"target\":\"https:\/\/skimo.73.jarolim.eu\/sportler\/?s={search_term_string}\",\"query-input\":\"required name=search_term_string\"}],\"inLanguage\":\"de\"},{\"@type\":\"ImageObject\",\"@id\":\"https:\/\/www.skimo.at\/sportler\/2452\/wie-ueberlebt-man-die-zeit-ohne-schnee-so-machen-es-unsere-skibergsteiger\/#primaryimage\",\"inLanguage\":\"de\",\"url\":\"https:\/\/www.skimo.at\/sportler\/files\/2014\/09\/Alex-Fasser_2_Bild-privat.jpg\",\"contentUrl\":\"https:\/\/www.skimo.at\/sportler\/files\/2014\/09\/Alex-Fasser_2_Bild-privat.jpg\",\"width\":1024,\"height\":768},{\"@type\":\"WebPage\",\"@id\":\"https:\/\/www.skimo.at\/sportler\/2452\/wie-ueberlebt-man-die-zeit-ohne-schnee-so-machen-es-unsere-skibergsteiger\/#webpage\",\"url\":\"https:\/\/www.skimo.at\/sportler\/2452\/wie-ueberlebt-man-die-zeit-ohne-schnee-so-machen-es-unsere-skibergsteiger\/\",\"name\":\"Wie \\u201e\\u00fcberlebt\\u201c man die Zeit ohne Schnee? So machen es unsere Skibergsteiger\\u2026 - Sportler\",\"isPartOf\":{\"@id\":\"https:\/\/skimo.73.jarolim.eu\/sportler\/#website\"},\"primaryImageOfPage\":{\"@id\":\"https:\/\/www.skimo.at\/sportler\/2452\/wie-ueberlebt-man-die-zeit-ohne-schnee-so-machen-es-unsere-skibergsteiger\/#primaryimage\"},\"datePublished\":\"2014-09-18T09:56:28+00:00\",\"dateModified\":\"2021-01-05T16:54:49+00:00\",\"author\":{\"@id\":\"https:\/\/skimo.73.jarolim.eu\/sportler\/#\/schema\/person\/89e18f4c3d09b5434dbc2dc0cefbcd30\"},\"breadcrumb\":{\"@id\":\"https:\/\/www.skimo.at\/sportler\/2452\/wie-ueberlebt-man-die-zeit-ohne-schnee-so-machen-es-unsere-skibergsteiger\/#breadcrumb\"},\"inLanguage\":\"de\",\"potentialAction\":[{\"@type\":\"ReadAction\",\"target\":[\"https:\/\/www.skimo.at\/sportler\/2452\/wie-ueberlebt-man-die-zeit-ohne-schnee-so-machen-es-unsere-skibergsteiger\/\"]}]},{\"@type\":\"BreadcrumbList\",\"@id\":\"https:\/\/www.skimo.at\/sportler\/2452\/wie-ueberlebt-man-die-zeit-ohne-schnee-so-machen-es-unsere-skibergsteiger\/#breadcrumb\",\"itemListElement\":[{\"@type\":\"ListItem\",\"position\":1,\"item\":{\"@type\":\"WebPage\",\"@id\":\"https:\/\/skimo.73.jarolim.eu\/sportler\/\",\"url\":\"https:\/\/skimo.73.jarolim.eu\/sportler\/\",\"name\":\"Home\"}},{\"@type\":\"ListItem\",\"position\":2,\"item\":{\"@id\":\"https:\/\/www.skimo.at\/sportler\/2452\/wie-ueberlebt-man-die-zeit-ohne-schnee-so-machen-es-unsere-skibergsteiger\/#webpage\"}}]},{\"@type\":\"Person\",\"@id\":\"https:\/\/skimo.73.jarolim.eu\/sportler\/#\/schema\/person\/89e18f4c3d09b5434dbc2dc0cefbcd30\",\"name\":\"aspielbuechler\",\"image\":{\"@type\":\"ImageObject\",\"@id\":\"https:\/\/skimo.73.jarolim.eu\/sportler\/#personlogo\",\"inLanguage\":\"de\",\"url\":\"https:\/\/secure.gravatar.com\/avatar\/1220d25619b41a33e4710c8b968dc56e?s=96&r=g\",\"contentUrl\":\"https:\/\/secure.gravatar.com\/avatar\/1220d25619b41a33e4710c8b968dc56e?s=96&r=g\",\"caption\":\"aspielbuechler\"},\"url\":\"https:\/\/www.skimo.at\/sportler\/author\/aspielbuechler\/\"}]}<\/script>\n<!-- \/ Yoast SEO plugin. -->","_links":{"self":[{"href":"https:\/\/www.skimo.at\/sportler\/wp-json\/wp\/v2\/posts\/2452"}],"collection":[{"href":"https:\/\/www.skimo.at\/sportler\/wp-json\/wp\/v2\/posts"}],"about":[{"href":"https:\/\/www.skimo.at\/sportler\/wp-json\/wp\/v2\/types\/post"}],"author":[{"embeddable":true,"href":"https:\/\/www.skimo.at\/sportler\/wp-json\/wp\/v2\/users\/4"}],"replies":[{"embeddable":true,"href":"https:\/\/www.skimo.at\/sportler\/wp-json\/wp\/v2\/comments?post=2452"}],"version-history":[{"count":6,"href":"https:\/\/www.skimo.at\/sportler\/wp-json\/wp\/v2\/posts\/2452\/revisions"}],"predecessor-version":[{"id":15631,"href":"https:\/\/www.skimo.at\/sportler\/wp-json\/wp\/v2\/posts\/2452\/revisions\/15631"}],"wp:featuredmedia":[{"embeddable":true,"href":"https:\/\/www.skimo.at\/sportler\/wp-json\/wp\/v2\/media\/2457"}],"wp:attachment":[{"href":"https:\/\/www.skimo.at\/sportler\/wp-json\/wp\/v2\/media?parent=2452"}],"wp:term":[{"taxonomy":"category","embeddable":true,"href":"https:\/\/www.skimo.at\/sportler\/wp-json\/wp\/v2\/categories?post=2452"},{"taxonomy":"post_tag","embeddable":true,"href":"https:\/\/www.skimo.at\/sportler\/wp-json\/wp\/v2\/tags?post=2452"}],"curies":[{"name":"wp","href":"https:\/\/api.w.org\/{rel}","templated":true}]}}