{"id":2421,"date":"2014-09-16T20:07:15","date_gmt":"2014-09-16T18:07:15","guid":{"rendered":"http:\/\/www.skimo.at\/sportler\/?p=2421"},"modified":"2021-01-05T18:52:16","modified_gmt":"2021-01-05T16:52:16","slug":"trainingslager-der-kaderathleten-skibergsteigen-in-ramsau-am-dachstein","status":"publish","type":"post","link":"https:\/\/www.skimo.at\/sportler\/2421\/trainingslager-der-kaderathleten-skibergsteigen-in-ramsau-am-dachstein\/","title":{"rendered":"Trainingslager der Kaderathleten Skibergsteigen in Ramsau am Dachstein"},"content":{"rendered":"<p>Bei etwas bescheidenem Wetter absolvierten die A-Kaderathleten der \u00d6sterreichischen Nationalmannschaft in den vergangenen Tagen von 11.9. bis 14.9.2014 ihr erstes Trainingslager f\u00fcr diese Saison. Wenngleich Headcoach Alex Lugger f\u00fcr seine Teilnehmer, Alex Fasser, Martin Wei\u00dfkopf und Daniel Zugg, im <a href=\"http:\/\/www.hotel-annelies.at\/\" target=\"_blank\" rel=\"noopener\">Hotel Annelies<\/a> eine Unterkunft f\u00fcr beste Trainingsvoraussetzungen gebucht hat, so hat er jedoch nicht an eine Wettervorbestellung gedacht. Daher zeigte sich das Dorf auf der steirischen Seite des Dachsteins (oder wie man in Ober\u00f6sterreich behauptet, \u201ehinter\u201c dem Dachstein ;-)) wettertechnisch betrachtet nicht gerade von der besten Seite. Aber es gab genug Regenpausen, dass die Athleten die Skiroller auspacken konnten und unter der professionellen Anleitung von Alex Lugger ein intensives Technik- sowie Konditionstraining ohne Probleme durchf\u00fchren konnten. Und wenn es dann wieder einmal<\/p>\n<blockquote><p>\u201eleicht, wie aus K\u00fcbeln nieselte\u201c<\/p><\/blockquote>\n<p>, dann wurde der Fitnessraum des <a href=\"http:\/\/www.hotel-annelies.at\/\" target=\"_blank\" rel=\"noopener\">Hotel Annelies<\/a> unsicher gemacht und ordentlich Kraft trainiert.<\/p>\n<p>Mit dabei war diesmal auch erstmals ein Masseur, der die m\u00fcden Muskeln der Athleten nach dem harten Training wieder lockerte. Wobei man gewisserma\u00dfen sagen k\u00f6nnte, dass dieser eigentlich eine Doppelfunktion \u00fcber hatte, denn beim Massieren allein blieb es nicht: tags\u00fcber trieb er die Athleten im Konditionstraining ordentlich an und machte alles selber mit. Denn es handelte sich bei ihm um keinen geringeren als den Berglauf- und Marathonspezialisten Markus Hohenwarter, der Erfolge wie den Weltmeistertitel in der Berglauf-Langdistanz oder eine Marathonzeiten von 2:15:34 vorweisen kann und somit zu den besten L\u00e4ufern \u00d6sterreichs z\u00e4hlte, bevor er sich 2014 aus dem Leistungssport zur\u00fcckzog und nun die Sportler als Masseur betreut.<\/p>\n<p>Am Abschlusstag erlaubte das Wetter noch die ersten Trainingsmeter auf frischem Schnee, hoch oben am Dachstein Gletscher. Alex Lugger ist nach dem ersten gemeinsamen Trainingslager sehr zufrieden mit der Leistung seiner Sportler:<\/p>\n<blockquote><p>\u201eWir haben uns diesmal auf die A-Kader Athleten im Team konzentriert und versuchen diesen eine optimale Vorbereitung auf die kommende Wintersaison zu erm\u00f6glichen. Denn schon bald starten die ersten Weltcup Bewerbe, da wollen wir mit dem \u00d6sterreichischen Nationalteam wieder vorne mit dabei sein!\u201c<\/p><\/blockquote>\n<p>Bereits in K\u00fcrze geht es f\u00fcr den A-Kader zum n\u00e4chsten Trainingslager weiter nach S\u00fcdtirol, aufs Stilfser Joch. Zwei weitere Kurse folgen, unter anderem ein gro\u00dfer Skitechnikkurs f\u00fcr die gesamte Mannschaft in St. Christoph am Arlberg in der <a href=\"http:\/\/www.skiakademie.at\/\" target=\"_blank\" rel=\"noopener\">Ski Austria Academy<\/a>. Durch den im Juni erfolgten Beschluss, dass der \u00d6sterreichische Fachverband f\u00fcr Wettkampf-Skibergsteigen (ASKIMO) als Sparte in den <a href=\"http:\/\/www.oesv.at\/news\/index.php\" target=\"_blank\" rel=\"noopener\">\u00d6sterreichischen Skiverband (\u00d6SV)<\/a> integriert wird, stehen den Athleten damit in Zukunft viel professionellere Trainingsstrukturen als bisher zur Verf\u00fcgung, was sich wohl auch in den Erfolgen in der n\u00e4chsten Zukunft zeigen wird.<\/p>\n","protected":false},"excerpt":{"rendered":"<p>Bei etwas bescheidenem Wetter absolvierten die A-Kaderathleten der \u00d6sterreichischen Nationalmannschaft in den vergangenen Tagen von 11.9. bis 14.9.2014 ihr erstes Trainingslager f\u00fcr diese Saison. Wenngleich Headcoach Alex Lugger f\u00fcr seine Teilnehmer, Alex Fasser, Martin Wei\u00dfkopf und Daniel Zugg, im Hotel Annelies eine Unterkunft f\u00fcr beste Trainingsvoraussetzungen gebucht hat, so hat er jedoch nicht an eine [&hellip;]<\/p>\n","protected":false},"author":4,"featured_media":2446,"comment_status":"closed","ping_status":"closed","sticky":false,"template":"","format":"standard","meta":[],"categories":[1,3,7],"tags":[],"yoast_head":"<!-- This site is optimized with the Yoast SEO plugin v16.3 - https:\/\/yoast.com\/wordpress\/plugins\/seo\/ -->\n<title>Trainingslager der Kaderathleten Skibergsteigen in Ramsau am Dachstein - Sportler<\/title>\n<meta name=\"robots\" content=\"index, follow, max-snippet:-1, max-image-preview:large, max-video-preview:-1\" \/>\n<link rel=\"canonical\" href=\"https:\/\/www.skimo.at\/sportler\/2421\/trainingslager-der-kaderathleten-skibergsteigen-in-ramsau-am-dachstein\/\" \/>\n<meta property=\"og:locale\" content=\"de_DE\" \/>\n<meta property=\"og:type\" content=\"article\" \/>\n<meta property=\"og:title\" content=\"Trainingslager der Kaderathleten Skibergsteigen in Ramsau am Dachstein - Sportler\" \/>\n<meta property=\"og:description\" content=\"Bei etwas bescheidenem Wetter absolvierten die A-Kaderathleten der \u00d6sterreichischen Nationalmannschaft in den vergangenen Tagen von 11.9. bis 14.9.2014 ihr erstes Trainingslager f\u00fcr diese Saison. Wenngleich Headcoach Alex Lugger f\u00fcr seine Teilnehmer, Alex Fasser, Martin Wei\u00dfkopf und Daniel Zugg, im Hotel Annelies eine Unterkunft f\u00fcr beste Trainingsvoraussetzungen gebucht hat, so hat er jedoch nicht an eine [&hellip;]\" \/>\n<meta property=\"og:url\" content=\"https:\/\/www.skimo.at\/sportler\/2421\/trainingslager-der-kaderathleten-skibergsteigen-in-ramsau-am-dachstein\/\" \/>\n<meta property=\"og:site_name\" content=\"Sportler\" \/>\n<meta property=\"article:published_time\" content=\"2014-09-16T18:07:15+00:00\" \/>\n<meta property=\"article:modified_time\" content=\"2021-01-05T16:52:16+00:00\" \/>\n<meta property=\"og:image\" content=\"https:\/\/skimo.73.jarolim.eu\/sportler\/files\/2014\/09\/TL-Ramsau_Bild-Karl-Posch-24.jpg\" \/>\n\t<meta property=\"og:image:width\" content=\"1772\" \/>\n\t<meta property=\"og:image:height\" content=\"1329\" \/>\n<meta name=\"twitter:card\" content=\"summary\" \/>\n<meta name=\"twitter:label1\" content=\"Gesch\u00e4tzte Lesezeit\">\n\t<meta name=\"twitter:data1\" content=\"2\u00a0Minuten\">\n<script type=\"application\/ld+json\" class=\"yoast-schema-graph\">{\"@context\":\"https:\/\/schema.org\",\"@graph\":[{\"@type\":\"WebSite\",\"@id\":\"https:\/\/skimo.73.jarolim.eu\/sportler\/#website\",\"url\":\"https:\/\/skimo.73.jarolim.eu\/sportler\/\",\"name\":\"Sportler\",\"description\":\"\",\"potentialAction\":[{\"@type\":\"SearchAction\",\"target\":\"https:\/\/skimo.73.jarolim.eu\/sportler\/?s={search_term_string}\",\"query-input\":\"required name=search_term_string\"}],\"inLanguage\":\"de\"},{\"@type\":\"ImageObject\",\"@id\":\"https:\/\/www.skimo.at\/sportler\/2421\/trainingslager-der-kaderathleten-skibergsteigen-in-ramsau-am-dachstein\/#primaryimage\",\"inLanguage\":\"de\",\"url\":\"https:\/\/www.skimo.at\/sportler\/files\/2014\/09\/TL-Ramsau_Bild-Karl-Posch-24.jpg\",\"contentUrl\":\"https:\/\/www.skimo.at\/sportler\/files\/2014\/09\/TL-Ramsau_Bild-Karl-Posch-24.jpg\",\"width\":1772,\"height\":1329},{\"@type\":\"WebPage\",\"@id\":\"https:\/\/www.skimo.at\/sportler\/2421\/trainingslager-der-kaderathleten-skibergsteigen-in-ramsau-am-dachstein\/#webpage\",\"url\":\"https:\/\/www.skimo.at\/sportler\/2421\/trainingslager-der-kaderathleten-skibergsteigen-in-ramsau-am-dachstein\/\",\"name\":\"Trainingslager der Kaderathleten Skibergsteigen in Ramsau am Dachstein - Sportler\",\"isPartOf\":{\"@id\":\"https:\/\/skimo.73.jarolim.eu\/sportler\/#website\"},\"primaryImageOfPage\":{\"@id\":\"https:\/\/www.skimo.at\/sportler\/2421\/trainingslager-der-kaderathleten-skibergsteigen-in-ramsau-am-dachstein\/#primaryimage\"},\"datePublished\":\"2014-09-16T18:07:15+00:00\",\"dateModified\":\"2021-01-05T16:52:16+00:00\",\"author\":{\"@id\":\"https:\/\/skimo.73.jarolim.eu\/sportler\/#\/schema\/person\/89e18f4c3d09b5434dbc2dc0cefbcd30\"},\"breadcrumb\":{\"@id\":\"https:\/\/www.skimo.at\/sportler\/2421\/trainingslager-der-kaderathleten-skibergsteigen-in-ramsau-am-dachstein\/#breadcrumb\"},\"inLanguage\":\"de\",\"potentialAction\":[{\"@type\":\"ReadAction\",\"target\":[\"https:\/\/www.skimo.at\/sportler\/2421\/trainingslager-der-kaderathleten-skibergsteigen-in-ramsau-am-dachstein\/\"]}]},{\"@type\":\"BreadcrumbList\",\"@id\":\"https:\/\/www.skimo.at\/sportler\/2421\/trainingslager-der-kaderathleten-skibergsteigen-in-ramsau-am-dachstein\/#breadcrumb\",\"itemListElement\":[{\"@type\":\"ListItem\",\"position\":1,\"item\":{\"@type\":\"WebPage\",\"@id\":\"https:\/\/skimo.73.jarolim.eu\/sportler\/\",\"url\":\"https:\/\/skimo.73.jarolim.eu\/sportler\/\",\"name\":\"Home\"}},{\"@type\":\"ListItem\",\"position\":2,\"item\":{\"@id\":\"https:\/\/www.skimo.at\/sportler\/2421\/trainingslager-der-kaderathleten-skibergsteigen-in-ramsau-am-dachstein\/#webpage\"}}]},{\"@type\":\"Person\",\"@id\":\"https:\/\/skimo.73.jarolim.eu\/sportler\/#\/schema\/person\/89e18f4c3d09b5434dbc2dc0cefbcd30\",\"name\":\"aspielbuechler\",\"image\":{\"@type\":\"ImageObject\",\"@id\":\"https:\/\/skimo.73.jarolim.eu\/sportler\/#personlogo\",\"inLanguage\":\"de\",\"url\":\"https:\/\/secure.gravatar.com\/avatar\/1220d25619b41a33e4710c8b968dc56e?s=96&r=g\",\"contentUrl\":\"https:\/\/secure.gravatar.com\/avatar\/1220d25619b41a33e4710c8b968dc56e?s=96&r=g\",\"caption\":\"aspielbuechler\"},\"url\":\"https:\/\/www.skimo.at\/sportler\/author\/aspielbuechler\/\"}]}<\/script>\n<!-- \/ Yoast SEO plugin. -->","_links":{"self":[{"href":"https:\/\/www.skimo.at\/sportler\/wp-json\/wp\/v2\/posts\/2421"}],"collection":[{"href":"https:\/\/www.skimo.at\/sportler\/wp-json\/wp\/v2\/posts"}],"about":[{"href":"https:\/\/www.skimo.at\/sportler\/wp-json\/wp\/v2\/types\/post"}],"author":[{"embeddable":true,"href":"https:\/\/www.skimo.at\/sportler\/wp-json\/wp\/v2\/users\/4"}],"replies":[{"embeddable":true,"href":"https:\/\/www.skimo.at\/sportler\/wp-json\/wp\/v2\/comments?post=2421"}],"version-history":[{"count":2,"href":"https:\/\/www.skimo.at\/sportler\/wp-json\/wp\/v2\/posts\/2421\/revisions"}],"predecessor-version":[{"id":15629,"href":"https:\/\/www.skimo.at\/sportler\/wp-json\/wp\/v2\/posts\/2421\/revisions\/15629"}],"wp:featuredmedia":[{"embeddable":true,"href":"https:\/\/www.skimo.at\/sportler\/wp-json\/wp\/v2\/media\/2446"}],"wp:attachment":[{"href":"https:\/\/www.skimo.at\/sportler\/wp-json\/wp\/v2\/media?parent=2421"}],"wp:term":[{"taxonomy":"category","embeddable":true,"href":"https:\/\/www.skimo.at\/sportler\/wp-json\/wp\/v2\/categories?post=2421"},{"taxonomy":"post_tag","embeddable":true,"href":"https:\/\/www.skimo.at\/sportler\/wp-json\/wp\/v2\/tags?post=2421"}],"curies":[{"name":"wp","href":"https:\/\/api.w.org\/{rel}","templated":true}]}}