{"id":2387,"date":"2014-08-27T19:52:02","date_gmt":"2014-08-27T17:52:02","guid":{"rendered":"http:\/\/www.skimo.at\/sportler\/?p=2387"},"modified":"2021-01-05T18:51:28","modified_gmt":"2021-01-05T16:51:28","slug":"treten-bis-es-nicht-mehr-geht","status":"publish","type":"post","link":"https:\/\/www.skimo.at\/sportler\/2387\/treten-bis-es-nicht-mehr-geht\/","title":{"rendered":"Treten bis es nicht mehr geht!"},"content":{"rendered":"<p>Lang ist es nicht mehr hin bis zu den ersten Rennen \u2013 das wissen auch die Athleten des \u00d6sterreichischen Nationalteams im Skibergsteigen. W\u00e4hrend des Sommers bei so manchen Bergl\u00e4ufen erfolgreich unterwegs, lenken die Sportler ihr Hauptaugenmerk nun wieder auf den Winter. In den vergangenen drei Tagen gaben die ersten leistungsdiagnostischen Tests den offiziellen Startschuss in die kommende Saison.<\/p>\n<p>Mit Ende Juni wurde in der L\u00e4nderkonferenz des \u00d6sterreichischen Skiverbandes (\u00d6SV), sowie in der a.o. Generalversammlung des ASKIMO jeweils einstimmig beschlossen, dass das Skibergsteigen als eigenst\u00e4ndige Sparte in den \u00d6SV integriert wird. In einer \u00dcbergangsphase von ein bis zwei Jahren wird nach und nach der ASKIMO und sein Know How strukturell sowie personell in den \u00d6SV eingegliedert. Seit Juni wird bereits mit Hochdruck in Hinblick auf die kommende Saison gearbeitet und alle Energie drauf gelegt, f\u00fcr die Sportler bereits Verbesserungen in den ersten Monaten bieten zu k\u00f6nnen. Die erste f\u00fcr die Nationalteamathleten sp\u00fcrbare Ma\u00dfnahme ist die Durchf\u00fchrung eines gemeinsamen und standardisierten leistungsdiagnostischen Tests an der <a href=\"http:\/\/isag.tilak.at\/\" target=\"_blank\" rel=\"noopener\">ISAG in Innsbruck<\/a>. Durch fachkundige Betreuung des Teams unter der Leitung von Univ. Prof. Dr. Wolfgang Schobersberger wurden umfangreiche medizinische Untersuchungen durchgef\u00fchrt, gefolgt von einer Spiroergometrie mit Messung aller wichtigen Parameter der Leistungsdiagnostik, z.B Laktatwerte oder die maximale Sauerstoffaufnahme. Mussten bislang alle Athleten im Team diese kostenintensiven Tests in unterschiedlichen Labors privat finanzieren, so wird ihnen ab dieser Saison erstmals unter dem \u00d6SV dieser Test zur Verf\u00fcgung gestellt.<\/p>\n<p>F\u00fcr die meisten unter den Athleten war es \u00fcbrigens auch die erste Spiroergometrie.<\/p>\n<blockquote><p>\u201eEs war schon eigenartig und in gewisser Weise st\u00f6rend, den Ausbelastungstest mit der Maske zu machen\u201c<\/p><\/blockquote>\n<p>so der Tenor der Athleten, welche aber vom Untersuchungsteam sogleich beruhigt worden sind. Dies sei nur eine Sache der Gew\u00f6hnung und ihnen werde das Tragen der Maske, die zur Berechnung der Gaskonzentrationen in der Ausatemluft notwendig ist, bei den n\u00e4chsten Malen irgendwann gar nicht mehr auffallen.<br \/>\n\u201eZach\u201c war der Test f\u00fcr die Sportler auf jeden Fall:<\/p>\n<blockquote><p>\u201eDie Sommerferien \u00fcber habe ich auf einer Alm gearbeitet, ein Training am Berg war somit immer perfekt m\u00f6glich. An meinen Arbeitsort hinaufgefahren bin ich immer mit dem Mountainbike. Muss gut gewirkt haben, denn ich bin recht zufrieden mit der Leistung heute am Rad, aber gewaltig anstrengend war die Ausbelastung schon\u201c, so der j\u00fcngste Athlet im Team, Jakob Siedler, f\u00fcr den in K\u00fcrze wieder der Ernst des Lebens in der Schule beginnt. Daniel Zugg blickt nach dem Test l\u00e4chelnd auf seine Uhr: \u201eLaut berechneter Regenerationszeit d\u00fcrfte ich heute noch trainieren, aber wir werden den Tag wohl in Innsbruck gem\u00fctlich ausklingen lassen, anstrengend genug war\u2018s.\u201c<\/p><\/blockquote>\n<p>Aufgrund der Auswertungen wird nun durch die jeweiligen Trainer ein perfekt angepasster Trainingsplan in den n\u00e4chsten Monaten bis zu den ersten wichtigen Wettk\u00e4mpfen erstellt. Und genau darauf kommt es an, denn schlie\u00dflich wird immer noch im realen Wettkampf und nicht im Labor beim Test entschieden, wer der beste Athlet ist!<\/p>\n<p>Headcoach Alexander Lugger plant dar\u00fcber hinaus gerade intensiv die Termine f\u00fcr mehrere Trainingslager \u2013 auch dies konnte der ASKIMO in der Vergangenheit den Kaderathleten nur bedingt anbieten. Jetzt unter dem \u00d6SV wird es f\u00fcr die Sportler erstmals m\u00f6glich sein, an mehreren Trainingstagen gemeinsam Kondition und Technik unter professioneller Anleitung auf Vordermann zu bringen, ein weiterer klar sp\u00fcrbarer Schub in Richtung Erfolg.<\/p>\n","protected":false},"excerpt":{"rendered":"<p>Lang ist es nicht mehr hin bis zu den ersten Rennen \u2013 das wissen auch die Athleten des \u00d6sterreichischen Nationalteams im Skibergsteigen. W\u00e4hrend des Sommers bei so manchen Bergl\u00e4ufen erfolgreich unterwegs, lenken die Sportler ihr Hauptaugenmerk nun wieder auf den Winter. In den vergangenen drei Tagen gaben die ersten leistungsdiagnostischen Tests den offiziellen Startschuss in [&hellip;]<\/p>\n","protected":false},"author":4,"featured_media":2403,"comment_status":"closed","ping_status":"closed","sticky":false,"template":"","format":"standard","meta":[],"categories":[1,3],"tags":[],"yoast_head":"<!-- This site is optimized with the Yoast SEO plugin v16.3 - https:\/\/yoast.com\/wordpress\/plugins\/seo\/ -->\n<title>Treten bis es nicht mehr geht! - Sportler<\/title>\n<meta name=\"robots\" content=\"index, follow, max-snippet:-1, max-image-preview:large, max-video-preview:-1\" \/>\n<link rel=\"canonical\" href=\"https:\/\/www.skimo.at\/sportler\/2387\/treten-bis-es-nicht-mehr-geht\/\" \/>\n<meta property=\"og:locale\" content=\"de_DE\" \/>\n<meta property=\"og:type\" content=\"article\" \/>\n<meta property=\"og:title\" content=\"Treten bis es nicht mehr geht! - Sportler\" \/>\n<meta property=\"og:description\" content=\"Lang ist es nicht mehr hin bis zu den ersten Rennen \u2013 das wissen auch die Athleten des \u00d6sterreichischen Nationalteams im Skibergsteigen. W\u00e4hrend des Sommers bei so manchen Bergl\u00e4ufen erfolgreich unterwegs, lenken die Sportler ihr Hauptaugenmerk nun wieder auf den Winter. In den vergangenen drei Tagen gaben die ersten leistungsdiagnostischen Tests den offiziellen Startschuss in [&hellip;]\" \/>\n<meta property=\"og:url\" content=\"https:\/\/www.skimo.at\/sportler\/2387\/treten-bis-es-nicht-mehr-geht\/\" \/>\n<meta property=\"og:site_name\" content=\"Sportler\" \/>\n<meta property=\"article:published_time\" content=\"2014-08-27T17:52:02+00:00\" \/>\n<meta property=\"article:modified_time\" content=\"2021-01-05T16:51:28+00:00\" \/>\n<meta property=\"og:image\" content=\"https:\/\/skimo.73.jarolim.eu\/sportler\/files\/2014\/08\/LD-Test-ISAG-Innsbruck_Jakob-Herrmann-7_Bild-Anna-Spielbuechler-LR.jpg\" \/>\n\t<meta property=\"og:image:width\" content=\"1843\" \/>\n\t<meta property=\"og:image:height\" content=\"1382\" \/>\n<meta name=\"twitter:card\" content=\"summary\" \/>\n<meta name=\"twitter:label1\" content=\"Gesch\u00e4tzte Lesezeit\">\n\t<meta name=\"twitter:data1\" content=\"3\u00a0Minuten\">\n<script type=\"application\/ld+json\" class=\"yoast-schema-graph\">{\"@context\":\"https:\/\/schema.org\",\"@graph\":[{\"@type\":\"WebSite\",\"@id\":\"https:\/\/skimo.73.jarolim.eu\/sportler\/#website\",\"url\":\"https:\/\/skimo.73.jarolim.eu\/sportler\/\",\"name\":\"Sportler\",\"description\":\"\",\"potentialAction\":[{\"@type\":\"SearchAction\",\"target\":\"https:\/\/skimo.73.jarolim.eu\/sportler\/?s={search_term_string}\",\"query-input\":\"required name=search_term_string\"}],\"inLanguage\":\"de\"},{\"@type\":\"ImageObject\",\"@id\":\"https:\/\/www.skimo.at\/sportler\/2387\/treten-bis-es-nicht-mehr-geht\/#primaryimage\",\"inLanguage\":\"de\",\"url\":\"https:\/\/www.skimo.at\/sportler\/files\/2014\/08\/LD-Test-ISAG-Innsbruck_Jakob-Herrmann-7_Bild-Anna-Spielbuechler-LR.jpg\",\"contentUrl\":\"https:\/\/www.skimo.at\/sportler\/files\/2014\/08\/LD-Test-ISAG-Innsbruck_Jakob-Herrmann-7_Bild-Anna-Spielbuechler-LR.jpg\",\"width\":1843,\"height\":1382},{\"@type\":\"WebPage\",\"@id\":\"https:\/\/www.skimo.at\/sportler\/2387\/treten-bis-es-nicht-mehr-geht\/#webpage\",\"url\":\"https:\/\/www.skimo.at\/sportler\/2387\/treten-bis-es-nicht-mehr-geht\/\",\"name\":\"Treten bis es nicht mehr geht! - Sportler\",\"isPartOf\":{\"@id\":\"https:\/\/skimo.73.jarolim.eu\/sportler\/#website\"},\"primaryImageOfPage\":{\"@id\":\"https:\/\/www.skimo.at\/sportler\/2387\/treten-bis-es-nicht-mehr-geht\/#primaryimage\"},\"datePublished\":\"2014-08-27T17:52:02+00:00\",\"dateModified\":\"2021-01-05T16:51:28+00:00\",\"author\":{\"@id\":\"https:\/\/skimo.73.jarolim.eu\/sportler\/#\/schema\/person\/89e18f4c3d09b5434dbc2dc0cefbcd30\"},\"breadcrumb\":{\"@id\":\"https:\/\/www.skimo.at\/sportler\/2387\/treten-bis-es-nicht-mehr-geht\/#breadcrumb\"},\"inLanguage\":\"de\",\"potentialAction\":[{\"@type\":\"ReadAction\",\"target\":[\"https:\/\/www.skimo.at\/sportler\/2387\/treten-bis-es-nicht-mehr-geht\/\"]}]},{\"@type\":\"BreadcrumbList\",\"@id\":\"https:\/\/www.skimo.at\/sportler\/2387\/treten-bis-es-nicht-mehr-geht\/#breadcrumb\",\"itemListElement\":[{\"@type\":\"ListItem\",\"position\":1,\"item\":{\"@type\":\"WebPage\",\"@id\":\"https:\/\/skimo.73.jarolim.eu\/sportler\/\",\"url\":\"https:\/\/skimo.73.jarolim.eu\/sportler\/\",\"name\":\"Home\"}},{\"@type\":\"ListItem\",\"position\":2,\"item\":{\"@id\":\"https:\/\/www.skimo.at\/sportler\/2387\/treten-bis-es-nicht-mehr-geht\/#webpage\"}}]},{\"@type\":\"Person\",\"@id\":\"https:\/\/skimo.73.jarolim.eu\/sportler\/#\/schema\/person\/89e18f4c3d09b5434dbc2dc0cefbcd30\",\"name\":\"aspielbuechler\",\"image\":{\"@type\":\"ImageObject\",\"@id\":\"https:\/\/skimo.73.jarolim.eu\/sportler\/#personlogo\",\"inLanguage\":\"de\",\"url\":\"https:\/\/secure.gravatar.com\/avatar\/1220d25619b41a33e4710c8b968dc56e?s=96&r=g\",\"contentUrl\":\"https:\/\/secure.gravatar.com\/avatar\/1220d25619b41a33e4710c8b968dc56e?s=96&r=g\",\"caption\":\"aspielbuechler\"},\"url\":\"https:\/\/www.skimo.at\/sportler\/author\/aspielbuechler\/\"}]}<\/script>\n<!-- \/ Yoast SEO plugin. -->","_links":{"self":[{"href":"https:\/\/www.skimo.at\/sportler\/wp-json\/wp\/v2\/posts\/2387"}],"collection":[{"href":"https:\/\/www.skimo.at\/sportler\/wp-json\/wp\/v2\/posts"}],"about":[{"href":"https:\/\/www.skimo.at\/sportler\/wp-json\/wp\/v2\/types\/post"}],"author":[{"embeddable":true,"href":"https:\/\/www.skimo.at\/sportler\/wp-json\/wp\/v2\/users\/4"}],"replies":[{"embeddable":true,"href":"https:\/\/www.skimo.at\/sportler\/wp-json\/wp\/v2\/comments?post=2387"}],"version-history":[{"count":2,"href":"https:\/\/www.skimo.at\/sportler\/wp-json\/wp\/v2\/posts\/2387\/revisions"}],"predecessor-version":[{"id":15628,"href":"https:\/\/www.skimo.at\/sportler\/wp-json\/wp\/v2\/posts\/2387\/revisions\/15628"}],"wp:featuredmedia":[{"embeddable":true,"href":"https:\/\/www.skimo.at\/sportler\/wp-json\/wp\/v2\/media\/2403"}],"wp:attachment":[{"href":"https:\/\/www.skimo.at\/sportler\/wp-json\/wp\/v2\/media?parent=2387"}],"wp:term":[{"taxonomy":"category","embeddable":true,"href":"https:\/\/www.skimo.at\/sportler\/wp-json\/wp\/v2\/categories?post=2387"},{"taxonomy":"post_tag","embeddable":true,"href":"https:\/\/www.skimo.at\/sportler\/wp-json\/wp\/v2\/tags?post=2387"}],"curies":[{"name":"wp","href":"https:\/\/api.w.org\/{rel}","templated":true}]}}